{"id":2147,"date":"2022-11-18T16:39:42","date_gmt":"2022-11-18T16:39:42","guid":{"rendered":"https:\/\/defrentealaverdad.com\/?p=2147"},"modified":"2022-11-18T16:39:42","modified_gmt":"2022-11-18T16:39:42","slug":"expofe-usa-desde-la-ciudad-del-amor-en-philadelphia-presento-generaciones-2022","status":"publish","type":"post","link":"https:\/\/defrentealaverdad.com\/index.php\/2022\/11\/18\/expofe-usa-desde-la-ciudad-del-amor-en-philadelphia-presento-generaciones-2022\/","title":{"rendered":"ExpoFe USA desde la Ciudad del Amor en Philadelphia present\u00f3 \u201cGeneraciones 2022\u201d"},"content":{"rendered":"<p><img decoding=\"async\" class=\"alignnone size-medium wp-image-2148 aligncenter lazyload\" data-src=\"https:\/\/defrentealaverdad.com\/wp-content\/uploads\/2022\/11\/b4a2ab4e-ea07-4704-b2ea-e0a9d33ab538-300x177.jpg\" alt=\"\" width=\"300\" height=\"177\" data-srcset=\"https:\/\/defrentealaverdad.com\/wp-content\/uploads\/2022\/11\/b4a2ab4e-ea07-4704-b2ea-e0a9d33ab538-300x177.jpg 300w, https:\/\/defrentealaverdad.com\/wp-content\/uploads\/2022\/11\/b4a2ab4e-ea07-4704-b2ea-e0a9d33ab538-1024x603.jpg 1024w, https:\/\/defrentealaverdad.com\/wp-content\/uploads\/2022\/11\/b4a2ab4e-ea07-4704-b2ea-e0a9d33ab538-768x452.jpg 768w, https:\/\/defrentealaverdad.com\/wp-content\/uploads\/2022\/11\/b4a2ab4e-ea07-4704-b2ea-e0a9d33ab538-1536x905.jpg 1536w, https:\/\/defrentealaverdad.com\/wp-content\/uploads\/2022\/11\/b4a2ab4e-ea07-4704-b2ea-e0a9d33ab538.jpg 2048w\" data-sizes=\"(max-width: 300px) 100vw, 300px\" src=\"data:image\/svg+xml;base64,PHN2ZyB3aWR0aD0iMSIgaGVpZ2h0PSIxIiB4bWxucz0iaHR0cDovL3d3dy53My5vcmcvMjAwMC9zdmciPjwvc3ZnPg==\" style=\"--smush-placeholder-width: 300px; --smush-placeholder-aspect-ratio: 300\/177;\" \/><\/p>\n<p style=\"text-align: justify;\"><strong>ExpoFe USA<\/strong> se visti\u00f3 de gala este a\u00f1o en su tercera edici\u00f3n, <strong>Generaciones 2022, s<\/strong>e marc\u00f3 un precedente con su lema F.U.E.L. que identifican los valores de ExpoFe USA, (Fe, Unidad, Esperanza, Liderazgo) d\u00f3nde cada una de estas \u00e1reas fueron notorias en sus diferentes momentos. Hubo l\u00e1grimas, risas y reflexi\u00f3n.<\/p>\n<p style=\"text-align: justify;\"><strong>ExpoFe USA,<\/strong> se caracteriz\u00f3 por ser un magno evento despertando en muchas personas fuera del estado y de otros pa\u00edses el anhelo de estar. Se experiment\u00f3 de manera tangible el prop\u00f3sito de ExpoFe USA uniendo a las empresas, la pol\u00edtica, la educaci\u00f3n y en el \u00e1rea social, siendo as\u00ed que las expectativas fueron cumplidas m\u00e1s all\u00e1 de lo planificado, Dios super\u00f3 las expectativas.<\/p>\n<p style=\"text-align: justify;\">Parte del esfuerzo de los organizadores y su equipo, fue el llevar conferencias puntuales y que cre\u00f3 un precedente en la comunidad all\u00ed presente.\u00a0 Se proyect\u00f3 un alto contenido de valor cubriendo las necesidades en las distintas \u00e1reas de empresas, familia, matrimonios, de la mujer y en los solteros.\u00a0 Realzando as\u00ed los valores que demarcan ExpoFe USA en el lema antes mencionado.<\/p>\n<p><img decoding=\"async\" class=\"alignnone size-medium wp-image-2150 lazyload\" data-src=\"https:\/\/defrentealaverdad.com\/wp-content\/uploads\/2022\/11\/29565eb5-e94a-4b03-b62e-9abdac2db5ec-289x300.jpg\" alt=\"\" width=\"289\" height=\"300\" data-srcset=\"https:\/\/defrentealaverdad.com\/wp-content\/uploads\/2022\/11\/29565eb5-e94a-4b03-b62e-9abdac2db5ec-289x300.jpg 289w, https:\/\/defrentealaverdad.com\/wp-content\/uploads\/2022\/11\/29565eb5-e94a-4b03-b62e-9abdac2db5ec-985x1024.jpg 985w, https:\/\/defrentealaverdad.com\/wp-content\/uploads\/2022\/11\/29565eb5-e94a-4b03-b62e-9abdac2db5ec-768x798.jpg 768w, https:\/\/defrentealaverdad.com\/wp-content\/uploads\/2022\/11\/29565eb5-e94a-4b03-b62e-9abdac2db5ec.jpg 1242w\" data-sizes=\"(max-width: 289px) 100vw, 289px\" src=\"data:image\/svg+xml;base64,PHN2ZyB3aWR0aD0iMSIgaGVpZ2h0PSIxIiB4bWxucz0iaHR0cDovL3d3dy53My5vcmcvMjAwMC9zdmciPjwvc3ZnPg==\" style=\"--smush-placeholder-width: 289px; --smush-placeholder-aspect-ratio: 289\/300;\" \/><\/p>\n<p style=\"text-align: justify;\">Se vivieron momentos muy especiales como el concierto de Ingrid Rosario que era la primera vez que estaba en la ciudad, se vivi\u00f3 un tiempo de adoraci\u00f3n, lleno de la Presencia de Dios.<br \/>\nSe debe destacar que en este evento la Sra. Edna Benavides CEO de GPL Magazine y ExpoFE USA, realiz\u00f3 un lanzamiento del <em>Ministerio Hadassah <strong>\u201cDise\u00f1o original hecho en el Cielo\u201d<\/strong><\/em> es un espacio para compartir entre mujeres temas que edificar\u00e1n a la familia y a las nuevas generaciones con el fin de conservar el dise\u00f1o original.<\/p>\n<p style=\"text-align: justify;\">La mujer Hadassah valora a la familia y la reconoce como el dise\u00f1o original de Dios<em><strong> \u201cJuntas brillamos con m\u00e1s fuerza\u201d.<\/strong><\/em><\/p>\n<p><img decoding=\"async\" class=\"alignnone size-medium wp-image-2149 aligncenter lazyload\" data-src=\"https:\/\/defrentealaverdad.com\/wp-content\/uploads\/2022\/11\/Latino-Diamond-Awards-300x169.png\" alt=\"\" width=\"300\" height=\"169\" data-srcset=\"https:\/\/defrentealaverdad.com\/wp-content\/uploads\/2022\/11\/Latino-Diamond-Awards-300x169.png 300w, https:\/\/defrentealaverdad.com\/wp-content\/uploads\/2022\/11\/Latino-Diamond-Awards.png 678w\" data-sizes=\"(max-width: 300px) 100vw, 300px\" src=\"data:image\/svg+xml;base64,PHN2ZyB3aWR0aD0iMSIgaGVpZ2h0PSIxIiB4bWxucz0iaHR0cDovL3d3dy53My5vcmcvMjAwMC9zdmciPjwvc3ZnPg==\" style=\"--smush-placeholder-width: 300px; --smush-placeholder-aspect-ratio: 300\/169;\" \/><\/p>\n<p style=\"text-align: justify;\">Adem\u00e1s, se llev\u00f3 a cabo el evento m\u00e1s esperado por todos, los Latino Diamond Awards, un acto muy hermoso porque est\u00e1 destinado a recaudar fondos para la misi\u00f3n de Drops of Love International, entidad Sin fines de lucros, que se dedica a ayudar a ni\u00f1os menos afortunados en los hospitales pedi\u00e1tricos con enfermedades terminales y entre otros, por ende, todo lo que se recauda del evento es para ayudar a cada ni\u00f1o a traer esperanza, felicidad y calidad de vida. Y en la noche del s\u00e1bado, 12 de noviembre del 2022 fue un desfile de talentos que exaltaron a Dios, tambi\u00e9n empresarios y l\u00edderes pol\u00edticos que est\u00e1n a favor de la comunidad. Este evento tuvo una intenci\u00f3n importante en cada persona nominada d\u00f3nde su historia, proceso de vida que es y seguir\u00e1 impactando a muchas personas. Fue una noche muy emotiva y lleno del amor inmensurable de Dios.<\/p>\n<p style=\"text-align: justify;\">Se cont\u00f3 con la presencia de l\u00edderes comunitarios, empresarios y pol\u00edticos que de una forma u otra est\u00e1n involucrados y marcando la diferencia en la ciudad de Philadelphia, en el pa\u00eds y el mundo, as\u00ed cumpliendo la intenci\u00f3n de la visi\u00f3n Glocal de ExpoFe USA.<\/p>\n<p>Fuente: Contexto Media Group<\/p>\n","protected":false},"excerpt":{"rendered":"<p>ExpoFe USA se visti\u00f3 de gala este a\u00f1o en su tercera edici\u00f3n, Generaciones 2022, se<\/p>\n","protected":false},"author":1,"featured_media":0,"comment_status":"open","ping_status":"open","sticky":false,"template":"","format":"standard","meta":{"footnotes":""},"categories":[6,16],"tags":[],"class_list":["post-2147","post","type-post","status-publish","format-standard","hentry","category-espectaculos","category-internacionales"],"_links":{"self":[{"href":"https:\/\/defrentealaverdad.com\/index.php\/wp-json\/wp\/v2\/posts\/2147","targetHints":{"allow":["GET"]}}],"collection":[{"href":"https:\/\/defrentealaverdad.com\/index.php\/wp-json\/wp\/v2\/posts"}],"about":[{"href":"https:\/\/defrentealaverdad.com\/index.php\/wp-json\/wp\/v2\/types\/post"}],"author":[{"embeddable":true,"href":"https:\/\/defrentealaverdad.com\/index.php\/wp-json\/wp\/v2\/users\/1"}],"replies":[{"embeddable":true,"href":"https:\/\/defrentealaverdad.com\/index.php\/wp-json\/wp\/v2\/comments?post=2147"}],"version-history":[{"count":1,"href":"https:\/\/defrentealaverdad.com\/index.php\/wp-json\/wp\/v2\/posts\/2147\/revisions"}],"predecessor-version":[{"id":2151,"href":"https:\/\/defrentealaverdad.com\/index.php\/wp-json\/wp\/v2\/posts\/2147\/revisions\/2151"}],"wp:attachment":[{"href":"https:\/\/defrentealaverdad.com\/index.php\/wp-json\/wp\/v2\/media?parent=2147"}],"wp:term":[{"taxonomy":"category","embeddable":true,"href":"https:\/\/defrentealaverdad.com\/index.php\/wp-json\/wp\/v2\/categories?post=2147"},{"taxonomy":"post_tag","embeddable":true,"href":"https:\/\/defrentealaverdad.com\/index.php\/wp-json\/wp\/v2\/tags?post=2147"}],"curies":[{"name":"wp","href":"https:\/\/api.w.org\/{rel}","templated":true}]}}