{"id":2143,"date":"2022-11-18T16:34:11","date_gmt":"2022-11-18T16:34:11","guid":{"rendered":"https:\/\/defrentealaverdad.com\/?p=2143"},"modified":"2022-11-18T16:34:11","modified_gmt":"2022-11-18T16:34:11","slug":"miguel-vargas-asegura-este-pais-es-una-bomba-de-tiempo","status":"publish","type":"post","link":"https:\/\/defrentealaverdad.com\/index.php\/2022\/11\/18\/miguel-vargas-asegura-este-pais-es-una-bomba-de-tiempo\/","title":{"rendered":"Miguel Vargas asegura este pa\u00eds es una \u201cbomba de tiempo\u201d"},"content":{"rendered":"<p><img decoding=\"async\" class=\"size-medium wp-image-2144 aligncenter lazyload\" data-src=\"https:\/\/defrentealaverdad.com\/wp-content\/uploads\/2022\/11\/5bcf7f29-ab7d-4d1f-815d-f62fadae3255-300x170.jpg\" alt=\"\" width=\"300\" height=\"170\" data-srcset=\"https:\/\/defrentealaverdad.com\/wp-content\/uploads\/2022\/11\/5bcf7f29-ab7d-4d1f-815d-f62fadae3255-300x170.jpg 300w, https:\/\/defrentealaverdad.com\/wp-content\/uploads\/2022\/11\/5bcf7f29-ab7d-4d1f-815d-f62fadae3255-1024x582.jpg 1024w, https:\/\/defrentealaverdad.com\/wp-content\/uploads\/2022\/11\/5bcf7f29-ab7d-4d1f-815d-f62fadae3255-768x436.jpg 768w, https:\/\/defrentealaverdad.com\/wp-content\/uploads\/2022\/11\/5bcf7f29-ab7d-4d1f-815d-f62fadae3255-800x450.jpg 800w, https:\/\/defrentealaverdad.com\/wp-content\/uploads\/2022\/11\/5bcf7f29-ab7d-4d1f-815d-f62fadae3255.jpg 1280w\" data-sizes=\"(max-width: 300px) 100vw, 300px\" src=\"data:image\/svg+xml;base64,PHN2ZyB3aWR0aD0iMSIgaGVpZ2h0PSIxIiB4bWxucz0iaHR0cDovL3d3dy53My5vcmcvMjAwMC9zdmciPjwvc3ZnPg==\" style=\"--smush-placeholder-width: 300px; --smush-placeholder-aspect-ratio: 300\/170;\" \/><\/p>\n<p style=\"text-align: justify;\">Santo Domingo.-El excanciller de la Rep\u00fablica, Miguel Vargas Maldonado, asegur\u00f3 que <em>\u201csin comida, empleo, luz y sin seguridad este pa\u00eds es una bomba de tiempo\u201d.<\/em><\/p>\n<p style=\"text-align: justify;\">Vargas, afirm\u00f3 que la falta de empleos, delincuencia y la crisis migratoria, amenazan la estabilidad econ\u00f3mica, pol\u00edtica y social de nuestro pa\u00eds.<\/p>\n<p style=\"text-align: justify;\"><em>\u201cLa crisis de inseguridad que padece la naci\u00f3n, adem\u00e1s de alterar la paz y trastornar la alegr\u00eda que caracteriza a los dominicanos, pone en evidencia la incapacidad de la actual administraci\u00f3n para enfrentar la criminalidad en sus distintas manifestaciones\u201d,<\/em> a\u00f1adi\u00f3.<\/p>\n<p style=\"text-align: justify;\">Vargas agreg\u00f3 que <em>\u201cen lugar de buscar la fiebre en las s\u00e1banas, el gobierno debe enfocar sus esfuerzos en detener el auge del sicariato y de la nueva modalidad de secuestro expr\u00e9s que golpea gravemente a la clase media dominicana\u201d.<\/em><\/p>\n<p style=\"text-align: justify;\"><em>\u201cS\u00f3lo con una verdadera estrategia de seguridad ciudadana, que implique una mayor inversi\u00f3n en mejorar las condiciones de trabajo de la Polic\u00eda Nacional, el Ministerio P\u00fablico y el Poder Judicial, con el concurso de todos los sectores del pa\u00eds en su implementaci\u00f3n, podremos salir de esta crisis\u201d,<\/em> finaliz\u00f3.<\/p>\n<p style=\"text-align: justify;\">\n<p>Fuente: Externa<\/p>\n","protected":false},"excerpt":{"rendered":"<p>Santo Domingo.-El excanciller de la Rep\u00fablica, Miguel Vargas Maldonado, asegur\u00f3 que \u201csin comida, empleo, luz<\/p>\n","protected":false},"author":1,"featured_media":0,"comment_status":"open","ping_status":"open","sticky":false,"template":"","format":"standard","meta":{"footnotes":""},"categories":[7,4],"tags":[],"class_list":["post-2143","post","type-post","status-publish","format-standard","hentry","category-nacionales","category-opiniones"],"_links":{"self":[{"href":"https:\/\/defrentealaverdad.com\/index.php\/wp-json\/wp\/v2\/posts\/2143","targetHints":{"allow":["GET"]}}],"collection":[{"href":"https:\/\/defrentealaverdad.com\/index.php\/wp-json\/wp\/v2\/posts"}],"about":[{"href":"https:\/\/defrentealaverdad.com\/index.php\/wp-json\/wp\/v2\/types\/post"}],"author":[{"embeddable":true,"href":"https:\/\/defrentealaverdad.com\/index.php\/wp-json\/wp\/v2\/users\/1"}],"replies":[{"embeddable":true,"href":"https:\/\/defrentealaverdad.com\/index.php\/wp-json\/wp\/v2\/comments?post=2143"}],"version-history":[{"count":1,"href":"https:\/\/defrentealaverdad.com\/index.php\/wp-json\/wp\/v2\/posts\/2143\/revisions"}],"predecessor-version":[{"id":2145,"href":"https:\/\/defrentealaverdad.com\/index.php\/wp-json\/wp\/v2\/posts\/2143\/revisions\/2145"}],"wp:attachment":[{"href":"https:\/\/defrentealaverdad.com\/index.php\/wp-json\/wp\/v2\/media?parent=2143"}],"wp:term":[{"taxonomy":"category","embeddable":true,"href":"https:\/\/defrentealaverdad.com\/index.php\/wp-json\/wp\/v2\/categories?post=2143"},{"taxonomy":"post_tag","embeddable":true,"href":"https:\/\/defrentealaverdad.com\/index.php\/wp-json\/wp\/v2\/tags?post=2143"}],"curies":[{"name":"wp","href":"https:\/\/api.w.org\/{rel}","templated":true}]}}