{"id":21386,"date":"2024-07-24T13:14:23","date_gmt":"2024-07-24T13:14:23","guid":{"rendered":"https:\/\/defrentealaverdad.com\/?p=21386"},"modified":"2024-07-24T13:14:23","modified_gmt":"2024-07-24T13:14:23","slug":"regidor-michael-matos-propone-declarar-al-pelotero-adrian-beltre-hijo-distinguido-de-santo-domingo-oeste","status":"publish","type":"post","link":"https:\/\/defrentealaverdad.com\/index.php\/2024\/07\/24\/regidor-michael-matos-propone-declarar-al-pelotero-adrian-beltre-hijo-distinguido-de-santo-domingo-oeste\/","title":{"rendered":"Regidor Michael Matos propone declarar al pelotero Adri\u00e1n Beltre, \u201cHijo Distinguido\u201d de Santo Domingo Oeste.\u00a0"},"content":{"rendered":"<p><img decoding=\"async\" class=\"size-medium wp-image-21387 alignleft lazyload\" data-src=\"https:\/\/defrentealaverdad.com\/wp-content\/uploads\/2024\/07\/IMG-20240724-WA0025-300x300.jpg\" alt=\"\" width=\"300\" height=\"300\" data-srcset=\"https:\/\/defrentealaverdad.com\/wp-content\/uploads\/2024\/07\/IMG-20240724-WA0025-300x300.jpg 300w, https:\/\/defrentealaverdad.com\/wp-content\/uploads\/2024\/07\/IMG-20240724-WA0025-150x150.jpg 150w, https:\/\/defrentealaverdad.com\/wp-content\/uploads\/2024\/07\/IMG-20240724-WA0025-768x768.jpg 768w, https:\/\/defrentealaverdad.com\/wp-content\/uploads\/2024\/07\/IMG-20240724-WA0025.jpg 800w\" data-sizes=\"(max-width: 300px) 100vw, 300px\" src=\"data:image\/svg+xml;base64,PHN2ZyB3aWR0aD0iMSIgaGVpZ2h0PSIxIiB4bWxucz0iaHR0cDovL3d3dy53My5vcmcvMjAwMC9zdmciPjwvc3ZnPg==\" style=\"--smush-placeholder-width: 300px; --smush-placeholder-aspect-ratio: 300\/300;\" \/><\/p>\n<p style=\"text-align: justify;\">Santo Domingo Oeste,-El Regidor Michael Matos, del Municipio Santo Domingo Oeste, ha depositado una propuesta ante la secretaria del Concejo de Regidores para declarar al destacado pelotero dominicano Adri\u00e1n Beltr\u00e9 como Hijo Distinguido de esta localidad. Esta iniciativa surge como reconocimiento al impacto significativo que Beltr\u00e9 ha tenido en el \u00e1mbito del b\u00e9isbol profesional, llevando en alto el nombre de Rep\u00fablica Dominicana a nivel internacional.<\/p>\n<p style=\"text-align: justify;\">Adri\u00e1n Beltr\u00e9, nacido en el Caf\u00e9 de Herrera, Santo Domingo Oeste, ha sido una figura emblem\u00e1tica en las Grandes Ligas de B\u00e9isbol, destac\u00e1ndose no solo por su destreza en el campo, sino tambi\u00e9n por su \u00e9tica de trabajo ejemplar y su compromiso con valores que inspiran a j\u00f3venes deportistas dominicanos. A lo largo de su carrera, ha acumulado numerosos logros y reconocimientos, incluyendo m\u00faltiples premios y distinciones por su contribuci\u00f3n al deporte, siendo recientemente exaltado al Sal\u00f3n de la Fama, el m\u00e1s grande. Reconocimiento que puede Recibir un pelotero.<\/p>\n<p style=\"text-align: justify;\">El Regidor Michael Matos expres\u00f3 que esta propuesta busca honrar y perpetuar el legado de Adri\u00e1n Beltr\u00e9, quien no solo ha brillado en el deporte, sino que tambi\u00e9n ha sido un embajador positivo para la comunidad dominicana a nivel mundial.<\/p>\n<p style=\"text-align: justify;\">La declaraci\u00f3n como Hijo Distinguido de Santo Domingo Oeste ser\u00eda un gesto significativo de gratitud y admiraci\u00f3n hacia un verdadero \u00edcono del b\u00e9isbol dominicano y mundial. Y se espera que la propuesta sea discutida en el Ayuntamiento Municipal de Santo Domingo Oeste en las pr\u00f3ximas semanas, con el respaldo de diversos sectores que reconocen la importancia de Adri\u00e1n Beltr\u00e9 como ejemplo de excelencia deportiva y humana.<\/p>\n<p>Fuente: Concejo de Regidores SDO<\/p>\n","protected":false},"excerpt":{"rendered":"<p>Santo Domingo Oeste,-El Regidor Michael Matos, del Municipio Santo Domingo Oeste, ha depositado una propuesta<\/p>\n","protected":false},"author":2,"featured_media":0,"comment_status":"open","ping_status":"open","sticky":false,"template":"","format":"standard","meta":{"footnotes":""},"categories":[3,7],"tags":[],"class_list":["post-21386","post","type-post","status-publish","format-standard","hentry","category-deportes","category-nacionales"],"_links":{"self":[{"href":"https:\/\/defrentealaverdad.com\/index.php\/wp-json\/wp\/v2\/posts\/21386","targetHints":{"allow":["GET"]}}],"collection":[{"href":"https:\/\/defrentealaverdad.com\/index.php\/wp-json\/wp\/v2\/posts"}],"about":[{"href":"https:\/\/defrentealaverdad.com\/index.php\/wp-json\/wp\/v2\/types\/post"}],"author":[{"embeddable":true,"href":"https:\/\/defrentealaverdad.com\/index.php\/wp-json\/wp\/v2\/users\/2"}],"replies":[{"embeddable":true,"href":"https:\/\/defrentealaverdad.com\/index.php\/wp-json\/wp\/v2\/comments?post=21386"}],"version-history":[{"count":1,"href":"https:\/\/defrentealaverdad.com\/index.php\/wp-json\/wp\/v2\/posts\/21386\/revisions"}],"predecessor-version":[{"id":21388,"href":"https:\/\/defrentealaverdad.com\/index.php\/wp-json\/wp\/v2\/posts\/21386\/revisions\/21388"}],"wp:attachment":[{"href":"https:\/\/defrentealaverdad.com\/index.php\/wp-json\/wp\/v2\/media?parent=21386"}],"wp:term":[{"taxonomy":"category","embeddable":true,"href":"https:\/\/defrentealaverdad.com\/index.php\/wp-json\/wp\/v2\/categories?post=21386"},{"taxonomy":"post_tag","embeddable":true,"href":"https:\/\/defrentealaverdad.com\/index.php\/wp-json\/wp\/v2\/tags?post=21386"}],"curies":[{"name":"wp","href":"https:\/\/api.w.org\/{rel}","templated":true}]}}