{"id":21378,"date":"2024-07-24T00:33:24","date_gmt":"2024-07-24T00:33:24","guid":{"rendered":"https:\/\/defrentealaverdad.com\/?p=21378"},"modified":"2024-07-24T00:33:24","modified_gmt":"2024-07-24T00:33:24","slug":"fundacion-sur-futuro-y-pnud-acuerdan-trabajar-juntos-para-promover-el-desarrollo-sostenible-de-pedernales-barahona-e-independencia","status":"publish","type":"post","link":"https:\/\/defrentealaverdad.com\/index.php\/2024\/07\/24\/fundacion-sur-futuro-y-pnud-acuerdan-trabajar-juntos-para-promover-el-desarrollo-sostenible-de-pedernales-barahona-e-independencia\/","title":{"rendered":"Fundaci\u00f3n Sur Futuro y PNUD acuerdan trabajar juntos para promover el desarrollo sostenible de Pedernales, Barahona e Independencia"},"content":{"rendered":"<header>\n<div class=\"d-flex align-items-center justify-content-end\" style=\"text-align: justify;\">\n<div class=\"news-date\"><\/div>\n<\/div>\n<\/header>\n<div class=\"node__content clearfix\">\n<div class=\"main-news-image\" style=\"text-align: justify;\">\n<div class=\"field field--name-field-image field--type-image field--label-hidden field__item\"><img decoding=\"async\" class=\"image-style-large lazyload\" data-src=\"https:\/\/www.presidencia.gob.do\/sites\/default\/files\/styles\/large\/public\/news\/2024-07\/_DSC2786-2.jpg?itok=Ed6gczSe\" alt=\"Agua\" width=\"1300\" height=\"731\" src=\"data:image\/svg+xml;base64,PHN2ZyB3aWR0aD0iMSIgaGVpZ2h0PSIxIiB4bWxucz0iaHR0cDovL3d3dy53My5vcmcvMjAwMC9zdmciPjwvc3ZnPg==\" style=\"--smush-placeholder-width: 1300px; --smush-placeholder-aspect-ratio: 1300\/731;\" \/><\/div>\n<\/div>\n<div class=\"main-news-content\">\n<div class=\"row\">\n<div class=\"col-lg-10 offset-lg-1 right\">\n<div class=\"news-social mb-2 mb-lg-3\" style=\"text-align: justify;\">\n<div class=\"row align-items-center justify-content-between\">\n<div class=\"mb-2 mb-sm-0 col-sm-3\"><span class=\"mb-1 d-block\">Compartir:<\/span><\/p>\n<div id=\"st-1\" class=\"sharethis-inline-share-buttons st-left st-lang-es  st-inline-share-buttons st-animated\">\n<div class=\"st-btn st-first st-remove-label\" data-network=\"facebook\"><img decoding=\"async\" data-src=\"https:\/\/platform-cdn.sharethis.com\/img\/facebook.svg\" alt=\"facebook sharing button\" src=\"data:image\/svg+xml;base64,PHN2ZyB3aWR0aD0iMSIgaGVpZ2h0PSIxIiB4bWxucz0iaHR0cDovL3d3dy53My5vcmcvMjAwMC9zdmciPjwvc3ZnPg==\" class=\"lazyload\" \/><\/div>\n<div class=\"st-btn st-remove-label\" data-network=\"twitter\"><img decoding=\"async\" data-src=\"https:\/\/platform-cdn.sharethis.com\/img\/twitter.svg\" alt=\"twitter sharing button\" src=\"data:image\/svg+xml;base64,PHN2ZyB3aWR0aD0iMSIgaGVpZ2h0PSIxIiB4bWxucz0iaHR0cDovL3d3dy53My5vcmcvMjAwMC9zdmciPjwvc3ZnPg==\" class=\"lazyload\" \/><\/div>\n<div class=\"st-btn st-last st-remove-label\" data-network=\"sharethis\"><img decoding=\"async\" data-src=\"https:\/\/platform-cdn.sharethis.com\/img\/sharethis.svg\" alt=\"sharethis sharing button\" src=\"data:image\/svg+xml;base64,PHN2ZyB3aWR0aD0iMSIgaGVpZ2h0PSIxIiB4bWxucz0iaHR0cDovL3d3dy53My5vcmcvMjAwMC9zdmciPjwvc3ZnPg==\" class=\"lazyload\" \/><\/div>\n<\/div>\n<\/div>\n<div class=\"news-content-banner col-sm-9 mb-3 mb-sm-0\">\n<div id=\"block-views-block-banners-block-news-content-banner\" class=\"views-element-container block block-views block-views-blockbanners-block-news-content-banner w-100\">\n<div class=\"content\">\n<div class=\"view view-banners view-id-banners view-display-id-block_news_content_banner js-view-dom-id-16517ebf7ed7bbd4b053bc6f429c57df88f6e046333eac34a2f180966093d1b2\"><\/div>\n<\/div>\n<\/div>\n<\/div>\n<\/div>\n<\/div>\n<div class=\"clearfix text-formatted field field--name-body field--type-text-with-summary field--label-hidden field__item\">\n<p dir=\"ltr\" style=\"text-align: justify;\">Santo Domingo.-\u00a0<strong>La Fundaci\u00f3n Sur Futuro<\/strong>\u00a0y el Programa de las Naciones Unidas para el Desarrollo\u00a0<strong>(PNUD)<\/strong>\u00a0firmaron este lunes un acuerdo que crea un plan de trabajo para el\u00a0<strong>desarrollo sostenible de la regi\u00f3n de Enriquillo<\/strong>, espec\u00edficamente las provincias de\u00a0<strong>Pedernales, Barahona e Independencia<\/strong>, enfocado en fortalecer la productividad,\u00a0<strong>competitividad y resiliencia de las mipymes<\/strong>\u00a0de la regi\u00f3n.<\/p>\n<p dir=\"ltr\" style=\"text-align: justify;\">El acuerdo fue firmado por\u00a0<strong>Inka Mattila<\/strong>, representante residente del PNUD, y\u00a0<strong>Melba Segura de Grull\u00f3n<\/strong>, presidente de la Fundaci\u00f3n Sur Futuro.<\/p>\n<p dir=\"ltr\" style=\"text-align: justify;\">El acuerdo establece la realizaci\u00f3n de diagn\u00f3sticos y la implementaci\u00f3n de\u00a0<strong>capacitaciones y asistencia t\u00e9cnica especializada<\/strong>\u00a0a micro, peque\u00f1as y medianas empresas, con un enfoque prioritario en\u00a0<strong>digitalizaci\u00f3n, innovaci\u00f3n, sostenibilidad ambiental, inclusi\u00f3n e igualdad de g\u00e9nero.<\/strong><\/p>\n<p dir=\"ltr\" style=\"text-align: justify;\">Tambi\u00e9n contempla el\u00a0<strong>apoyo al gobierno nacional, local y comunidades<\/strong>\u00a0en su preparaci\u00f3n ante\u00a0<strong>choques y riesgos clim\u00e1ticos, as\u00ed como otras amenazas naturales<\/strong>, la adopci\u00f3n de pr\u00e1cticas y enfoques basados en la naturaleza en sectores de\u00a0<strong>turismo y agricultura<\/strong>, y la lucha contra la\u00a0<strong>contaminaci\u00f3n<\/strong>.<\/p>\n<p dir=\"ltr\" style=\"text-align: justify;\">Para implementarlo, ambas partes se comprometen a desarrollar habilidades empresariales a mipymes, promoviendo espacios de capacitaci\u00f3n para personas empresarias y trabajadores, en t\u00e9cnicas de mejora de procesos y habilidades financieras, incluyendo un enfoque de inclusi\u00f3n, igualdad de g\u00e9nero y sostenibilidad. Asimismo, fomentar la\u00a0<strong>cultura emprendedora<\/strong>\u00a0mediante la identificaci\u00f3n y promoci\u00f3n de\u00a0<strong>oportunidades de negocio innovadoras.<\/strong><\/p>\n<p dir=\"ltr\" style=\"text-align: justify;\">Al firmar el acuerdo, Melba Segura de Grull\u00f3n expres\u00f3 que\u00a0<em>\u201cel mundo se adentra hoy en lo que el secretario General de Naciones Unidas, calific\u00f3 como \u2018crisis clim\u00e1tica\u2019 sin precedentes. Yo la llamo \u2018la crisis silenciosa\u2019, pues sus efectos se agravan cada d\u00eda, casi sin que nos demos cuenta, pues todos los d\u00edas el mar aumenta su nivel un poco m\u00e1s, todos los d\u00edas la temperatura se hace m\u00e1s calurosa y todos los d\u00edas las lluvias se hacen m\u00e1s escasas. Esto hace m\u00e1s oportuna que nunca la renovaci\u00f3n de la uni\u00f3n de Sur Futuro y el PNUD con este acuerdo que firmamos hoy. Tenemos que enfrentar juntos esta crisis silenciosa, construyendo resiliencia y preparaci\u00f3n ante riesgos clim\u00e1ticos con nuevos y m\u00faltiples programas y proyectos\u201d.<\/em><\/p>\n<p dir=\"ltr\" style=\"text-align: justify;\"><em>\u201cCon este acuerdo lanzamos un SOS por el sur ante la crisis silenciosa del cambio clim\u00e1tico. En el sur siempre ha hecho mucho calor y ha tenido poca agua. Y ahora se nos dice que tendremos m\u00e1s calor y menos agua. Estamos demostrando nuestro compromiso para garantizar un futuro digno con la participaci\u00f3n de la mujer, de los j\u00f3venes, con respeto a los derechos humanos de todos y en un medio ambiente sano sobre el cual construir el desarrollo sostenible para esas poblaciones, hasta ahora las m\u00e1s olvidadas del pa\u00eds\u201d.<\/em><\/p>\n<p dir=\"ltr\" style=\"text-align: justify;\">Mientras que Inka Mattila, expres\u00f3\u00a0<em>que \u00ablos datos de la plataforma territorial de desarrollo humano del PNUD muestran que la regi\u00f3n de Enriquillo tiene uno de los mayores rezagos en desarrollo humano en comparaci\u00f3n con las dem\u00e1s \u00e1reas del pa\u00eds. La Rep\u00fablica Dominicana ha perdido alrededor de un 22 % de su potencial de desarrollo humano debido a las brechas de desigualdad territoriales en el acceso a servicios sociales b\u00e1sicos en salud, educaci\u00f3n y generaci\u00f3n de ingresos. Desde la oficina del PNUD en Rep\u00fablica Dominicana trabajamos para apoyar la generaci\u00f3n de pol\u00edticas p\u00fablicas basadas en evidencia con mirada desde los territorios, as\u00ed como iniciativas como esta centradas en lo local\u201d.<\/em><\/p>\n<p style=\"text-align: justify;\">A trav\u00e9s del acuerdo, adem\u00e1s de promover espacios de capacitaci\u00f3n para peque\u00f1os emprendedores, se impulsar\u00e1 la adopci\u00f3n de\u00a0<strong>tecnolog\u00edas digitales en los procesos productivos y comerciales<\/strong>\u00a0de las mipymes, se fomentar\u00e1n pr\u00e1cticas empresariales que contribuyan a la\u00a0<strong>sostenibilidad ambiental y social<\/strong>\u00a0de la industria local, as\u00ed como la promoci\u00f3n de\u00a0<strong>encadenamientos productivos<\/strong>, se construir\u00e1 resiliencia y preparaci\u00f3n ante riesgos clim\u00e1ticos y otros riesgos, y se promover\u00e1n herramientas y pr\u00e1cticas de\u00a0<strong>agricultura y turismo sostenible<\/strong>, con un enfoque inclusivo y sensible al g\u00e9nero.<\/p>\n<p>Fuente: Sur Futuro<\/p>\n<\/div>\n<\/div>\n<\/div>\n<\/div>\n<\/div>\n","protected":false},"excerpt":{"rendered":"<p>Compartir: Santo Domingo.-\u00a0La Fundaci\u00f3n Sur Futuro\u00a0y el Programa de las Naciones Unidas para el Desarrollo\u00a0(PNUD)\u00a0firmaron<\/p>\n","protected":false},"author":2,"featured_media":0,"comment_status":"open","ping_status":"open","sticky":false,"template":"","format":"standard","meta":{"footnotes":""},"categories":[7],"tags":[],"class_list":["post-21378","post","type-post","status-publish","format-standard","hentry","category-nacionales"],"_links":{"self":[{"href":"https:\/\/defrentealaverdad.com\/index.php\/wp-json\/wp\/v2\/posts\/21378","targetHints":{"allow":["GET"]}}],"collection":[{"href":"https:\/\/defrentealaverdad.com\/index.php\/wp-json\/wp\/v2\/posts"}],"about":[{"href":"https:\/\/defrentealaverdad.com\/index.php\/wp-json\/wp\/v2\/types\/post"}],"author":[{"embeddable":true,"href":"https:\/\/defrentealaverdad.com\/index.php\/wp-json\/wp\/v2\/users\/2"}],"replies":[{"embeddable":true,"href":"https:\/\/defrentealaverdad.com\/index.php\/wp-json\/wp\/v2\/comments?post=21378"}],"version-history":[{"count":1,"href":"https:\/\/defrentealaverdad.com\/index.php\/wp-json\/wp\/v2\/posts\/21378\/revisions"}],"predecessor-version":[{"id":21379,"href":"https:\/\/defrentealaverdad.com\/index.php\/wp-json\/wp\/v2\/posts\/21378\/revisions\/21379"}],"wp:attachment":[{"href":"https:\/\/defrentealaverdad.com\/index.php\/wp-json\/wp\/v2\/media?parent=21378"}],"wp:term":[{"taxonomy":"category","embeddable":true,"href":"https:\/\/defrentealaverdad.com\/index.php\/wp-json\/wp\/v2\/categories?post=21378"},{"taxonomy":"post_tag","embeddable":true,"href":"https:\/\/defrentealaverdad.com\/index.php\/wp-json\/wp\/v2\/tags?post=21378"}],"curies":[{"name":"wp","href":"https:\/\/api.w.org\/{rel}","templated":true}]}}