{"id":21357,"date":"2024-07-23T22:10:43","date_gmt":"2024-07-23T22:10:43","guid":{"rendered":"https:\/\/defrentealaverdad.com\/?p=21357"},"modified":"2024-07-23T22:10:43","modified_gmt":"2024-07-23T22:10:43","slug":"fodearte-imparte-taller-a-mas-de-25-hijos-y-familiares-de-colaboradores-de-la-institucion","status":"publish","type":"post","link":"https:\/\/defrentealaverdad.com\/index.php\/2024\/07\/23\/fodearte-imparte-taller-a-mas-de-25-hijos-y-familiares-de-colaboradores-de-la-institucion\/","title":{"rendered":"FODEARTE imparte taller a m\u00e1s de 25 hijos y familiares de colaboradores de la instituci\u00f3n."},"content":{"rendered":"<p style=\"text-align: justify;\"><img decoding=\"async\" class=\"size-medium wp-image-21358 alignleft lazyload\" data-src=\"https:\/\/defrentealaverdad.com\/wp-content\/uploads\/2024\/07\/IMG-20240723-WA0220-300x200.jpg\" alt=\"\" width=\"300\" height=\"200\" data-srcset=\"https:\/\/defrentealaverdad.com\/wp-content\/uploads\/2024\/07\/IMG-20240723-WA0220-300x200.jpg 300w, https:\/\/defrentealaverdad.com\/wp-content\/uploads\/2024\/07\/IMG-20240723-WA0220-1024x682.jpg 1024w, https:\/\/defrentealaverdad.com\/wp-content\/uploads\/2024\/07\/IMG-20240723-WA0220-768x512.jpg 768w, https:\/\/defrentealaverdad.com\/wp-content\/uploads\/2024\/07\/IMG-20240723-WA0220-1536x1023.jpg 1536w, https:\/\/defrentealaverdad.com\/wp-content\/uploads\/2024\/07\/IMG-20240723-WA0220.jpg 1600w\" data-sizes=\"(max-width: 300px) 100vw, 300px\" src=\"data:image\/svg+xml;base64,PHN2ZyB3aWR0aD0iMSIgaGVpZ2h0PSIxIiB4bWxucz0iaHR0cDovL3d3dy53My5vcmcvMjAwMC9zdmciPjwvc3ZnPg==\" style=\"--smush-placeholder-width: 300px; --smush-placeholder-aspect-ratio: 300\/200;\" \/>\u00a0La Direcci\u00f3n de Fomento y Desarrollo de la Artesania(Fodearte), impartio un taller de pulseras y alfareria a m\u00e1s de 25 hijos y familiares de colaboradores de la instituci\u00f3n con el proposito de mantener viva las artes en la presente y fururas generaciones.<\/p>\n<p style=\"text-align: justify;\">El director de Fodearte, Ram\u00f3n Guillen, al hacer uso de la palabra dijo, que el objetivo de esta actividad se enmarca dentro de los planes de la institucion de fomentar la creatividad en los futuros hombres y mujeres del ma\u00f1ana para que por medio a ellos se mantengan vivas nuestras raices Culturales y nuestra identidad. <img decoding=\"async\" class=\"size-medium wp-image-21359 alignright lazyload\" data-src=\"https:\/\/defrentealaverdad.com\/wp-content\/uploads\/2024\/07\/IMG-20240723-WA0221-300x200.jpg\" alt=\"\" width=\"300\" height=\"200\" data-srcset=\"https:\/\/defrentealaverdad.com\/wp-content\/uploads\/2024\/07\/IMG-20240723-WA0221-300x200.jpg 300w, https:\/\/defrentealaverdad.com\/wp-content\/uploads\/2024\/07\/IMG-20240723-WA0221-1024x682.jpg 1024w, https:\/\/defrentealaverdad.com\/wp-content\/uploads\/2024\/07\/IMG-20240723-WA0221-768x512.jpg 768w, https:\/\/defrentealaverdad.com\/wp-content\/uploads\/2024\/07\/IMG-20240723-WA0221-1536x1023.jpg 1536w, https:\/\/defrentealaverdad.com\/wp-content\/uploads\/2024\/07\/IMG-20240723-WA0221.jpg 1600w\" data-sizes=\"(max-width: 300px) 100vw, 300px\" src=\"data:image\/svg+xml;base64,PHN2ZyB3aWR0aD0iMSIgaGVpZ2h0PSIxIiB4bWxucz0iaHR0cDovL3d3dy53My5vcmcvMjAwMC9zdmciPjwvc3ZnPg==\" style=\"--smush-placeholder-width: 300px; --smush-placeholder-aspect-ratio: 300\/200;\" \/><\/p>\n<p style=\"text-align: justify;\">Los participantes mostraron gran entusiasmo y participaci\u00f3n en cada uno de los pasos de los talleres impartidos.<\/p>\n<p style=\"text-align: justify;\">La actividad fue organizada por el departamento de Recursos Humanos y coordinada por su encargada la Lic. Jacquelin Vitini.<\/p>\n<p>Fuente: RR. HH. FODEARTE<\/p>\n","protected":false},"excerpt":{"rendered":"<p>\u00a0La Direcci\u00f3n de Fomento y Desarrollo de la Artesania(Fodearte), impartio un taller de pulseras y<\/p>\n","protected":false},"author":2,"featured_media":0,"comment_status":"open","ping_status":"open","sticky":false,"template":"","format":"standard","meta":{"footnotes":""},"categories":[7],"tags":[],"class_list":["post-21357","post","type-post","status-publish","format-standard","hentry","category-nacionales"],"_links":{"self":[{"href":"https:\/\/defrentealaverdad.com\/index.php\/wp-json\/wp\/v2\/posts\/21357","targetHints":{"allow":["GET"]}}],"collection":[{"href":"https:\/\/defrentealaverdad.com\/index.php\/wp-json\/wp\/v2\/posts"}],"about":[{"href":"https:\/\/defrentealaverdad.com\/index.php\/wp-json\/wp\/v2\/types\/post"}],"author":[{"embeddable":true,"href":"https:\/\/defrentealaverdad.com\/index.php\/wp-json\/wp\/v2\/users\/2"}],"replies":[{"embeddable":true,"href":"https:\/\/defrentealaverdad.com\/index.php\/wp-json\/wp\/v2\/comments?post=21357"}],"version-history":[{"count":1,"href":"https:\/\/defrentealaverdad.com\/index.php\/wp-json\/wp\/v2\/posts\/21357\/revisions"}],"predecessor-version":[{"id":21360,"href":"https:\/\/defrentealaverdad.com\/index.php\/wp-json\/wp\/v2\/posts\/21357\/revisions\/21360"}],"wp:attachment":[{"href":"https:\/\/defrentealaverdad.com\/index.php\/wp-json\/wp\/v2\/media?parent=21357"}],"wp:term":[{"taxonomy":"category","embeddable":true,"href":"https:\/\/defrentealaverdad.com\/index.php\/wp-json\/wp\/v2\/categories?post=21357"},{"taxonomy":"post_tag","embeddable":true,"href":"https:\/\/defrentealaverdad.com\/index.php\/wp-json\/wp\/v2\/tags?post=21357"}],"curies":[{"name":"wp","href":"https:\/\/api.w.org\/{rel}","templated":true}]}}