{"id":21354,"date":"2024-07-23T22:08:21","date_gmt":"2024-07-23T22:08:21","guid":{"rendered":"https:\/\/defrentealaverdad.com\/?p=21354"},"modified":"2024-07-23T22:08:21","modified_gmt":"2024-07-23T22:08:21","slug":"jose-torres-y-teleuniverso-canal-29-presentan-dialogos-de-poder","status":"publish","type":"post","link":"https:\/\/defrentealaverdad.com\/index.php\/2024\/07\/23\/jose-torres-y-teleuniverso-canal-29-presentan-dialogos-de-poder\/","title":{"rendered":"Jos\u00e9 Torres y Teleuniverso Canal 29 presentan \u201cDi\u00e1logos de Poder\u201d  \u00a0"},"content":{"rendered":"<p><img decoding=\"async\" class=\"size-medium wp-image-21355 alignleft lazyload\" data-src=\"https:\/\/defrentealaverdad.com\/wp-content\/uploads\/2024\/07\/IMG-20240723-WA0214-200x300.jpg\" alt=\"\" width=\"200\" height=\"300\" data-srcset=\"https:\/\/defrentealaverdad.com\/wp-content\/uploads\/2024\/07\/IMG-20240723-WA0214-200x300.jpg 200w, https:\/\/defrentealaverdad.com\/wp-content\/uploads\/2024\/07\/IMG-20240723-WA0214-682x1024.jpg 682w, https:\/\/defrentealaverdad.com\/wp-content\/uploads\/2024\/07\/IMG-20240723-WA0214-768x1153.jpg 768w, https:\/\/defrentealaverdad.com\/wp-content\/uploads\/2024\/07\/IMG-20240723-WA0214-1023x1536.jpg 1023w, https:\/\/defrentealaverdad.com\/wp-content\/uploads\/2024\/07\/IMG-20240723-WA0214.jpg 1066w\" data-sizes=\"(max-width: 200px) 100vw, 200px\" src=\"data:image\/svg+xml;base64,PHN2ZyB3aWR0aD0iMSIgaGVpZ2h0PSIxIiB4bWxucz0iaHR0cDovL3d3dy53My5vcmcvMjAwMC9zdmciPjwvc3ZnPg==\" style=\"--smush-placeholder-width: 200px; --smush-placeholder-aspect-ratio: 200\/300;\" \/><\/p>\n<p style=\"text-align: justify;\">Es una propuesta de comunicaci\u00f3n en la que se revela la historia y pensamiento de las figuras detr\u00e1s de los espacios de toma de decisi\u00f3n.<\/p>\n<p style=\"text-align: justify;\">Producido por Two Wolves Studios, \u00abDi\u00e1logos de Poder\u00bb es un innovador programa de entrevistas que ofrece una visi\u00f3n profunda y reveladora de las mentes detr\u00e1s del \u00e9xito en diversos sectores. Conducido por Jos\u00e9 Torres, este programa se transmitir\u00e1 por Teleuniverso canal 29, con repeticiones disponibles en plataformas digitales clave como YouTube, Spotify y iTunes.<\/p>\n<p style=\"text-align: justify;\">\u00abDi\u00e1logos de Poder\u00bb se distingue por su enfoque en conversaciones fluidas y sin barreras con destacadas figuras desde el \u00e1mbito personal, profesional y empresarial como nunca antes visto. Cada episodio presenta a invitados que comparten sus experiencias y perspectivas \u00fanicas sobre el desarrollo personal, los desaf\u00edos profesionales y los caminos hacia el \u00e9xito.<\/p>\n<blockquote>\n<p style=\"text-align: justify;\">\u201cEl objetivo principal del programa es acercar a la sociedad a aquellos individuos que no solo son l\u00edderes en sus respectivos campos, sino tambi\u00e9n fuentes de inspiraci\u00f3n y decisi\u00f3n. A trav\u00e9s de estas conversaciones, los espectadores podr\u00e1n descubrir los principios, motivaciones y estrategias que impulsan a estas figuras influyentes\u201d, destac\u00f3 Jos\u00e9 Torres, diplom\u00e1tico y pol\u00edtico joven dominicano quien fungir\u00e1 como conductor del programa.<\/p>\n<\/blockquote>\n<p style=\"text-align: justify;\">\u00abDi\u00e1logos de Poder\u00bb no solo ofrece una ventana a los logros de estos l\u00edderes, sino que tambi\u00e9n explora los momentos de reflexi\u00f3n y los aprendizajes detr\u00e1s de cada trayectoria. Desde emprendedores visionarios hasta expertos en diversos sectores productivos, cada invitado comparte c\u00f3mo han navegado por los desaf\u00edos y c\u00f3mo han forjado su camino hacia el poder y la influencia.<\/p>\n<blockquote>\n<p style=\"text-align: justify;\">\u201cEstamos emocionados de lanzar este programa que promete inspirar, educar y conectar a nuestra audiencia con historias aut\u00e9nticas de triunfo y resiliencia\u201d, resalt\u00f3 Torres.<\/p>\n<\/blockquote>\n<p style=\"text-align: justify;\">A su vez, los ejecutivos de Teleuniverso invitan a seguir de cerca cada episodio los domingos a las 10:00pm, para descubrir el contenido de calidad en cada historia, el lado humano del poder y el camino a la excelencia.<\/p>\n<p>Fuente: infodialogosdepoder@gmail.com<\/p>\n","protected":false},"excerpt":{"rendered":"<p>Es una propuesta de comunicaci\u00f3n en la que se revela la historia y pensamiento de<\/p>\n","protected":false},"author":4,"featured_media":0,"comment_status":"open","ping_status":"open","sticky":false,"template":"","format":"standard","meta":{"footnotes":""},"categories":[7],"tags":[],"class_list":["post-21354","post","type-post","status-publish","format-standard","hentry","category-nacionales"],"_links":{"self":[{"href":"https:\/\/defrentealaverdad.com\/index.php\/wp-json\/wp\/v2\/posts\/21354","targetHints":{"allow":["GET"]}}],"collection":[{"href":"https:\/\/defrentealaverdad.com\/index.php\/wp-json\/wp\/v2\/posts"}],"about":[{"href":"https:\/\/defrentealaverdad.com\/index.php\/wp-json\/wp\/v2\/types\/post"}],"author":[{"embeddable":true,"href":"https:\/\/defrentealaverdad.com\/index.php\/wp-json\/wp\/v2\/users\/4"}],"replies":[{"embeddable":true,"href":"https:\/\/defrentealaverdad.com\/index.php\/wp-json\/wp\/v2\/comments?post=21354"}],"version-history":[{"count":1,"href":"https:\/\/defrentealaverdad.com\/index.php\/wp-json\/wp\/v2\/posts\/21354\/revisions"}],"predecessor-version":[{"id":21356,"href":"https:\/\/defrentealaverdad.com\/index.php\/wp-json\/wp\/v2\/posts\/21354\/revisions\/21356"}],"wp:attachment":[{"href":"https:\/\/defrentealaverdad.com\/index.php\/wp-json\/wp\/v2\/media?parent=21354"}],"wp:term":[{"taxonomy":"category","embeddable":true,"href":"https:\/\/defrentealaverdad.com\/index.php\/wp-json\/wp\/v2\/categories?post=21354"},{"taxonomy":"post_tag","embeddable":true,"href":"https:\/\/defrentealaverdad.com\/index.php\/wp-json\/wp\/v2\/tags?post=21354"}],"curies":[{"name":"wp","href":"https:\/\/api.w.org\/{rel}","templated":true}]}}