{"id":21227,"date":"2024-07-22T23:44:19","date_gmt":"2024-07-22T23:44:19","guid":{"rendered":"https:\/\/defrentealaverdad.com\/?p=21227"},"modified":"2024-07-22T23:44:19","modified_gmt":"2024-07-22T23:44:19","slug":"diario-eco-lanza-su-programa-eco-tendencias","status":"publish","type":"post","link":"https:\/\/defrentealaverdad.com\/index.php\/2024\/07\/22\/diario-eco-lanza-su-programa-eco-tendencias\/","title":{"rendered":"Diario Eco lanza su programa \u201cEco Tendencias\u201d"},"content":{"rendered":"<p style=\"text-align: justify;\"><img decoding=\"async\" class=\"size-medium wp-image-21228 aligncenter lazyload\" data-src=\"https:\/\/defrentealaverdad.com\/wp-content\/uploads\/2024\/07\/IMG-20240722-WA0244-300x160.jpg\" alt=\"\" width=\"300\" height=\"160\" data-srcset=\"https:\/\/defrentealaverdad.com\/wp-content\/uploads\/2024\/07\/IMG-20240722-WA0244-300x160.jpg 300w, https:\/\/defrentealaverdad.com\/wp-content\/uploads\/2024\/07\/IMG-20240722-WA0244-1024x546.jpg 1024w, https:\/\/defrentealaverdad.com\/wp-content\/uploads\/2024\/07\/IMG-20240722-WA0244-768x410.jpg 768w, https:\/\/defrentealaverdad.com\/wp-content\/uploads\/2024\/07\/IMG-20240722-WA0244.jpg 1125w\" data-sizes=\"(max-width: 300px) 100vw, 300px\" src=\"data:image\/svg+xml;base64,PHN2ZyB3aWR0aD0iMSIgaGVpZ2h0PSIxIiB4bWxucz0iaHR0cDovL3d3dy53My5vcmcvMjAwMC9zdmciPjwvc3ZnPg==\" style=\"--smush-placeholder-width: 300px; --smush-placeholder-aspect-ratio: 300\/160;\" \/><\/p>\n<p style=\"text-align: justify;\">SANTO DOMINGO, RD.- El Grupo de Medios Diario Eco se complace en anunciar la incorporaci\u00f3n de una nueva y vibrante propuesta a su programaci\u00f3n, el programa de noticias y variedades \u00abEco Tendencias\u00bb.<\/p>\n<p style=\"text-align: justify;\">Este espacio promete ofrecer a la audiencia informaciones confiables y actualizadas, sobre los diferentes \u00e1mbitos de la sociedad.<\/p>\n<p style=\"text-align: justify;\">\u00abEco Tendencias\u00bb estar\u00e1 bajo la producci\u00f3n del guionista Joel Marte, coordinado y conducido por la actual encargada de prensa del peri\u00f3dico digital Diario Eco; Aridia Montero. La audiencia puede esperar un contenido din\u00e1mico y bien nutrido, gracias al equipo de expertos que respaldar\u00e1 este proyecto.<\/p>\n<p style=\"text-align: justify;\">\u201cLa verdad es como el corcho\u00bb, \u201cGrita tu denuncia\u201d o Las 3 en Tendencia\u201d son solo algunos de los segmentos que trae esta nueva propuesta.<\/p>\n<p style=\"text-align: justify;\">El elenco de \u00abEco Tendencias\u00bb incluye a destacados profesionales como la periodista Jenniffer De Los Santos; editora de Diario Eco, El\u00edas Rodr\u00edguez; abogado, periodista y dirigente pol\u00edtico, Wenzel Musset; abogado, y Luis Lora, cineasta y dirigente pol\u00edtico. Cada miembro aportar\u00e1 su perspectiva \u00fanica y conocimientos especializados, enriqueciendo cada emisi\u00f3n con debates y an\u00e1lisis profundos.<\/p>\n<p style=\"text-align: justify;\">\u00abEco Tendencias\u00bb llega con la misi\u00f3n de debatir y analizar temas sociales que marcan tendencias, tales como educaci\u00f3n, salud o cuestiones legales, siempre con la participaci\u00f3n de expertos en cada \u00e1rea.<\/p>\n<p style=\"text-align: justify;\">El programa se transmitir\u00e1 en vivo todos los lunes y jueves, de 3:00 a 5:00 de la tarde, a trav\u00e9s de los canales de Diario Eco, en YouTube, Facebook, Instagram, X y TikTok. La primera emisi\u00f3n est\u00e1 programada para el lunes 22 de julio.<\/p>\n<p>Fuente: Grupo de Medios Diario Eco<\/p>\n","protected":false},"excerpt":{"rendered":"<p>SANTO DOMINGO, RD.- El Grupo de Medios Diario Eco se complace en anunciar la incorporaci\u00f3n<\/p>\n","protected":false},"author":4,"featured_media":0,"comment_status":"open","ping_status":"open","sticky":false,"template":"","format":"standard","meta":{"footnotes":""},"categories":[6],"tags":[],"class_list":["post-21227","post","type-post","status-publish","format-standard","hentry","category-espectaculos"],"_links":{"self":[{"href":"https:\/\/defrentealaverdad.com\/index.php\/wp-json\/wp\/v2\/posts\/21227","targetHints":{"allow":["GET"]}}],"collection":[{"href":"https:\/\/defrentealaverdad.com\/index.php\/wp-json\/wp\/v2\/posts"}],"about":[{"href":"https:\/\/defrentealaverdad.com\/index.php\/wp-json\/wp\/v2\/types\/post"}],"author":[{"embeddable":true,"href":"https:\/\/defrentealaverdad.com\/index.php\/wp-json\/wp\/v2\/users\/4"}],"replies":[{"embeddable":true,"href":"https:\/\/defrentealaverdad.com\/index.php\/wp-json\/wp\/v2\/comments?post=21227"}],"version-history":[{"count":1,"href":"https:\/\/defrentealaverdad.com\/index.php\/wp-json\/wp\/v2\/posts\/21227\/revisions"}],"predecessor-version":[{"id":21229,"href":"https:\/\/defrentealaverdad.com\/index.php\/wp-json\/wp\/v2\/posts\/21227\/revisions\/21229"}],"wp:attachment":[{"href":"https:\/\/defrentealaverdad.com\/index.php\/wp-json\/wp\/v2\/media?parent=21227"}],"wp:term":[{"taxonomy":"category","embeddable":true,"href":"https:\/\/defrentealaverdad.com\/index.php\/wp-json\/wp\/v2\/categories?post=21227"},{"taxonomy":"post_tag","embeddable":true,"href":"https:\/\/defrentealaverdad.com\/index.php\/wp-json\/wp\/v2\/tags?post=21227"}],"curies":[{"name":"wp","href":"https:\/\/api.w.org\/{rel}","templated":true}]}}