{"id":21176,"date":"2024-07-22T13:33:52","date_gmt":"2024-07-22T13:33:52","guid":{"rendered":"https:\/\/defrentealaverdad.com\/?p=21176"},"modified":"2024-07-22T13:33:52","modified_gmt":"2024-07-22T13:33:52","slug":"gobierno-coordina-hacer-un-homenaje-con-los-cinco-hall-of-fame-dominicano","status":"publish","type":"post","link":"https:\/\/defrentealaverdad.com\/index.php\/2024\/07\/22\/gobierno-coordina-hacer-un-homenaje-con-los-cinco-hall-of-fame-dominicano\/","title":{"rendered":"Gobierno coordina hacer un homenaje con los cinco Hall Of Fame dominicano"},"content":{"rendered":"<header class=\"entry-header\"><\/header>\n<figure class=\"post-thumbnail\" style=\"text-align: justify;\"><img decoding=\"async\" class=\"post-thumbnail__img wp-post-image aligncenter lazyload\" data-src=\"https:\/\/robertocavada.com\/wp-content\/uploads\/2024\/07\/Copia-de-Copia-de-CONTENIDO-RCNOTICIAS-8-x-3-in-24-770x540.png\" alt=\"Gobierno coordina hacer un homenaje con los cinco Hall Of Fame dominicano\" width=\"770\" height=\"540\" src=\"data:image\/svg+xml;base64,PHN2ZyB3aWR0aD0iMSIgaGVpZ2h0PSIxIiB4bWxucz0iaHR0cDovL3d3dy53My5vcmcvMjAwMC9zdmciPjwvc3ZnPg==\" style=\"--smush-placeholder-width: 770px; --smush-placeholder-aspect-ratio: 770\/540;\" \/><\/figure>\n<div class=\"entry-content\">\n<div id=\"st-1\" class=\"sharethis-inline-share-buttons st-center st-lang-es st-has-labels  st-inline-share-buttons st-animated\" style=\"text-align: justify;\">\n<div class=\"st-btn st-last st-remove-label\" data-network=\"whatsapp\">El comisionado nacional de b\u00e9isbol, el expelotero Junior Noboa, expres\u00f3 que el presidente Luis Abinader, coordina con esa direcci\u00f3n que dirige hacer un homenaje con los cinco Hall Of Fame que dominicanos, adem\u00e1s de compartir con un grupo de veteranos de Grandes Ligas auque no se especifico fecha.<\/div>\n<\/div>\n<div id=\"advads-a95ab2b6b48a600a6948921bdd531ac5\" class=\"advads-a95ab2b6b48a600a6948921bdd531ac5 advads-content-first-paragraph\" style=\"text-align: justify;\">\n<div><\/div>\n<div id=\"advads-2123884965\" class=\"advads-content-first-paragraph\">Noboa en una nota de prensa no especifico la fecha. El Comisionado Nacional de B\u00e9isbol felicit\u00f3 a Adri\u00e1n Beltr\u00e9, quien este domingo fue exaltado de manera oficial al Sal\u00f3n de la Fama de Cooperstown.<\/div>\n<\/div>\n<p style=\"text-align: justify;\">Noboa felicit\u00f3 y elogi\u00f3 el comportamiento de Beltr\u00e9 tanto dentro como fuera del terreno de juego.<\/p>\n<p style=\"text-align: justify;\">Mediante una misiva, Noboa dijo que<em> \u201cnuestra direcci\u00f3n est\u00e1 muy orgullosa de la elecci\u00f3n de Beltr\u00e9. Ahora es el quinto dominicano en ser miembro del c\u00edrculo del Sal\u00f3n de la Fama, un orgullo para la direcci\u00f3n del Comisionado Nacional de B\u00e9isbol y el pa\u00eds\u201d.<\/em><\/p>\n<div id=\"advads-b8078586860a9893e778b4aaf513236d\" class=\"advads-b8078586860a9893e778b4aaf513236d advads-content-middle\" style=\"text-align: justify;\">\n<div id=\"advads-57024343\" class=\"advads-content-middle\">\n<div id=\"advads-585133798\" data-advads-trackid=\"344220\" data-advads-trackbid=\"1\">A\u00f1adi\u00f3 que \u201ccuando uno de los nuestros brilla, no solo lo hace nuestro b\u00e9isbol, lo hace todo el pa\u00eds\u201d.<\/div>\n<\/div>\n<\/div>\n<p style=\"text-align: justify;\">En el Sal\u00f3n de la Fama del b\u00e9isbol, tambi\u00e9n se encuentran Juan Marichal, Pedro Mart\u00ednez, Vladimir Guerrero y David Ortiz.<\/p>\n<p style=\"text-align: justify;\">Junior Noboa tambi\u00e9n inform\u00f3 que no pudo estar presente en la ceremonia de Beltr\u00e9 por un problema de salud, pero que por el Gobierno Dominicano estuvieron en representaci\u00f3n los viceministros Benny Metz y Andr\u00e9s Lugo, tambi\u00e9n el congresista Adriano Espaillat\u00a0y el Encargado de Negocios de la Embajada de Canad\u00e1 para el pa\u00eds, Erick Bernard.<\/p>\n<blockquote>\n<p style=\"text-align: justify;\">\u201cEl Gobierno de Luis Abinader ha estado apoyando el b\u00e9isbol, que es nuestra marca pa\u00eds\u201d, indic\u00f3. \u201cLos peloteros nuestros son embajadores y el presidente Abinader siempre ha estado muy pendiente de esos grandes h\u00e9roes\u201d.<\/p>\n<\/blockquote>\n<p>Fuente: RC Noticias<\/p>\n<\/div>\n","protected":false},"excerpt":{"rendered":"<p>El comisionado nacional de b\u00e9isbol, el expelotero Junior Noboa, expres\u00f3 que el presidente Luis Abinader,<\/p>\n","protected":false},"author":1,"featured_media":0,"comment_status":"open","ping_status":"open","sticky":false,"template":"","format":"standard","meta":{"footnotes":""},"categories":[7],"tags":[],"class_list":["post-21176","post","type-post","status-publish","format-standard","hentry","category-nacionales"],"_links":{"self":[{"href":"https:\/\/defrentealaverdad.com\/index.php\/wp-json\/wp\/v2\/posts\/21176","targetHints":{"allow":["GET"]}}],"collection":[{"href":"https:\/\/defrentealaverdad.com\/index.php\/wp-json\/wp\/v2\/posts"}],"about":[{"href":"https:\/\/defrentealaverdad.com\/index.php\/wp-json\/wp\/v2\/types\/post"}],"author":[{"embeddable":true,"href":"https:\/\/defrentealaverdad.com\/index.php\/wp-json\/wp\/v2\/users\/1"}],"replies":[{"embeddable":true,"href":"https:\/\/defrentealaverdad.com\/index.php\/wp-json\/wp\/v2\/comments?post=21176"}],"version-history":[{"count":1,"href":"https:\/\/defrentealaverdad.com\/index.php\/wp-json\/wp\/v2\/posts\/21176\/revisions"}],"predecessor-version":[{"id":21177,"href":"https:\/\/defrentealaverdad.com\/index.php\/wp-json\/wp\/v2\/posts\/21176\/revisions\/21177"}],"wp:attachment":[{"href":"https:\/\/defrentealaverdad.com\/index.php\/wp-json\/wp\/v2\/media?parent=21176"}],"wp:term":[{"taxonomy":"category","embeddable":true,"href":"https:\/\/defrentealaverdad.com\/index.php\/wp-json\/wp\/v2\/categories?post=21176"},{"taxonomy":"post_tag","embeddable":true,"href":"https:\/\/defrentealaverdad.com\/index.php\/wp-json\/wp\/v2\/tags?post=21176"}],"curies":[{"name":"wp","href":"https:\/\/api.w.org\/{rel}","templated":true}]}}