{"id":2116,"date":"2022-11-15T12:57:00","date_gmt":"2022-11-15T12:57:00","guid":{"rendered":"https:\/\/defrentealaverdad.com\/?p=2116"},"modified":"2022-11-15T12:57:43","modified_gmt":"2022-11-15T12:57:43","slug":"cerca-de-dos-millones-de-afiliados-estan-ahora-sin-cobertura-de-salud","status":"publish","type":"post","link":"https:\/\/defrentealaverdad.com\/index.php\/2022\/11\/15\/cerca-de-dos-millones-de-afiliados-estan-ahora-sin-cobertura-de-salud\/","title":{"rendered":"Cerca de dos millones de afiliados est\u00e1n ahora sin cobertura de salud"},"content":{"rendered":"<p><img decoding=\"async\" class=\"alignnone size-medium wp-image-2117 aligncenter lazyload\" data-src=\"https:\/\/defrentealaverdad.com\/wp-content\/uploads\/2022\/11\/sala-hospital-focus-0-0-895-573-300x192.jpg\" alt=\"\" width=\"300\" height=\"192\" data-srcset=\"https:\/\/defrentealaverdad.com\/wp-content\/uploads\/2022\/11\/sala-hospital-focus-0-0-895-573-300x192.jpg 300w, https:\/\/defrentealaverdad.com\/wp-content\/uploads\/2022\/11\/sala-hospital-focus-0-0-895-573-768x492.jpg 768w, https:\/\/defrentealaverdad.com\/wp-content\/uploads\/2022\/11\/sala-hospital-focus-0-0-895-573.jpg 895w\" data-sizes=\"(max-width: 300px) 100vw, 300px\" src=\"data:image\/svg+xml;base64,PHN2ZyB3aWR0aD0iMSIgaGVpZ2h0PSIxIiB4bWxucz0iaHR0cDovL3d3dy53My5vcmcvMjAwMC9zdmciPjwvc3ZnPg==\" style=\"--smush-placeholder-width: 300px; --smush-placeholder-aspect-ratio: 300\/192;\" \/><\/p>\n<p style=\"text-align: justify;\">Este lunes entr\u00f3 en vigencia la suspensi\u00f3n de consultas y procesos electivos ambulatorios para\u00a0<strong>Mapfre ARS a nivel nacional, Monumental en la regi\u00f3n Norte, Renacer en el Sur y ARS Simag en el Este<\/strong>, dificultando el acceso a salud a\u00a0<strong>cerca de dos millones de afiliados y sus dependientes<\/strong>, sumando los ya desafiliados pacientes pertenecientes a\u00a0<strong>ARS<\/strong>\u00a0Universal.<\/p>\n<p style=\"text-align: justify;\">Esta estimaci\u00f3n est\u00e1 fundamentada en la tabla de afiliados al r\u00e9gimen contributivo de octubre de 2021 publicada por la Tesorer\u00eda de la Seguridad Social (TSS), cuando en ese entonces Mapfre\u00a0<strong>ARS<\/strong>\u00a0registraba 572,9578 afiliados;\u00a0<strong>ARS<\/strong>\u00a0Universal 312,014; Simag contaba con 76,163 afiliados; Monumental con 75,330 y Renacer contabilizaba 62,785 afiliados.<\/p>\n<p style=\"text-align: justify;\">Cabe destacar que las\u00a0<strong>ARS<\/strong>\u00a0que m\u00e1s afiliados poseen en el pa\u00eds son Primera\u00a0<strong>ARS<\/strong>\u00a0y el Seguro Nacional de Salud (Senasa) con 1.2 millones respectivamente (a la fecha valorada).<\/p>\n<h2 style=\"text-align: justify;\">Tarifas estandarizadas<\/h2>\n<p style=\"text-align: justify;\">Uno de los reclamos persistentes por parte del Colegio M\u00e9dico Dominicano (<strong>CMD<\/strong>) que ha suscitado parte de su lucha contra las\u00a0<strong>Administradoras de Riesgos de Salud (ARS)\u00a0<\/strong>es la unificaci\u00f3n de honorarios que reciben todos los m\u00e9dicos por servicios prestados.<\/p>\n<p style=\"text-align: justify;\"><em>Diario Libre\u00a0<\/em>convers\u00f3 con el presidente del\u00a0<strong>Colegio Dominicano de Cirujanos<\/strong>,\u00a0<strong>Leonardo Brito<\/strong>, quien explic\u00f3, en su condici\u00f3n de Sociedad Especializada, en qu\u00e9 consiste la propuesta de\u00a0<strong>tarifarios<\/strong>\u00a0y el criterio para elegir las\u00a0<strong>ARS<\/strong>\u00a0en suspensi\u00f3n.<\/p>\n<p style=\"text-align: justify;\">De acuerdo con Brito, la \u00faltima vez que el Comit\u00e9 de Honorarios y Tarifas del Consejo Nacional de la Seguridad Social (CNSS) se reuni\u00f3 fue en\u00a0<strong>2007\u00a0<\/strong>y desde entonces, no se le ha hecho indexaci\u00f3n por inflaci\u00f3n al tarifario establecido en ese entonces.<\/p>\n<p style=\"text-align: justify;\"><em>\u201cEse comit\u00e9 se reuni\u00f3 en el a\u00f1o 2007 y no se ha vuelto a reunir m\u00e1s, hace 15 a\u00f1os y nunca m\u00e1s ha vuelto a emitir una resoluci\u00f3n. Los aumentos que se han hecho han sido por acuerdos o negociaciones del Colegio M\u00e9dico\u201d<\/em>, precis\u00f3 el especialista.<\/p>\n<p style=\"text-align: justify;\"><em>\u201cEl caso del pago de las consultas no es el mejor ejemplo porque todas las\u00a0<strong>ARS<\/strong>\u00a0pagan igual. Tras la retenci\u00f3n de impuestos sobre la renta y el 10 %, al m\u00e9dico le quedan 360 pesos por una consulta\u201d,<\/em> detall\u00f3 el galeno.<\/p>\n<p style=\"text-align: justify;\">Brito aclar\u00f3 que las diferencias en tarifario se presentan m\u00e1s bien cuando se trata de pagar los procesos operatorios, poniendo el ejemplo de una apendicectom\u00eda que algunas\u00a0<strong>ARS<\/strong>\u00a0las pagan a 14 mil pesos y otras a 8 mil por el mismo procedimiento.<\/p>\n<p>&nbsp;<\/p>\n<p>Fuente: Diario Libre RD<\/p>\n","protected":false},"excerpt":{"rendered":"<p>Este lunes entr\u00f3 en vigencia la suspensi\u00f3n de consultas y procesos electivos ambulatorios para\u00a0Mapfre ARS<\/p>\n","protected":false},"author":1,"featured_media":0,"comment_status":"open","ping_status":"open","sticky":false,"template":"","format":"standard","meta":{"footnotes":""},"categories":[7,221],"tags":[],"class_list":["post-2116","post","type-post","status-publish","format-standard","hentry","category-nacionales","category-salud"],"_links":{"self":[{"href":"https:\/\/defrentealaverdad.com\/index.php\/wp-json\/wp\/v2\/posts\/2116","targetHints":{"allow":["GET"]}}],"collection":[{"href":"https:\/\/defrentealaverdad.com\/index.php\/wp-json\/wp\/v2\/posts"}],"about":[{"href":"https:\/\/defrentealaverdad.com\/index.php\/wp-json\/wp\/v2\/types\/post"}],"author":[{"embeddable":true,"href":"https:\/\/defrentealaverdad.com\/index.php\/wp-json\/wp\/v2\/users\/1"}],"replies":[{"embeddable":true,"href":"https:\/\/defrentealaverdad.com\/index.php\/wp-json\/wp\/v2\/comments?post=2116"}],"version-history":[{"count":2,"href":"https:\/\/defrentealaverdad.com\/index.php\/wp-json\/wp\/v2\/posts\/2116\/revisions"}],"predecessor-version":[{"id":2119,"href":"https:\/\/defrentealaverdad.com\/index.php\/wp-json\/wp\/v2\/posts\/2116\/revisions\/2119"}],"wp:attachment":[{"href":"https:\/\/defrentealaverdad.com\/index.php\/wp-json\/wp\/v2\/media?parent=2116"}],"wp:term":[{"taxonomy":"category","embeddable":true,"href":"https:\/\/defrentealaverdad.com\/index.php\/wp-json\/wp\/v2\/categories?post=2116"},{"taxonomy":"post_tag","embeddable":true,"href":"https:\/\/defrentealaverdad.com\/index.php\/wp-json\/wp\/v2\/tags?post=2116"}],"curies":[{"name":"wp","href":"https:\/\/api.w.org\/{rel}","templated":true}]}}