{"id":2112,"date":"2022-11-15T12:53:39","date_gmt":"2022-11-15T12:53:39","guid":{"rendered":"https:\/\/defrentealaverdad.com\/?p=2112"},"modified":"2024-08-29T16:35:47","modified_gmt":"2024-08-29T16:35:47","slug":"fernando-ramirez-afirma-que-el-problema-no-son-los-haitianos-sino-la-delicuencia-en-rd","status":"publish","type":"post","link":"https:\/\/defrentealaverdad.com\/index.php\/2022\/11\/15\/fernando-ramirez-afirma-que-el-problema-no-son-los-haitianos-sino-la-delicuencia-en-rd\/","title":{"rendered":"Fernando Ram\u00edrez afirma que el problema no son los haitianos sino la delicuencia en RD"},"content":{"rendered":"<p><img decoding=\"async\" class=\"size-medium wp-image-2113 alignleft lazyload\" data-src=\"https:\/\/defrentealaverdad.com\/wp-content\/uploads\/2022\/11\/1aa31fc5-99c2-4eda-b61f-c1dd5dab9cd3-198x300.jpg\" alt=\"\" width=\"198\" height=\"300\" data-srcset=\"https:\/\/defrentealaverdad.com\/wp-content\/uploads\/2022\/11\/1aa31fc5-99c2-4eda-b61f-c1dd5dab9cd3-198x300.jpg 198w, https:\/\/defrentealaverdad.com\/wp-content\/uploads\/2022\/11\/1aa31fc5-99c2-4eda-b61f-c1dd5dab9cd3.jpg 676w\" data-sizes=\"(max-width: 198px) 100vw, 198px\" src=\"data:image\/svg+xml;base64,PHN2ZyB3aWR0aD0iMSIgaGVpZ2h0PSIxIiB4bWxucz0iaHR0cDovL3d3dy53My5vcmcvMjAwMC9zdmciPjwvc3ZnPg==\" style=\"--smush-placeholder-width: 198px; --smush-placeholder-aspect-ratio: 198\/300;\" \/><\/p>\n<p style=\"text-align: justify;\">Santo Domingo.-<em>\u201cEl presidente Luis Abinader est\u00e1 enfocado en realizar deportaciones masivas de inmigrantes haitianos en nuestro pa\u00eds, tratando de complacer el ego de unos cuantos nacionalistas, pero realmente el problema no son los haitianos en este pa\u00eds, es la delincuencia, es la inseguridad ciudadana, esa que le arrebata la paz, estabilidad y la vida al pueblo dominicano\u201d<\/em>, exclam\u00f3 Fernando Ram\u00edrez, vicepresidente del Partido Revolucionario Dominicano.<\/p>\n<p style=\"text-align: justify;\"><em>\u201cYa basta de tanto mareo. Nos est\u00e1n mareando con el tema haitiano, es m\u00e1s, que salgan a las calles a hacer una encuesta con la pregunta: \u00bfQu\u00e9 te preocupa m\u00e1s, los haitianos o la delincuencia?, para que vean cu\u00e1l ser\u00eda la respuesta del dominicano ante la ola de criminalidad que afecta nuestro territorio\u201d,<\/em> a\u00f1adi\u00f3.<\/p>\n<p style=\"text-align: justify;\">En una nota de prensa, Ram\u00edrez, se\u00f1al\u00f3 que el Gobierno est\u00e1 utilizando tantos recursos econ\u00f3micos para deportar haitianos, movilizando las Fuerzas Armadas, Ej\u00e9rcito, DNI y la Polic\u00eda Nacional, donde la mayor prioridad es la delincuencia que est\u00e1 arropando la sociedad dominicana.<\/p>\n<p style=\"text-align: justify;\">El tambi\u00e9n candidato a senador, declar\u00f3 que la deportaci\u00f3n no debe ser exclusiva con los haitianos, sino tambi\u00e9n mandar para su pa\u00eds a tantos venezolanos, chinos, colombianos y otras nacionalidades que se pasean por las calles de Rep\u00fablica Dominicana de manera ilegal.<\/p>\n<p style=\"text-align: justify;\"><em>\u201cAqu\u00ed vivimos en un sistema terrorista. La gente no se siente a salvo para salir a la calle. Y quienes nos gobiernan sacrifican la econom\u00eda dominicana en temas secundarios, en vez de utilizar ese dinero y esos vagos militares, en atacar la delincuencia<\/em>\u201d, apunt\u00f3.<\/p>\n<p style=\"text-align: justify;\">El destacado dirigente pol\u00edtico, asegur\u00f3 que las autoridades en vez de usar los organismos de inteligencia en los temas de seguridad nacional y en el rescate de tantas personas que se pierden a diario en la ciudad, est\u00e1n parcializados en temas triviales.<\/p>\n<p style=\"text-align: justify;\"><em>\u201cEl Gobierno no est\u00e1 haciendo nada para encontrar a tantos dominicanos que hoy est\u00e1n desaparecidos, llenando de angustia a tantas familias que hoy no saben el paradero de sus seres queridos\u201d,<\/em> concluy\u00f3.<\/p>\n<p>&nbsp;<\/p>\n<p>Fuente: Yisus Taveras<\/p>\n","protected":false},"excerpt":{"rendered":"<p>Santo Domingo.-\u201cEl presidente Luis Abinader est\u00e1 enfocado en realizar deportaciones masivas de inmigrantes haitianos en<\/p>\n","protected":false},"author":1,"featured_media":0,"comment_status":"open","ping_status":"open","sticky":false,"template":"","format":"standard","meta":{"footnotes":""},"categories":[7,4],"tags":[],"class_list":["post-2112","post","type-post","status-publish","format-standard","hentry","category-nacionales","category-opiniones"],"_links":{"self":[{"href":"https:\/\/defrentealaverdad.com\/index.php\/wp-json\/wp\/v2\/posts\/2112","targetHints":{"allow":["GET"]}}],"collection":[{"href":"https:\/\/defrentealaverdad.com\/index.php\/wp-json\/wp\/v2\/posts"}],"about":[{"href":"https:\/\/defrentealaverdad.com\/index.php\/wp-json\/wp\/v2\/types\/post"}],"author":[{"embeddable":true,"href":"https:\/\/defrentealaverdad.com\/index.php\/wp-json\/wp\/v2\/users\/1"}],"replies":[{"embeddable":true,"href":"https:\/\/defrentealaverdad.com\/index.php\/wp-json\/wp\/v2\/comments?post=2112"}],"version-history":[{"count":3,"href":"https:\/\/defrentealaverdad.com\/index.php\/wp-json\/wp\/v2\/posts\/2112\/revisions"}],"predecessor-version":[{"id":24375,"href":"https:\/\/defrentealaverdad.com\/index.php\/wp-json\/wp\/v2\/posts\/2112\/revisions\/24375"}],"wp:attachment":[{"href":"https:\/\/defrentealaverdad.com\/index.php\/wp-json\/wp\/v2\/media?parent=2112"}],"wp:term":[{"taxonomy":"category","embeddable":true,"href":"https:\/\/defrentealaverdad.com\/index.php\/wp-json\/wp\/v2\/categories?post=2112"},{"taxonomy":"post_tag","embeddable":true,"href":"https:\/\/defrentealaverdad.com\/index.php\/wp-json\/wp\/v2\/tags?post=2112"}],"curies":[{"name":"wp","href":"https:\/\/api.w.org\/{rel}","templated":true}]}}