{"id":21109,"date":"2024-07-21T16:27:22","date_gmt":"2024-07-21T16:27:22","guid":{"rendered":"https:\/\/defrentealaverdad.com\/?p=21109"},"modified":"2024-07-21T16:30:00","modified_gmt":"2024-07-21T16:30:00","slug":"21109","status":"publish","type":"post","link":"https:\/\/defrentealaverdad.com\/index.php\/2024\/07\/21\/21109\/","title":{"rendered":"MESCyT entrega certificados a participantes del diplomado en Desarrollo de Competencias Did\u00e1cticas"},"content":{"rendered":"<p><img decoding=\"async\" class=\"size-medium wp-image-21112 alignright lazyload\" data-src=\"https:\/\/defrentealaverdad.com\/wp-content\/uploads\/2024\/07\/Screenshot_2024-07-21_125700-300x195.png\" alt=\"\" width=\"300\" height=\"195\" data-srcset=\"https:\/\/defrentealaverdad.com\/wp-content\/uploads\/2024\/07\/Screenshot_2024-07-21_125700-300x195.png 300w, https:\/\/defrentealaverdad.com\/wp-content\/uploads\/2024\/07\/Screenshot_2024-07-21_125700-768x498.png 768w, https:\/\/defrentealaverdad.com\/wp-content\/uploads\/2024\/07\/Screenshot_2024-07-21_125700.png 903w\" data-sizes=\"(max-width: 300px) 100vw, 300px\" src=\"data:image\/svg+xml;base64,PHN2ZyB3aWR0aD0iMSIgaGVpZ2h0PSIxIiB4bWxucz0iaHR0cDovL3d3dy53My5vcmcvMjAwMC9zdmciPjwvc3ZnPg==\" style=\"--smush-placeholder-width: 300px; --smush-placeholder-aspect-ratio: 300\/195;\" \/><\/p>\n<p style=\"text-align: justify;\">SANTO DOMINGO &#8211; El Ministro de Educaci\u00f3n Superior, Ciencia y Tecnolog\u00eda (MESCyT), a trav\u00e9s de su Viceministerio de Relaciones Internacionales, entreg\u00f3 certificaciones a un total de 3,500 docentes que cursaron el diplomado: <em>\u201cDesarrollo de Competencias Did\u00e1cticas para la Excelencia Educativa en Rep\u00fablica Dominicana\u201d<\/em>, en la Universidad de Santander, ubicada en M\u00e9xico.<\/p>\n<blockquote>\n<p style=\"text-align: justify;\">\u201cEste diplomado ha contado con la valiosa asistencia de miles de maestros dominicanos, quienes, guiados por un claustro de clase mundial, han construido los conocimientos necesarios para apropiarse de la did\u00e1ctica desarrolladora, la cual les permitir\u00e1 innovar en sus aulas de clase\u201d, asegur\u00f3 el ministro del MESCyT, doctor Franklin Garc\u00eda Ferm\u00edn.<\/p>\n<\/blockquote>\n<p style=\"text-align: justify;\">Adem\u00e1s, agradeci\u00f3 profundamente el impulso y la motivaci\u00f3n que las autoridades de la Universidad de Santander, han puesto al alcance de los distinguidos maestros dominicanos que recibieron esta transferencia de conocimientos para hacer de la educaci\u00f3n un fundamento esencial para el desarrollo del pa\u00eds.<\/p>\n<blockquote>\n<p style=\"text-align: justify;\">\u201cCon la culminaci\u00f3n de este diplomado, reafirmamos nuestro compromiso de una educaci\u00f3n de excelencia que forme a ciudadanos \u00edntegros y preparados para los desaf\u00edos del presente y del futuro\u201d , concluy\u00f3 el funcionario.<\/p>\n<\/blockquote>\n<p style=\"text-align: justify;\">Mientras que la viceministra de relaciones internacionales, Paula Disla, indic\u00f3 que desde el MESCyT, se desarrollan estrategias innovadoras que aporten al crecimiento, no s\u00f3lo de los educadores, sino de todo el Sistema de Educaci\u00f3n dominicana.<\/p>\n<blockquote>\n<p style=\"text-align: justify;\">\u201cUstedes han dado un paso fundamental en su progreso como docentes, a trav\u00e9s de la adquisici\u00f3n de las herramientas necesarias para aplicarlas en las aulas dominicanas\u201d, agreg\u00f3.<\/p>\n<\/blockquote>\n<p>&nbsp;<\/p>\n<p style=\"text-align: justify;\">De su lado, el rector de la Universidad Santander, Enrique J. Navarro Flores, reiter\u00f3 que esa entidad educativa, es una instituci\u00f3n que puede hacer posible que miles de personas tengan la posibilidad de formarse, desde la comodidad de su hogar a trav\u00e9s de la virtualidad, con una din\u00e1mica simple y bien llevada.<\/p>\n<blockquote>\n<p style=\"text-align: justify;\">\u201cCon esto que estamos haciendo el d\u00eda de hoy, hemos cumplido con el compromiso hecho con el presidente de este pa\u00eds y con el ministro de educaci\u00f3n superior, estamos haciendo una Rep\u00fablica Dominicana m\u00e1s pr\u00f3spera\u201d, concluy\u00f3 el acad\u00e9mico.<\/p>\n<\/blockquote>\n<p style=\"text-align: justify;\">En ese mismo orden, Olga Sosa, Encargada del Departamento de Movilidad, entreg\u00f3 los diplomas a los maestros que culminaron el programa, exhort\u00e1ndolos a aplicar los contenidos aprendidos con sus alumnos.<\/p>\n<p style=\"text-align: justify;\">En el acto realizado en el Aula Magna de la Universidad Aut\u00f3noma de Santo Domingo (UASD), estuvieron presentes los viceministros del MESCyT, Jos\u00e9 A. Cancel, Mar\u00eda L\u00f3pez Polanco y Genaro Rodr\u00edguez Mart\u00ednez, el director de gabinete, Juan F. Medina, as\u00ed como el rector del Instituto T\u00e9cnico Superior Comunitario (ITSC), Pedro Quezada y la decana de la Facultad de Ciencias de la Educaci\u00f3n de la UASD, Juana Encarnaci\u00f3n.<\/p>\n<p>&nbsp;<\/p>\n<p>Fuente: Prensa MESCyT<\/p>\n","protected":false},"excerpt":{"rendered":"<p>SANTO DOMINGO &#8211; El Ministro de Educaci\u00f3n Superior, Ciencia y Tecnolog\u00eda (MESCyT), a trav\u00e9s de<\/p>\n","protected":false},"author":2,"featured_media":0,"comment_status":"open","ping_status":"open","sticky":false,"template":"","format":"standard","meta":{"footnotes":""},"categories":[7],"tags":[],"class_list":["post-21109","post","type-post","status-publish","format-standard","hentry","category-nacionales"],"_links":{"self":[{"href":"https:\/\/defrentealaverdad.com\/index.php\/wp-json\/wp\/v2\/posts\/21109","targetHints":{"allow":["GET"]}}],"collection":[{"href":"https:\/\/defrentealaverdad.com\/index.php\/wp-json\/wp\/v2\/posts"}],"about":[{"href":"https:\/\/defrentealaverdad.com\/index.php\/wp-json\/wp\/v2\/types\/post"}],"author":[{"embeddable":true,"href":"https:\/\/defrentealaverdad.com\/index.php\/wp-json\/wp\/v2\/users\/2"}],"replies":[{"embeddable":true,"href":"https:\/\/defrentealaverdad.com\/index.php\/wp-json\/wp\/v2\/comments?post=21109"}],"version-history":[{"count":3,"href":"https:\/\/defrentealaverdad.com\/index.php\/wp-json\/wp\/v2\/posts\/21109\/revisions"}],"predecessor-version":[{"id":21113,"href":"https:\/\/defrentealaverdad.com\/index.php\/wp-json\/wp\/v2\/posts\/21109\/revisions\/21113"}],"wp:attachment":[{"href":"https:\/\/defrentealaverdad.com\/index.php\/wp-json\/wp\/v2\/media?parent=21109"}],"wp:term":[{"taxonomy":"category","embeddable":true,"href":"https:\/\/defrentealaverdad.com\/index.php\/wp-json\/wp\/v2\/categories?post=21109"},{"taxonomy":"post_tag","embeddable":true,"href":"https:\/\/defrentealaverdad.com\/index.php\/wp-json\/wp\/v2\/tags?post=21109"}],"curies":[{"name":"wp","href":"https:\/\/api.w.org\/{rel}","templated":true}]}}