{"id":21104,"date":"2024-07-21T15:10:58","date_gmt":"2024-07-21T15:10:58","guid":{"rendered":"https:\/\/defrentealaverdad.com\/?p=21104"},"modified":"2024-07-21T15:10:58","modified_gmt":"2024-07-21T15:10:58","slug":"diputado-electo-prd-considera-vital-participacion-de-la-sociedad-en-proceso-de-discusion-codigo-penal","status":"publish","type":"post","link":"https:\/\/defrentealaverdad.com\/index.php\/2024\/07\/21\/diputado-electo-prd-considera-vital-participacion-de-la-sociedad-en-proceso-de-discusion-codigo-penal\/","title":{"rendered":"Diputado electo PRD considera vital participaci\u00f3n de la sociedad en proceso de discusi\u00f3n C\u00f3digo Penal"},"content":{"rendered":"<p><img decoding=\"async\" class=\"size-medium wp-image-21105 alignright lazyload\" data-src=\"https:\/\/defrentealaverdad.com\/wp-content\/uploads\/2024\/07\/IMG-20240721-WA0049-300x200.jpg\" alt=\"\" width=\"300\" height=\"200\" data-srcset=\"https:\/\/defrentealaverdad.com\/wp-content\/uploads\/2024\/07\/IMG-20240721-WA0049-300x200.jpg 300w, https:\/\/defrentealaverdad.com\/wp-content\/uploads\/2024\/07\/IMG-20240721-WA0049-1024x683.jpg 1024w, https:\/\/defrentealaverdad.com\/wp-content\/uploads\/2024\/07\/IMG-20240721-WA0049-768x512.jpg 768w, https:\/\/defrentealaverdad.com\/wp-content\/uploads\/2024\/07\/IMG-20240721-WA0049.jpg 1080w\" data-sizes=\"(max-width: 300px) 100vw, 300px\" src=\"data:image\/svg+xml;base64,PHN2ZyB3aWR0aD0iMSIgaGVpZ2h0PSIxIiB4bWxucz0iaHR0cDovL3d3dy53My5vcmcvMjAwMC9zdmciPjwvc3ZnPg==\" style=\"--smush-placeholder-width: 300px; --smush-placeholder-aspect-ratio: 300\/200;\" \/><\/p>\n<p style=\"text-align: justify;\">\u00a0Santo Domingo, RD.- El diputado nacional electo del Partido Revolucionario Dominicano (PRD), Ram\u00f3n Raposo, consider\u00f3 vital la participaci\u00f3n de la sociedad en el proceso de discusi\u00f3n, consenso y aprobaci\u00f3n del proyecto de ley del nuevo C\u00f3digo Penal Dominicano que est\u00e1 llevando a cabo el Congreso Nacional.<\/p>\n<p style=\"text-align: justify;\">Al ser entrevistado en el programa \u00ab<em><strong>Enfoque 16<\/strong><\/em>\u00bb conducido por el periodista Jes\u00fas Camilo, a trav\u00e9s de Telecanal 16, Raposo cr\u00edtic\u00f3 el hecho de que el Congreso Nacional quiera aprobar la iniciativa a la \u00ab<em>carrera<\/em>\u00bb en el \u00faltimo tramo de la actual legislatura.<\/p>\n<p style=\"text-align: justify;\">El legislador electo del PRD, puntualiz\u00f3 que se requiere de la aprobaci\u00f3n de un C\u00f3digo Penal que se adapte a la realidad social, econ\u00f3mica y cultural de los nuevos tiempos, ya que la legislaci\u00f3n actual es arcaica y no contempla penas para decenas de delitos que se cometen en la actualidad.<\/p>\n<p style=\"text-align: justify;\">Se\u00f1al\u00f3, que hace m\u00e1s de 24 a\u00f1os que se est\u00e1 debatiendo la posibilidad de modificar ese marco legal, incluyendo los cuatro a\u00f1os de gesti\u00f3n de la actual C\u00e1mara de Diputados y el Senado, que ha de concluir el pr\u00f3ximo 16 de agosto, por lo que no ve prudente que esa pieza legislativa se modifique a vapor sin el consejo de la sociedad.<\/p>\n<p style=\"text-align: justify;\">Resalt\u00f3 que hay diversos sectores que han mostrado su inquietud en torno a que el nuevo proyecto es garantista y flexible en torno a la violaci\u00f3n de derechos de los ni\u00f1os, ni\u00f1as y adolescentes; de las mujeres y otros aspectos.<\/p>\n<p style=\"text-align: justify;\">Deplor\u00f3 que <em>\u00abla sociedad de hoy no es la misma de ayer\u00bb<\/em> al tiempo que llam\u00f3 a la clase pol\u00edtica a entender que la ciudadan\u00eda est\u00e1 empoderada, exige su participaci\u00f3n y opini\u00f3n en los temas nodales que ata\u00f1en a todos los dominicanos.<\/p>\n<p style=\"text-align: justify;\">\u00a0<strong>Sobre las tres causales\u00a0<\/strong><\/p>\n<p style=\"text-align: justify;\">El lesgislador electo sostuvo que el tema de las tres causales debe tratarse en un contexto socio-cultural y mostrar a la ciudadan\u00eda, las debilidades que tiene el Estado en el cumplimiento de los derechos y apoyo a las personas que resultan v\u00edctimas de alguna violaci\u00f3n, y de aquellas familias donde existe alg\u00fan integrante con cierto padecimiento de nacimiento.<\/p>\n<p>Fuente: El Estado RD<\/p>\n","protected":false},"excerpt":{"rendered":"<p>\u00a0Santo Domingo, RD.- El diputado nacional electo del Partido Revolucionario Dominicano (PRD), Ram\u00f3n Raposo, consider\u00f3<\/p>\n","protected":false},"author":1,"featured_media":0,"comment_status":"open","ping_status":"open","sticky":false,"template":"","format":"standard","meta":{"footnotes":""},"categories":[7],"tags":[],"class_list":["post-21104","post","type-post","status-publish","format-standard","hentry","category-nacionales"],"_links":{"self":[{"href":"https:\/\/defrentealaverdad.com\/index.php\/wp-json\/wp\/v2\/posts\/21104","targetHints":{"allow":["GET"]}}],"collection":[{"href":"https:\/\/defrentealaverdad.com\/index.php\/wp-json\/wp\/v2\/posts"}],"about":[{"href":"https:\/\/defrentealaverdad.com\/index.php\/wp-json\/wp\/v2\/types\/post"}],"author":[{"embeddable":true,"href":"https:\/\/defrentealaverdad.com\/index.php\/wp-json\/wp\/v2\/users\/1"}],"replies":[{"embeddable":true,"href":"https:\/\/defrentealaverdad.com\/index.php\/wp-json\/wp\/v2\/comments?post=21104"}],"version-history":[{"count":1,"href":"https:\/\/defrentealaverdad.com\/index.php\/wp-json\/wp\/v2\/posts\/21104\/revisions"}],"predecessor-version":[{"id":21106,"href":"https:\/\/defrentealaverdad.com\/index.php\/wp-json\/wp\/v2\/posts\/21104\/revisions\/21106"}],"wp:attachment":[{"href":"https:\/\/defrentealaverdad.com\/index.php\/wp-json\/wp\/v2\/media?parent=21104"}],"wp:term":[{"taxonomy":"category","embeddable":true,"href":"https:\/\/defrentealaverdad.com\/index.php\/wp-json\/wp\/v2\/categories?post=21104"},{"taxonomy":"post_tag","embeddable":true,"href":"https:\/\/defrentealaverdad.com\/index.php\/wp-json\/wp\/v2\/tags?post=21104"}],"curies":[{"name":"wp","href":"https:\/\/api.w.org\/{rel}","templated":true}]}}