{"id":21101,"date":"2024-07-21T15:00:03","date_gmt":"2024-07-21T15:00:03","guid":{"rendered":"https:\/\/defrentealaverdad.com\/?p=21101"},"modified":"2024-07-21T15:00:34","modified_gmt":"2024-07-21T15:00:34","slug":"desmantelan-invernadero-con-plantacion-de-marihuana-en-guerra","status":"publish","type":"post","link":"https:\/\/defrentealaverdad.com\/index.php\/2024\/07\/21\/desmantelan-invernadero-con-plantacion-de-marihuana-en-guerra\/","title":{"rendered":"Desmantelan invernadero con plantaci\u00f3n de Marihuana en Guerra"},"content":{"rendered":"<div id=\"header-container\">\n<div id=\"header\" class=\"header\">\n<div class=\"header-bar\">\n<h1 title=\"El Le\u00f1o Pinto Digital\"><\/h1>\n<\/div>\n<\/div>\n<\/div>\n<div id=\"main\" class=\"hfeed \" tabindex=\"0\">\n<div class=\"article hentry \">\n<div class=\"article-content entry-content\">\n<div class=\"separator\"><a href=\"https:\/\/blogger.googleusercontent.com\/img\/b\/R29vZ2xl\/AVvXsEh6NQQm1NOG1oWtAQQyVzxLLp_C9852V4I6qZWViiDTN4B9KMK4hZJsIff6pv8kEyO1GsT-RqvkFTV5fLAVhGxXjFecbKBJMfwKelAb6UlDz_QsE9I3HrailuH3ROEe5CZRWDLRY_yBPopsk2rQd0n7kYjnhceMRC5jty8Bty0KH-YC5f20dXbZLJFlvMk\/s600\/IMG-20240721-WA0010.jpg\"><img decoding=\"async\" class=\"alignleft lazyload\" data-src=\"https:\/\/blogger.googleusercontent.com\/img\/b\/R29vZ2xl\/AVvXsEh6NQQm1NOG1oWtAQQyVzxLLp_C9852V4I6qZWViiDTN4B9KMK4hZJsIff6pv8kEyO1GsT-RqvkFTV5fLAVhGxXjFecbKBJMfwKelAb6UlDz_QsE9I3HrailuH3ROEe5CZRWDLRY_yBPopsk2rQd0n7kYjnhceMRC5jty8Bty0KH-YC5f20dXbZLJFlvMk\/w400-h225\/IMG-20240721-WA0010.jpg\" width=\"400\" height=\"225\" border=\"0\" data-original-height=\"338\" data-original-width=\"600\" src=\"data:image\/svg+xml;base64,PHN2ZyB3aWR0aD0iMSIgaGVpZ2h0PSIxIiB4bWxucz0iaHR0cDovL3d3dy53My5vcmcvMjAwMC9zdmciPjwvc3ZnPg==\" style=\"--smush-placeholder-width: 400px; --smush-placeholder-aspect-ratio: 400\/225;\" \/><\/a><\/div>\n<div><\/div>\n<div><\/div>\n<div>\n<div style=\"text-align: justify;\">Santo Domingo.- Un invernadero con una plantaci\u00f3n de 216 matas de marihuana, fue desmantelado por agentes de la Direcci\u00f3n Nacional de Control de Drogas (DNCD) y miembros del Ministerio P\u00fablico, durante un operativo de interdicci\u00f3n conjunta desarrollado en el municipio de Guerra, provincia Santo Domingo.<\/div>\n<div><\/div>\n<div><\/div>\n<div style=\"text-align: justify;\">Los agentes antinarc\u00f3ticos, recibieron informes de inteligencia de que varios individuos, se estaban dedicando al cultivo y venta de marihuana, pr\u00f3ximo a una finca del sector la Pluma de la referida localidad, lo que moviliz\u00f3 a los equipos operacionales a la zona.<\/div>\n<div><\/div>\n<div><\/div>\n<div style=\"text-align: justify;\">En compa\u00f1\u00eda de un fiscal se ejecut\u00f3 la orden de allanamiento (n\u00famero 530-2024) para capturar a unos tales \u201cChiquito y Envencio\u201d, quienes al notar la presencia de las autoridades emprendieron la huida. En el lugar fue detenido un hombre para fines de investigaci\u00f3n.<\/div>\n<\/div>\n<div><\/div>\n<div>\n<div style=\"text-align: justify;\">Al ser inspeccionada la finca, se decomisaron sembradas, 200 matas, con alturas de tres y cuatro metros, una porci\u00f3n del vegetal con un peso de 454 gramos, as\u00ed como varios tarros con otras 16 plantas, para un total de 216, con un peso aproximado a las 112 libras de marihuana.<\/div>\n<\/div>\n<div><\/div>\n<div>\n<div style=\"text-align: justify;\">Las unidades operativas, confiscaron adem\u00e1s, 02 plantas el\u00e9ctricas, 10 extractores, 02 bombas de agua, 02 aires acondicionado, 12 abanicos, una sierra el\u00e9ctrica, una nevera, una bomba de fumigaci\u00f3n, un tanque de gas, un peso an\u00e1logo, entre otras evidencias.<\/div>\n<div><\/div>\n<div><\/div>\n<div style=\"text-align: justify;\">El Ministerio P\u00fablico y la DNCD ampl\u00edan las investigaciones en relaci\u00f3n al desmantelamiento de esta plantaci\u00f3n de marihuana y exhortan a alias \u201cChiquito y Envencio\u201d entregarse a las autoridades.<\/div>\n<div><\/div>\n<div><\/div>\n<div style=\"text-align: justify;\">Los organismos oficiales han reforzado las operaciones de interdicci\u00f3n y advierten que seguir\u00e1n cerrando el cerco para arrestar y poner a disposici\u00f3n de la justicia a los integrantes de estas redes dedicadas al tr\u00e1fico il\u00edcito de drogas.<\/div>\n<\/div>\n<\/div>\n<\/div>\n<\/div>\n<div><\/div>\n<div><\/div>\n<div>Fuente: Prensa DNCD<\/div>\n","protected":false},"excerpt":{"rendered":"<p>Santo Domingo.- Un invernadero con una plantaci\u00f3n de 216 matas de marihuana, fue desmantelado por<\/p>\n","protected":false},"author":1,"featured_media":0,"comment_status":"open","ping_status":"open","sticky":false,"template":"","format":"standard","meta":{"footnotes":""},"categories":[7],"tags":[],"class_list":["post-21101","post","type-post","status-publish","format-standard","hentry","category-nacionales"],"_links":{"self":[{"href":"https:\/\/defrentealaverdad.com\/index.php\/wp-json\/wp\/v2\/posts\/21101","targetHints":{"allow":["GET"]}}],"collection":[{"href":"https:\/\/defrentealaverdad.com\/index.php\/wp-json\/wp\/v2\/posts"}],"about":[{"href":"https:\/\/defrentealaverdad.com\/index.php\/wp-json\/wp\/v2\/types\/post"}],"author":[{"embeddable":true,"href":"https:\/\/defrentealaverdad.com\/index.php\/wp-json\/wp\/v2\/users\/1"}],"replies":[{"embeddable":true,"href":"https:\/\/defrentealaverdad.com\/index.php\/wp-json\/wp\/v2\/comments?post=21101"}],"version-history":[{"count":2,"href":"https:\/\/defrentealaverdad.com\/index.php\/wp-json\/wp\/v2\/posts\/21101\/revisions"}],"predecessor-version":[{"id":21103,"href":"https:\/\/defrentealaverdad.com\/index.php\/wp-json\/wp\/v2\/posts\/21101\/revisions\/21103"}],"wp:attachment":[{"href":"https:\/\/defrentealaverdad.com\/index.php\/wp-json\/wp\/v2\/media?parent=21101"}],"wp:term":[{"taxonomy":"category","embeddable":true,"href":"https:\/\/defrentealaverdad.com\/index.php\/wp-json\/wp\/v2\/categories?post=21101"},{"taxonomy":"post_tag","embeddable":true,"href":"https:\/\/defrentealaverdad.com\/index.php\/wp-json\/wp\/v2\/tags?post=21101"}],"curies":[{"name":"wp","href":"https:\/\/api.w.org\/{rel}","templated":true}]}}