{"id":2107,"date":"2022-11-14T13:38:23","date_gmt":"2022-11-14T13:38:23","guid":{"rendered":"https:\/\/defrentealaverdad.com\/?p=2107"},"modified":"2022-11-14T13:39:43","modified_gmt":"2022-11-14T13:39:43","slug":"la-autora-y-experta-en-mercadeo-editorial-elsa-ilardo-presenta-publica-tu-libro-con-exito-una-herramienta-indispensable-para-nuevos-autores","status":"publish","type":"post","link":"https:\/\/defrentealaverdad.com\/index.php\/2022\/11\/14\/la-autora-y-experta-en-mercadeo-editorial-elsa-ilardo-presenta-publica-tu-libro-con-exito-una-herramienta-indispensable-para-nuevos-autores\/","title":{"rendered":"La autora y experta en mercadeo editorial, Elsa iLardo, presenta \u201cPublica tu libro con \u00e9xito\u201d, una herramienta indispensable para nuevos autores"},"content":{"rendered":"<p><img decoding=\"async\" class=\"alignnone size-medium wp-image-2108 aligncenter lazyload\" data-src=\"https:\/\/defrentealaverdad.com\/wp-content\/uploads\/2022\/11\/unnamed-300x169.jpg\" alt=\"\" width=\"300\" height=\"169\" data-srcset=\"https:\/\/defrentealaverdad.com\/wp-content\/uploads\/2022\/11\/unnamed-300x169.jpg 300w, https:\/\/defrentealaverdad.com\/wp-content\/uploads\/2022\/11\/unnamed.jpg 678w\" data-sizes=\"(max-width: 300px) 100vw, 300px\" src=\"data:image\/svg+xml;base64,PHN2ZyB3aWR0aD0iMSIgaGVpZ2h0PSIxIiB4bWxucz0iaHR0cDovL3d3dy53My5vcmcvMjAwMC9zdmciPjwvc3ZnPg==\" style=\"--smush-placeholder-width: 300px; --smush-placeholder-aspect-ratio: 300\/169;\" \/><\/p>\n<p style=\"text-align: justify;\"><em>Deltona, Florida USA\u00a0<\/em>\u2013<em>\u00a014\u00a0de noviembre de 2022\u00a0<\/em>\u2013\u00a0Tras una larga trayectoria en la industria editorial, apoyando a escritores en el mercadeo exitoso de sus obras, sumada a su propia experiencia como autora galardonada, Elsa\u00a0iLardo\u00a0da un paso m\u00e1s y lanza \u201cPublica tu libro con \u00e9xito\u201d, un libro esencial para quienes quieren ser autores y desean hacerlo de la manera correcta.<\/p>\n<p style=\"text-align: justify;\">En esta obra, Elsa ofrece a los lectores un completo manual de acci\u00f3n para poder publicar y mercadear un libro, ya sea de forma independiente, o con el respaldo de una casa editorial. En \u00e9l, de una manera creativa, \u00fatil y pr\u00e1ctica, proporciona al lector el abecedario con los t\u00e9rminos que todo autor profesional debe conocer, los 15 esenciales de mercadeo para autores, adem\u00e1s de lo que ella ha denominado: \u201cLa ruta del autor\u201d, que incluye una gu\u00eda de pasos para la publicaci\u00f3n y registro del libro.<\/p>\n<p style=\"text-align: justify;\">Adem\u00e1s, en su inter\u00e9s de ayudar a los autores independientes a trabajar en el mercadeo de su libro desde el inicio, ha complementado esta obra con un reto virtual, llamado \u201cLa idea de tu libro\u201d\u00a0y todo un programa online de soporte. Todos estos\u00a0recursos\u00a0digitales proveen soluciones para los escritores. El\u00a0webinar\u00a0\u201cC\u00f3mo publico\u00a0mi libro\u201d\u00a0est\u00e1 dise\u00f1ado para dirigir a los autores en los pasos correctos para crear un libro. El\u00a0podcast \u201cMercadeo para autores\u201d\u00a0intenta compartir ideas para autores en el \u00e1rea de mercadeo\u00a0y\u00a0el\u00a0programa\u00a0de capacitaci\u00f3n\u00a0\u201c\u00c9xito con tu libro\u201d lleva a la persona a trav\u00e9s de tutoriales espec\u00edficos para que la persona logre escribir, publicar y promover su libro exitosamente y de forma acelerada. \u201cMi misi\u00f3n es ayudar a subir la vara de la publicaci\u00f3n independiente para que los autores hispanos podamos seguir alcanzando posiciones de relevancia en nuestra comunidad, publicando profesionalmente\u201d.<\/p>\n<p style=\"text-align: justify;\">Ofelia P\u00e9rez, reconocida editora y autora, fue la encargada de prologar esta maravillosa herramienta, y expresa su opini\u00f3n, diciendo: \u201c<em>Tenemos que lograr que los autores comprendan lo indispensable que es el mercadeo correcto de su libro. Elsa\u00a0<\/em><em>iLardo<\/em><em>\u00a0es la experta y sus resultados, no solo con libros de otros, sino con su propio libro, dan fe de su sabidur\u00eda. Est\u00e1 equipada con la autoridad para decirte c\u00f3mo mercadear tu libro. Sigue sus instrucciones. \u00c9xito asegurado\u201d.<\/em><\/p>\n<p style=\"text-align: justify;\">\u201cPublica tu libro con \u00e9xito\u201d ya est\u00e1 disponible en\u00a0<a href=\"https:\/\/contextomediagroup.us12.list-manage.com\/track\/click?u=3539fcbfe953c0ac53d58614a&amp;id=db9cd76038&amp;e=a6f1e786d3\" target=\"_blank\" rel=\"noopener\" data-saferedirecturl=\"https:\/\/www.google.com\/url?q=https:\/\/contextomediagroup.us12.list-manage.com\/track\/click?u%3D3539fcbfe953c0ac53d58614a%26id%3Ddb9cd76038%26e%3Da6f1e786d3&amp;source=gmail&amp;ust=1668519336990000&amp;usg=AOvVaw02AVmmdNBT2RkCFPFxld2t\">Amazon<\/a>\u00a0y en la p\u00e1gina web\u00a0<a href=\"https:\/\/contextomediagroup.us12.list-manage.com\/track\/click?u=3539fcbfe953c0ac53d58614a&amp;id=e8833deed6&amp;e=a6f1e786d3\" target=\"_blank\" rel=\"noopener\" data-saferedirecturl=\"https:\/\/www.google.com\/url?q=https:\/\/contextomediagroup.us12.list-manage.com\/track\/click?u%3D3539fcbfe953c0ac53d58614a%26id%3De8833deed6%26e%3Da6f1e786d3&amp;source=gmail&amp;ust=1668519336990000&amp;usg=AOvVaw339i8hVDlBULo61YE87GpY\">www.publicatulibroconexito.com<\/a><wbr \/>\u00a0y el 18 de noviembre estar\u00e1 ofreciendo un evento gratuito para la comunidad en donde presentar\u00e1 su proyecto y lo har\u00e1 disponible para la venta. Tambi\u00e9n el 26 de noviembre ofrecer\u00e1 un taller privado en las facilidades de Pura Vida\u00a0Books\u00a0para personas que quieran dar sus primeros pasos hacia la realizaci\u00f3n de este sue\u00f1o.<\/p>\n<p><img decoding=\"async\" class=\"alignnone size-medium wp-image-2109 aligncenter lazyload\" data-src=\"https:\/\/defrentealaverdad.com\/wp-content\/uploads\/2022\/11\/unnamed-1-206x300.jpg\" alt=\"\" width=\"206\" height=\"300\" data-srcset=\"https:\/\/defrentealaverdad.com\/wp-content\/uploads\/2022\/11\/unnamed-1-206x300.jpg 206w, https:\/\/defrentealaverdad.com\/wp-content\/uploads\/2022\/11\/unnamed-1-704x1024.jpg 704w, https:\/\/defrentealaverdad.com\/wp-content\/uploads\/2022\/11\/unnamed-1-768x1117.jpg 768w, https:\/\/defrentealaverdad.com\/wp-content\/uploads\/2022\/11\/unnamed-1-1056x1536.jpg 1056w, https:\/\/defrentealaverdad.com\/wp-content\/uploads\/2022\/11\/unnamed-1-1408x2048.jpg 1408w, https:\/\/defrentealaverdad.com\/wp-content\/uploads\/2022\/11\/unnamed-1.jpg 1698w\" data-sizes=\"(max-width: 206px) 100vw, 206px\" src=\"data:image\/svg+xml;base64,PHN2ZyB3aWR0aD0iMSIgaGVpZ2h0PSIxIiB4bWxucz0iaHR0cDovL3d3dy53My5vcmcvMjAwMC9zdmciPjwvc3ZnPg==\" style=\"--smush-placeholder-width: 206px; --smush-placeholder-aspect-ratio: 206\/300;\" \/><\/p>\n<p><b>Sobre la autora<\/b><\/p>\n<p style=\"text-align: justify;\"><b>Elsa iLardo<\/b>\u00a0inici\u00f3 su carrera como escritora y novelista en el a\u00f1o 2020, cuando public\u00f3<b><i>\u00a0\u00abMi tabla de salvaci\u00f3n: Pamela en su b\u00fasqueda del amor verdadero\u00bb<\/i><\/b>, la primera de una serie de novelas originales, escritas por esta destacada autora. Esta primera novela fue traducida y publicada en ingl\u00e9s ese mismo a\u00f1o. En el 2021 public\u00f3, junto a su esposo, el libro<b><i>\u00a0\u00ab90 d\u00edas para tu matrimonio\u00bb<\/i><\/b>, un devocional biling\u00fce para parejas; y en este 2022, nos presenta la segunda parte de\u00a0<b><i>\u00abMi tabla de salvaci\u00f3n\u00bb<\/i><\/b>.<\/p>\n<p style=\"text-align: justify;\">Mujer visionaria con estudios de posgrado en publicidad y mercadeo, Elsa sostuvo una reconocida trayectoria como experta en mercadeo en diversas industrias, incluyendo la industria literaria hispana. Es tambi\u00e9n la fundadora y directora, junto a su esposo, Stephen iLardo, de la plataforma<b><i>\u00a0Hispanos Media<\/i><\/b>; y, desde el 2013, es creadora de contenido en su blog \u00abMi tabla de salvaci\u00f3n\u00bb, que tiene miles de seguidores.<\/p>\n<p style=\"text-align: justify;\">A la par de sus intereses por la escritura, Elsa trabaja con su esposo Stephen iLardo como entrenadores del programa de matrimonios<b><i>\u00a0\u201cLive the Life\u201d<\/i><\/b>\u00a0en la Florida Central. Juntos, ofrecen talleres a iglesias para incrementar la comunicaci\u00f3n en las relaciones de parejas, as\u00ed como clases prematrimoniales y programas de urgencia para parejas en crisis.<\/p>\n<p style=\"text-align: justify;\">Elsa tambi\u00e9n es conferencista, mentora de mujeres y creadora de\u00a0<b><i>\u201cMujer Sana\u201d<\/i>,<\/b>\u00a0conferencias de ayuda a las mujeres para sanar emocionalmente de las heridas del pasado. Es invitada a eventos, congresos y actividades para damas, con el fin de trabajar temas de sanidad interior y la importancia de la belleza interna, m\u00e1s que la externa. Adem\u00e1s, expresa su pasi\u00f3n por Dios mediante una activa vida ministerial en<i>\u00a0Lake Mary Church<\/i>, iglesia donde se congrega con su familia. En la actualidad reside en la Florida Central junto a su esposo e hijos.<\/p>\n<p>&nbsp;<\/p>\n<p>Fuente: <span class=\"qu\" tabindex=\"-1\" role=\"gridcell\" translate=\"no\"><span class=\"gD\" data-hovercard-id=\"info@contextomediagroup.com\" data-hovercard-owner-id=\"142\">Contexto Media Group<\/span><\/span><\/p>\n","protected":false},"excerpt":{"rendered":"<p>Deltona, Florida USA\u00a0\u2013\u00a014\u00a0de noviembre de 2022\u00a0\u2013\u00a0Tras una larga trayectoria en la industria editorial, apoyando a<\/p>\n","protected":false},"author":2,"featured_media":0,"comment_status":"open","ping_status":"open","sticky":false,"template":"","format":"standard","meta":{"footnotes":""},"categories":[6,16],"tags":[],"class_list":["post-2107","post","type-post","status-publish","format-standard","hentry","category-espectaculos","category-internacionales"],"_links":{"self":[{"href":"https:\/\/defrentealaverdad.com\/index.php\/wp-json\/wp\/v2\/posts\/2107","targetHints":{"allow":["GET"]}}],"collection":[{"href":"https:\/\/defrentealaverdad.com\/index.php\/wp-json\/wp\/v2\/posts"}],"about":[{"href":"https:\/\/defrentealaverdad.com\/index.php\/wp-json\/wp\/v2\/types\/post"}],"author":[{"embeddable":true,"href":"https:\/\/defrentealaverdad.com\/index.php\/wp-json\/wp\/v2\/users\/2"}],"replies":[{"embeddable":true,"href":"https:\/\/defrentealaverdad.com\/index.php\/wp-json\/wp\/v2\/comments?post=2107"}],"version-history":[{"count":2,"href":"https:\/\/defrentealaverdad.com\/index.php\/wp-json\/wp\/v2\/posts\/2107\/revisions"}],"predecessor-version":[{"id":2111,"href":"https:\/\/defrentealaverdad.com\/index.php\/wp-json\/wp\/v2\/posts\/2107\/revisions\/2111"}],"wp:attachment":[{"href":"https:\/\/defrentealaverdad.com\/index.php\/wp-json\/wp\/v2\/media?parent=2107"}],"wp:term":[{"taxonomy":"category","embeddable":true,"href":"https:\/\/defrentealaverdad.com\/index.php\/wp-json\/wp\/v2\/categories?post=2107"},{"taxonomy":"post_tag","embeddable":true,"href":"https:\/\/defrentealaverdad.com\/index.php\/wp-json\/wp\/v2\/tags?post=2107"}],"curies":[{"name":"wp","href":"https:\/\/api.w.org\/{rel}","templated":true}]}}