{"id":2102,"date":"2022-11-14T13:29:01","date_gmt":"2022-11-14T13:29:01","guid":{"rendered":"https:\/\/defrentealaverdad.com\/?p=2102"},"modified":"2022-11-14T13:29:01","modified_gmt":"2022-11-14T13:29:01","slug":"historico-encuentro-de-artistas-y-comunicadores-en-la-primera-edicion-de-premios-el-galardon-puerto-rico","status":"publish","type":"post","link":"https:\/\/defrentealaverdad.com\/index.php\/2022\/11\/14\/historico-encuentro-de-artistas-y-comunicadores-en-la-primera-edicion-de-premios-el-galardon-puerto-rico\/","title":{"rendered":"Hist\u00f3rico encuentro de artistas y comunicadores en la primera edici\u00f3n de Premios El Galard\u00f3n Puerto Rico"},"content":{"rendered":"<p><img decoding=\"async\" class=\"size-medium wp-image-2103 aligncenter lazyload\" data-src=\"https:\/\/defrentealaverdad.com\/wp-content\/uploads\/2022\/11\/9efe2c53-3ac1-4b84-ac35-f34b1f533610-300x169.jpg\" alt=\"\" width=\"300\" height=\"169\" data-srcset=\"https:\/\/defrentealaverdad.com\/wp-content\/uploads\/2022\/11\/9efe2c53-3ac1-4b84-ac35-f34b1f533610-300x169.jpg 300w, https:\/\/defrentealaverdad.com\/wp-content\/uploads\/2022\/11\/9efe2c53-3ac1-4b84-ac35-f34b1f533610-1024x576.jpg 1024w, https:\/\/defrentealaverdad.com\/wp-content\/uploads\/2022\/11\/9efe2c53-3ac1-4b84-ac35-f34b1f533610-768x432.jpg 768w, https:\/\/defrentealaverdad.com\/wp-content\/uploads\/2022\/11\/9efe2c53-3ac1-4b84-ac35-f34b1f533610-800x450.jpg 800w, https:\/\/defrentealaverdad.com\/wp-content\/uploads\/2022\/11\/9efe2c53-3ac1-4b84-ac35-f34b1f533610.jpg 1280w\" data-sizes=\"(max-width: 300px) 100vw, 300px\" src=\"data:image\/svg+xml;base64,PHN2ZyB3aWR0aD0iMSIgaGVpZ2h0PSIxIiB4bWxucz0iaHR0cDovL3d3dy53My5vcmcvMjAwMC9zdmciPjwvc3ZnPg==\" style=\"--smush-placeholder-width: 300px; --smush-placeholder-aspect-ratio: 300\/169;\" \/><\/p>\n<p style=\"text-align: justify;\"><em>San Juan, Puerto Rico.<\/em> El prestigioso T<strong>eatro Alejandro Tapia<\/strong> fue el escenario donde los artistas y comunicadores cristianos de Puerto Rico se dieron cita para exaltar a Dios y honrar a hombres y mujeres de la fe, el pasado jueves 10 de noviembre, en la primera entrega de<strong> Premios El Galardon en la Isla del Cordero.<\/strong><\/p>\n<p>Esta primera edici\u00f3n fue una noche llena de emociones, l\u00e1grimas, honra y gratitud a Dios, en un encuentro \u00fanico de la comunidad cristiana en Puerto Rico, conducido por los comunicadores Emanuel S\u00e1nchez y Margaret P\u00e9rez.<\/p>\n<p>El evento tuvo un respaldo contundente de l\u00edderes, amigos y colegas, como muestra del respaldo de Dios a la iniciativa de su ide\u00f3logo comunicador Danny Ram\u00edrez, quien logr\u00f3 traer Premios El Galard\u00f3n a Puerto Rico, con el apoyo de Radio Vida como emisora oficial.<br \/>\n<img decoding=\"async\" class=\"size-medium wp-image-2104 aligncenter lazyload\" data-src=\"https:\/\/defrentealaverdad.com\/wp-content\/uploads\/2022\/11\/545fe34e-39aa-4b52-96c8-d7a0bf51aa2e-300x169.jpg\" alt=\"\" width=\"300\" height=\"169\" data-srcset=\"https:\/\/defrentealaverdad.com\/wp-content\/uploads\/2022\/11\/545fe34e-39aa-4b52-96c8-d7a0bf51aa2e-300x169.jpg 300w, https:\/\/defrentealaverdad.com\/wp-content\/uploads\/2022\/11\/545fe34e-39aa-4b52-96c8-d7a0bf51aa2e-1024x576.jpg 1024w, https:\/\/defrentealaverdad.com\/wp-content\/uploads\/2022\/11\/545fe34e-39aa-4b52-96c8-d7a0bf51aa2e-768x432.jpg 768w, https:\/\/defrentealaverdad.com\/wp-content\/uploads\/2022\/11\/545fe34e-39aa-4b52-96c8-d7a0bf51aa2e-800x450.jpg 800w, https:\/\/defrentealaverdad.com\/wp-content\/uploads\/2022\/11\/545fe34e-39aa-4b52-96c8-d7a0bf51aa2e.jpg 1280w\" data-sizes=\"(max-width: 300px) 100vw, 300px\" src=\"data:image\/svg+xml;base64,PHN2ZyB3aWR0aD0iMSIgaGVpZ2h0PSIxIiB4bWxucz0iaHR0cDovL3d3dy53My5vcmcvMjAwMC9zdmciPjwvc3ZnPg==\" style=\"--smush-placeholder-width: 300px; --smush-placeholder-aspect-ratio: 300\/169;\" \/><\/p>\n<p style=\"text-align: justify;\">M\u00e1s de 17 categor\u00edas, m\u00e1s de 120 nominados y varios reconocimientos a trayectorias como es el caso de Yadira Corad\u00edn por sus 30 a\u00f1os de \u00e9xitos en la m\u00fasica; as\u00edmismo se reconoci\u00f3 el trabajo del productor y pastor Luis Avil\u00e9s. Adem\u00e1s, al\u00a0pastor Otoniel Font por su dedicaci\u00f3n a la educaci\u00f3n cristiana, a Orquesta del Rey por sus aportes a la m\u00fasica tropical salsa, Vicente Mart\u00ednez, y a Radio Vida por sus 40 a\u00f1os llevando el mensaje como medio de comunicaci\u00f3n.<\/p>\n<p style=\"text-align: justify;\">\nLa gala cont\u00f3 con la participaci\u00f3n especial de Ren\u00e9 Gonz\u00e1lez, Wanda Rol\u00f3n, Pauneto, Romy Ram, Luis Armando, Anlly Piantini, Light Ram\u00edrez, Yelitza Cintr\u00f3n, Sharil, Leo Soriano, Dariann Gonz\u00e1lez, Plenabanza, el musical Dioses a cargo de Jey Mart\u00ednez, Rubel, Bramv, Mike Zoto y Kevin Yamil.<\/p>\n<p style=\"text-align: justify;\">La producci\u00f3n general del hist\u00f3rico evento, estuvo dirigido por \u00c1gueda Su\u00e1rez, quien, junto a un extraordinario equipo de trabajo, logr\u00f3 poner en escena la ceremonia de entrega de premios, siguiendo un gui\u00f3n bien estructurado, ameno y con mucha profesionalidad para el disfrute de todos los presentes y los que siguieron a trav\u00e9s de las redes sociales.<\/p>\n<p style=\"text-align: justify;\"><img decoding=\"async\" class=\"size-medium wp-image-2105 aligncenter lazyload\" data-src=\"https:\/\/defrentealaverdad.com\/wp-content\/uploads\/2022\/11\/050af565-3ac5-4c7c-9eab-e28b95d3ddf8-300x169.jpg\" alt=\"\" width=\"300\" height=\"169\" data-srcset=\"https:\/\/defrentealaverdad.com\/wp-content\/uploads\/2022\/11\/050af565-3ac5-4c7c-9eab-e28b95d3ddf8-300x169.jpg 300w, https:\/\/defrentealaverdad.com\/wp-content\/uploads\/2022\/11\/050af565-3ac5-4c7c-9eab-e28b95d3ddf8-1024x576.jpg 1024w, https:\/\/defrentealaverdad.com\/wp-content\/uploads\/2022\/11\/050af565-3ac5-4c7c-9eab-e28b95d3ddf8-768x432.jpg 768w, https:\/\/defrentealaverdad.com\/wp-content\/uploads\/2022\/11\/050af565-3ac5-4c7c-9eab-e28b95d3ddf8-800x450.jpg 800w, https:\/\/defrentealaverdad.com\/wp-content\/uploads\/2022\/11\/050af565-3ac5-4c7c-9eab-e28b95d3ddf8.jpg 1280w\" data-sizes=\"(max-width: 300px) 100vw, 300px\" src=\"data:image\/svg+xml;base64,PHN2ZyB3aWR0aD0iMSIgaGVpZ2h0PSIxIiB4bWxucz0iaHR0cDovL3d3dy53My5vcmcvMjAwMC9zdmciPjwvc3ZnPg==\" style=\"--smush-placeholder-width: 300px; --smush-placeholder-aspect-ratio: 300\/169;\" \/><\/p>\n<p style=\"text-align: justify;\"><em>\u00abAgradez<\/em><em>co infi<\/em><em>nitamente a Dios por seguirnos abriendo puertas y cumpliendo sus promesas en la expansion de Premios El Galard\u00f3n, que busca honrar a hombres y mujeres de la fe valorando sus dones y talentos e impuls\u00e1ndoles a seguir trabajando sabiendo que el trabajo en el Se\u00f1or no es en vano\u00bb<\/em>, expres\u00f3 con alegr\u00eda el se\u00f1or Ram\u00edrez.<\/p>\n<p style=\"text-align: justify;\">Premios El Garlard\u00f3n es el m\u00e1s alto reconocimiento al arte y a la comunicaci\u00f3n cristiana de Rep\u00fablica Dominicana e Hispanoam\u00e9rica, otorgados por la Academia Cristiana de Cronistas de Arte (ACCRA), con miembros de diferentes pa\u00edses, bajo la coordinaci\u00f3n general de Danny Ram\u00edrez.<\/p>\n<p style=\"text-align: justify;\">El viernes 18 ser\u00e1 la primera edici\u00f3n de Premios El Galard\u00f3n Canad\u00e1 en la ciudad de Calgary en el Teatro Cardel a las 7:00 de la noche.<\/p>\n<p style=\"text-align: justify;\">\n<p style=\"text-align: justify;\">Fuente: Comunicaciones Premios Galard\u00f3n<\/p>\n","protected":false},"excerpt":{"rendered":"<p>San Juan, Puerto Rico. El prestigioso Teatro Alejandro Tapia fue el escenario donde los artistas<\/p>\n","protected":false},"author":2,"featured_media":0,"comment_status":"open","ping_status":"open","sticky":false,"template":"","format":"standard","meta":{"footnotes":""},"categories":[6,16],"tags":[],"class_list":["post-2102","post","type-post","status-publish","format-standard","hentry","category-espectaculos","category-internacionales"],"_links":{"self":[{"href":"https:\/\/defrentealaverdad.com\/index.php\/wp-json\/wp\/v2\/posts\/2102","targetHints":{"allow":["GET"]}}],"collection":[{"href":"https:\/\/defrentealaverdad.com\/index.php\/wp-json\/wp\/v2\/posts"}],"about":[{"href":"https:\/\/defrentealaverdad.com\/index.php\/wp-json\/wp\/v2\/types\/post"}],"author":[{"embeddable":true,"href":"https:\/\/defrentealaverdad.com\/index.php\/wp-json\/wp\/v2\/users\/2"}],"replies":[{"embeddable":true,"href":"https:\/\/defrentealaverdad.com\/index.php\/wp-json\/wp\/v2\/comments?post=2102"}],"version-history":[{"count":1,"href":"https:\/\/defrentealaverdad.com\/index.php\/wp-json\/wp\/v2\/posts\/2102\/revisions"}],"predecessor-version":[{"id":2106,"href":"https:\/\/defrentealaverdad.com\/index.php\/wp-json\/wp\/v2\/posts\/2102\/revisions\/2106"}],"wp:attachment":[{"href":"https:\/\/defrentealaverdad.com\/index.php\/wp-json\/wp\/v2\/media?parent=2102"}],"wp:term":[{"taxonomy":"category","embeddable":true,"href":"https:\/\/defrentealaverdad.com\/index.php\/wp-json\/wp\/v2\/categories?post=2102"},{"taxonomy":"post_tag","embeddable":true,"href":"https:\/\/defrentealaverdad.com\/index.php\/wp-json\/wp\/v2\/tags?post=2102"}],"curies":[{"name":"wp","href":"https:\/\/api.w.org\/{rel}","templated":true}]}}