{"id":20805,"date":"2024-07-17T01:37:39","date_gmt":"2024-07-17T01:37:39","guid":{"rendered":"https:\/\/defrentealaverdad.com\/?p=20805"},"modified":"2024-07-18T01:39:10","modified_gmt":"2024-07-18T01:39:10","slug":"los-golpes-de-la-vida-en-el-ring-del-amor","status":"publish","type":"post","link":"https:\/\/defrentealaverdad.com\/index.php\/2024\/07\/17\/los-golpes-de-la-vida-en-el-ring-del-amor\/","title":{"rendered":"Los golpes de la vida en \u201cEl Ring del amor\u201d"},"content":{"rendered":"<div class=\"post-meta\" style=\"text-align: justify;\"><\/div>\n<div class=\"post-body post-content\">\n<blockquote>\n<div>Luz Garc\u00eda y Raeldo L\u00f3pez se unen para su primer proyecto en conjunto como productores y artistas de la escena.<\/div>\n<\/blockquote>\n<div style=\"text-align: justify;\"><\/div>\n<div style=\"text-align: justify;\">Santo Domingo.- Siempre se ha dicho que el matrimonio es la \u00fanica guerra donde se duerme con el enemigo, esta comedia es un ejemplo de ello, donde ambos salen al ring de la cotidianidad en un escenario que bien pudiera ser la vida real. \u201cEl Ring del amor\u201d es protagonizada por Luz Garc\u00eda y Raeldo L\u00f3pez, bajo la direcci\u00f3n de Ram\u00f3n Santana con un texto original de Jos\u00e9 Gabriel N\u00fa\u00f1ez bajo el nombre \u201cDos de amor\u201d; la obra se estrena el 19 de septiembre en Chao Caf\u00e9 Teatro.<\/div>\n<div style=\"text-align: justify;\">\n<div class=\"separator\"><a href=\"https:\/\/lh3.googleusercontent.com\/-P0HuGySEKD4\/Zpf4R3bLTDI\/AAAAAAACXVI\/MpbCy3suFV4QNwqw2GEX0RuKGYSFfVx_QCNcBGAsYHQ\/s1600\/1000424104.jpg\"><img decoding=\"async\" class=\"alignleft lazyload\" data-src=\"https:\/\/lh3.googleusercontent.com\/-P0HuGySEKD4\/Zpf4R3bLTDI\/AAAAAAACXVI\/MpbCy3suFV4QNwqw2GEX0RuKGYSFfVx_QCNcBGAsYHQ\/s1600\/1000424104.jpg\" width=\"213\" height=\"320\" border=\"0\" data-original-height=\"1600\" data-original-width=\"1066\" src=\"data:image\/svg+xml;base64,PHN2ZyB3aWR0aD0iMSIgaGVpZ2h0PSIxIiB4bWxucz0iaHR0cDovL3d3dy53My5vcmcvMjAwMC9zdmciPjwvc3ZnPg==\" style=\"--smush-placeholder-width: 213px; --smush-placeholder-aspect-ratio: 213\/320;\" \/><\/a><\/div>\n<p>El desgaste de un matrimonio de 20 a\u00f1os que lucha contra el aburrimiento en un escenario que simboliza las luchas de poder a lo interno de una pareja contempor\u00e1nea que tiene como \u00fanica amalgama el aparato de la televisi\u00f3n. Cuando este aparato sufre un desperfecto, todas las medias verdades y fallos ignorados de los a\u00f1os, afloran haciendo que, para ellos, ahora el entretenimiento sea pelear por quien tiene la raz\u00f3n.<\/p><\/div>\n<div style=\"text-align: justify;\">\n<div class=\"separator\"><a href=\"https:\/\/lh3.googleusercontent.com\/--nL_VLEVU4M\/Zpf4Sabq6uI\/AAAAAAACXVM\/oQ1MudZdLNs8AyhLanFP5_aJUHF45JHugCNcBGAsYHQ\/s1600\/1000424072.jpg\"><img decoding=\"async\" class=\"alignright lazyload\" data-src=\"https:\/\/lh3.googleusercontent.com\/--nL_VLEVU4M\/Zpf4Sabq6uI\/AAAAAAACXVM\/oQ1MudZdLNs8AyhLanFP5_aJUHF45JHugCNcBGAsYHQ\/s1600\/1000424072.jpg\" width=\"213\" height=\"320\" border=\"0\" data-original-height=\"1600\" data-original-width=\"1066\" src=\"data:image\/svg+xml;base64,PHN2ZyB3aWR0aD0iMSIgaGVpZ2h0PSIxIiB4bWxucz0iaHR0cDovL3d3dy53My5vcmcvMjAwMC9zdmciPjwvc3ZnPg==\" style=\"--smush-placeholder-width: 213px; --smush-placeholder-aspect-ratio: 213\/320;\" \/><\/a><\/div>\n<p>\u201c<em>Luz y yo ten\u00edamos el pendiente de trabajar en un proyecto en conjunto desde hace muchos a\u00f1os&#8230; Recientemente estuvimos juntos en un espect\u00e1culo y ah\u00ed esa llama se aviv\u00f3 y nos hizo no demorar m\u00e1s esta gran experiencia a la que hemos llamado \u2018\u2019El Ring del amor\u201d,<\/em> destac\u00f3 L\u00f3pez.<\/div>\n<div style=\"text-align: justify;\"><\/div>\n<div style=\"text-align: justify;\"><em>\u201cEsta puesta representa un privilegio para mi, porque es el regreso al teatro, la cual es una de mis grandes pasiones; adem\u00e1s de que siempre he ponderado a Raeldo un artista integral, s\u00e9 de sus grandes cualidades para la\u00a0<\/em><em>actuaci\u00f3n, el stand up, as\u00ed como la producci\u00f3n. Este es el inicio de varios proyectos que ya iremos anunciando m\u00e1s adelante\u201d,<\/em> expres\u00f3 Luz Garc\u00eda.<\/div>\n<div style=\"text-align: justify;\"><\/div>\n<div style=\"text-align: justify;\">\u00c1ngel (Raeldo) &#8211; Un chabacano machista que da por sentado el matrimonio a su mujer. Sus hijos est\u00e1n grandes y en medio de la crisis de la mediana edad, ha comenzado a ver otras mujeres. Su despreocupaci\u00f3n general por todo ya ha hecho que su mujer le rechace.<\/div>\n<div style=\"text-align: justify;\"><\/div>\n<div style=\"text-align: justify;\">Angelica (Luz) &#8211; La se\u00f1ora que aun sufriendo se queda en el matrimonio que no le complace por el qu\u00e9 dir\u00e1n. Decide seguir el juego de su marido de abrir la pareja a nuevas experiencias y eso termina revirti\u00e9ndose en la cara de su ide\u00f3logo. El aburrimiento y la desidia son su nueva normalidad.<\/div>\n<\/div>\n<div style=\"text-align: justify;\"><\/div>\n<div>Fuente: Herrera Farandula<\/div>\n","protected":false},"excerpt":{"rendered":"<p>Luz Garc\u00eda y Raeldo L\u00f3pez se unen para su primer proyecto en conjunto como productores<\/p>\n","protected":false},"author":2,"featured_media":0,"comment_status":"open","ping_status":"open","sticky":false,"template":"","format":"standard","meta":{"footnotes":""},"categories":[6],"tags":[],"class_list":["post-20805","post","type-post","status-publish","format-standard","hentry","category-espectaculos"],"_links":{"self":[{"href":"https:\/\/defrentealaverdad.com\/index.php\/wp-json\/wp\/v2\/posts\/20805","targetHints":{"allow":["GET"]}}],"collection":[{"href":"https:\/\/defrentealaverdad.com\/index.php\/wp-json\/wp\/v2\/posts"}],"about":[{"href":"https:\/\/defrentealaverdad.com\/index.php\/wp-json\/wp\/v2\/types\/post"}],"author":[{"embeddable":true,"href":"https:\/\/defrentealaverdad.com\/index.php\/wp-json\/wp\/v2\/users\/2"}],"replies":[{"embeddable":true,"href":"https:\/\/defrentealaverdad.com\/index.php\/wp-json\/wp\/v2\/comments?post=20805"}],"version-history":[{"count":1,"href":"https:\/\/defrentealaverdad.com\/index.php\/wp-json\/wp\/v2\/posts\/20805\/revisions"}],"predecessor-version":[{"id":20806,"href":"https:\/\/defrentealaverdad.com\/index.php\/wp-json\/wp\/v2\/posts\/20805\/revisions\/20806"}],"wp:attachment":[{"href":"https:\/\/defrentealaverdad.com\/index.php\/wp-json\/wp\/v2\/media?parent=20805"}],"wp:term":[{"taxonomy":"category","embeddable":true,"href":"https:\/\/defrentealaverdad.com\/index.php\/wp-json\/wp\/v2\/categories?post=20805"},{"taxonomy":"post_tag","embeddable":true,"href":"https:\/\/defrentealaverdad.com\/index.php\/wp-json\/wp\/v2\/tags?post=20805"}],"curies":[{"name":"wp","href":"https:\/\/api.w.org\/{rel}","templated":true}]}}