{"id":20803,"date":"2024-07-17T01:36:20","date_gmt":"2024-07-17T01:36:20","guid":{"rendered":"https:\/\/defrentealaverdad.com\/?p=20803"},"modified":"2024-07-18T01:37:23","modified_gmt":"2024-07-18T01:37:23","slug":"luz-garcia-presenta-programa-especial-de-la-temporada-noche-de-luz-en-verano-sabor-tropical","status":"publish","type":"post","link":"https:\/\/defrentealaverdad.com\/index.php\/2024\/07\/17\/luz-garcia-presenta-programa-especial-de-la-temporada-noche-de-luz-en-verano-sabor-tropical\/","title":{"rendered":"Luz Garc\u00eda presenta programa especial de la temporada: \u201cNoche De Luz en Verano, Sabor Tropical\u201d"},"content":{"rendered":"<blockquote>\n<p style=\"text-align: justify;\"><b><i>Un verano lleno de m\u00fasica, entretenimiento y grandes artistas en Casa de Campo Resort &amp; Villas junto a Luz Garc\u00eda .<\/i><\/b><\/p>\n<\/blockquote>\n<p style=\"text-align: justify;\">Santo Domingo.- La experimentada comunicadora y productora Luz Garc\u00eda se renueva con m\u00e1s fuerza para iniciar el verano en la Rep\u00fablica Dominicana. La playa, la arena y el sol forman parte del escenario de las revelaciones que, durante los meses de julio y agosto, traer\u00e1 \u201cNoche De Luz en Verano, Sabor Tropical\u201d a todos sus seguidores. Una propuesta especial para celebrar la temporada m\u00e1s caliente del a\u00f1o.<\/p>\n<p style=\"text-align: justify;\">Se trata de cuatro programas especiales realizados en uno de los destinos tur\u00edsticos de lujo m\u00e1s conocidos del Caribe, Casa de Campo Resort &amp; Villas. En la primera entrega, este pr\u00f3ximo domingo 21 de julio por Antena 7, los invitados especiales ser\u00e1n la comunicadora y animadora Caroline Aquino y el cantante Mark B. Ambos se confesar\u00e1n sin miedo en el espacio m\u00e1s hot y lleno de sabor tropical, \u201cNoche De Luz\u201d.<\/p>\n<p style=\"text-align: justify;\"><img decoding=\"async\" class=\"aligncenter lazyload\" data-src=\"https:\/\/lh3.googleusercontent.com\/-5uiSAbCQud0\/ZphscGm8ylI\/AAAAAAACXWs\/jQdfuPrOLDImjhX1S-Wq8UEtkcIgOvWEgCNcBGAsYHQ\/s1600\/1000425290.jpg\" src=\"data:image\/svg+xml;base64,PHN2ZyB3aWR0aD0iMSIgaGVpZ2h0PSIxIiB4bWxucz0iaHR0cDovL3d3dy53My5vcmcvMjAwMC9zdmciPjwvc3ZnPg==\" \/><\/p>\n<p style=\"font-weight: 400; text-align: justify;\">\n<p style=\"text-align: justify;\">El segundo programa, estrena el 28 de julio, contar\u00e1 con la participaci\u00f3n del merenguero Fernando Villalona, quien pedir\u00e1 sus deseos m\u00e1s anhelados frente al mar, mostr\u00e1ndose sensible y c\u00f3modo con su anfitriona. La tercera entrega, el 4 de agosto, combinar\u00e1 lo rom\u00e1ntico y lo tropical con la presencia de dos figuras ic\u00f3nicas de la m\u00fasica: Miriam Cruz y Wason Brazob\u00e1n.<\/p>\n<p style=\"text-align: justify;\">La serie de programas cerrar\u00e1 el domingo 11 de agosto con la participaci\u00f3n de la emblem\u00e1tica agrupaci\u00f3n \u00abIlegales\u201d, liderada por Vladimir Dotel.<\/p>\n<p style=\"text-align: justify;\">El objetivo de cada uno de los programas es celebrar el verano m\u00e1s puro al estilo caribe\u00f1o, acompa\u00f1ado de m\u00fasica, buenos amigos e invitados especiales que recibir\u00e1n una dosis de la simpat\u00eda y encanto de los dominicanos, sello caracter\u00edstico de Luz Garc\u00eda.<\/p>\n<p style=\"text-align: justify;\">\u201cCon la magia del verano, todo puede suceder. Aqu\u00ed disfrutaremos de playa, sol, diversi\u00f3n y buena m\u00fasica de la mano de grandes invitados y amigos\u201d, expres\u00f3 Luz Garc\u00eda en un comunicado de prensa.<\/p>\n<p style=\"text-align: justify;\"><b>\u201cNoche de Luz\u201d<\/b><\/p>\n<p style=\"text-align: justify;\">El programa cumpli\u00f3 20 a\u00f1os en la televisi\u00f3n nacional, se transmite todos los domingos por Antena 7 a las 10 de la noche. Se transmite por Televisi\u00f3n Dominicana en todos los Estados Unidos en el mismo horario.<\/p>\n<p style=\"text-align: justify;\">Fuente: Herrera Farandula<\/p>\n","protected":false},"excerpt":{"rendered":"<p>Un verano lleno de m\u00fasica, entretenimiento y grandes artistas en Casa de Campo Resort &amp;<\/p>\n","protected":false},"author":4,"featured_media":0,"comment_status":"open","ping_status":"open","sticky":false,"template":"","format":"standard","meta":{"footnotes":""},"categories":[6],"tags":[],"class_list":["post-20803","post","type-post","status-publish","format-standard","hentry","category-espectaculos"],"_links":{"self":[{"href":"https:\/\/defrentealaverdad.com\/index.php\/wp-json\/wp\/v2\/posts\/20803","targetHints":{"allow":["GET"]}}],"collection":[{"href":"https:\/\/defrentealaverdad.com\/index.php\/wp-json\/wp\/v2\/posts"}],"about":[{"href":"https:\/\/defrentealaverdad.com\/index.php\/wp-json\/wp\/v2\/types\/post"}],"author":[{"embeddable":true,"href":"https:\/\/defrentealaverdad.com\/index.php\/wp-json\/wp\/v2\/users\/4"}],"replies":[{"embeddable":true,"href":"https:\/\/defrentealaverdad.com\/index.php\/wp-json\/wp\/v2\/comments?post=20803"}],"version-history":[{"count":1,"href":"https:\/\/defrentealaverdad.com\/index.php\/wp-json\/wp\/v2\/posts\/20803\/revisions"}],"predecessor-version":[{"id":20804,"href":"https:\/\/defrentealaverdad.com\/index.php\/wp-json\/wp\/v2\/posts\/20803\/revisions\/20804"}],"wp:attachment":[{"href":"https:\/\/defrentealaverdad.com\/index.php\/wp-json\/wp\/v2\/media?parent=20803"}],"wp:term":[{"taxonomy":"category","embeddable":true,"href":"https:\/\/defrentealaverdad.com\/index.php\/wp-json\/wp\/v2\/categories?post=20803"},{"taxonomy":"post_tag","embeddable":true,"href":"https:\/\/defrentealaverdad.com\/index.php\/wp-json\/wp\/v2\/tags?post=20803"}],"curies":[{"name":"wp","href":"https:\/\/api.w.org\/{rel}","templated":true}]}}