{"id":20801,"date":"2024-07-17T01:34:07","date_gmt":"2024-07-17T01:34:07","guid":{"rendered":"https:\/\/defrentealaverdad.com\/?p=20801"},"modified":"2024-07-18T01:36:00","modified_gmt":"2024-07-18T01:36:00","slug":"ministerio-defensa-reconoce-aportes-burgos-gomez-a-las-instituciones-armadas-del-pais","status":"publish","type":"post","link":"https:\/\/defrentealaverdad.com\/index.php\/2024\/07\/17\/ministerio-defensa-reconoce-aportes-burgos-gomez-a-las-instituciones-armadas-del-pais\/","title":{"rendered":"Ministerio Defensa reconoce aportes Burgos G\u00f3mez a las instituciones armadas del pa\u00eds"},"content":{"rendered":"<p style=\"text-align: justify;\">\u00a0Por Felix Rubio<\/p>\n<div class=\"separator\" style=\"text-align: justify;\"><b><a href=\"https:\/\/blogger.googleusercontent.com\/img\/b\/R29vZ2xl\/AVvXsEg94rLz4RPi_shFqH4m6RRaMdgDzc1ZLoRgHu2ufLZKUGhmec678rFI2uBF_fEEK1zq3EKr4KH1SuZ0eu_vEsy03xYPO5caE_5qowZ1BpV1wcTJ4ggaTU7hKZti1t9jHatmI_XptgBIHpRbDYuslo_yPWJAzuUP87INydnMTlFqVbnzbG2NYjCFeWv7Yd4Y\/s1600\/IMG-20240717-WA0134.jpg\"><img decoding=\"async\" class=\"alignleft lazyload\" data-src=\"https:\/\/blogger.googleusercontent.com\/img\/b\/R29vZ2xl\/AVvXsEg94rLz4RPi_shFqH4m6RRaMdgDzc1ZLoRgHu2ufLZKUGhmec678rFI2uBF_fEEK1zq3EKr4KH1SuZ0eu_vEsy03xYPO5caE_5qowZ1BpV1wcTJ4ggaTU7hKZti1t9jHatmI_XptgBIHpRbDYuslo_yPWJAzuUP87INydnMTlFqVbnzbG2NYjCFeWv7Yd4Y\/s320\/IMG-20240717-WA0134.jpg\" width=\"320\" height=\"213\" border=\"0\" data-original-height=\"1065\" data-original-width=\"1600\" src=\"data:image\/svg+xml;base64,PHN2ZyB3aWR0aD0iMSIgaGVpZ2h0PSIxIiB4bWxucz0iaHR0cDovL3d3dy53My5vcmcvMjAwMC9zdmciPjwvc3ZnPg==\" style=\"--smush-placeholder-width: 320px; --smush-placeholder-aspect-ratio: 320\/213;\" \/><\/a><\/b><\/div>\n<p style=\"text-align: justify;\">SANTO DOMINGO.- El Ministerio de Defensa (MIDE) reconoci\u00f3 al doctor Rafael A. Burgos G\u00f3mez, director ejecutivo de Bienes Nacionales y\u00a0 honor\u00edfico del Consejo Estatal del Az\u00facar, por su \u201cinvaluable contribuci\u00f3n a las Fuerzas Armadas y aportes al sector militar de la Republica Dominicana\u201d.<\/p>\n<div class=\"separator\" style=\"text-align: justify;\"><a href=\"https:\/\/blogger.googleusercontent.com\/img\/b\/R29vZ2xl\/AVvXsEjxybBBJgUs1OJiWBCltPy6f2kyTFbOzhDmmtiV9T7JdI_xdXp1fe7cJ6CNTj9KwGVNmpSnVIEWe4QaMF3iazOAT2wvfp75zlFJrT4l1VMpDU_ypTra_Tc5Qt8K3K4vJv0_yVaFaVqVSP6ki_91NQ9E001P50-0waFvOntN23raBeMilNNQg0UHPe3o3Rep\/s1600\/IMG-20240717-WA0131.jpg\"><img decoding=\"async\" class=\"alignright lazyload\" data-src=\"https:\/\/blogger.googleusercontent.com\/img\/b\/R29vZ2xl\/AVvXsEjxybBBJgUs1OJiWBCltPy6f2kyTFbOzhDmmtiV9T7JdI_xdXp1fe7cJ6CNTj9KwGVNmpSnVIEWe4QaMF3iazOAT2wvfp75zlFJrT4l1VMpDU_ypTra_Tc5Qt8K3K4vJv0_yVaFaVqVSP6ki_91NQ9E001P50-0waFvOntN23raBeMilNNQg0UHPe3o3Rep\/s320\/IMG-20240717-WA0131.jpg\" width=\"320\" height=\"213\" border=\"0\" data-original-height=\"1065\" data-original-width=\"1600\" src=\"data:image\/svg+xml;base64,PHN2ZyB3aWR0aD0iMSIgaGVpZ2h0PSIxIiB4bWxucz0iaHR0cDovL3d3dy53My5vcmcvMjAwMC9zdmciPjwvc3ZnPg==\" style=\"--smush-placeholder-width: 320px; --smush-placeholder-aspect-ratio: 320\/213;\" \/><\/a>En el acto, realizado en el sal\u00f3n Restauraci\u00f3n del MIDE, se dieron a conocer sus atributos y m\u00faltiples respaldos no s\u00f3lo a las instituciones militares sino tambi\u00e9n a la sociedad dominicana a trav\u00e9s de sus iniciativas filantr\u00f3picas y organizaciones de ayuda social. Desde muy joven cuando ingres\u00f3 a la Fuerza A\u00e9rea Dominicana como Raso en el a\u00f1o 1966, se destac\u00f3 como miembro fundador del equipo de salto libre Tigres Dorados, donde recibi\u00f3 m\u00faltiples reconocimientos.<\/div>\n<p style=\"text-align: justify;\">Tambi\u00e9n a partir del gobierno del presidente de la Rep\u00fablica Antonio Guzm\u00e1n hasta la actualidad, se ha preocupado por construir una vida p\u00fablica y empresarial, caracterizada por el servicio desinteresado hacia a los miembros de las Fuerzas Armadas, expresado a trav\u00e9s de donaciones y equipamientos de oficinas en la Fuerza A\u00e9rea y otras dependencias militares.<\/p>\n<div class=\"separator\" style=\"text-align: justify;\"><a href=\"https:\/\/blogger.googleusercontent.com\/img\/b\/R29vZ2xl\/AVvXsEgv0uvJ-RKTPV9Ct8Kc3peUxNumHJYMjpYNB7mf3xoU9rr7C8FzMMoUn1aDPUXS2Vx2psmUYRSHH6TjBw9RRO8f3YRBrE6Qx3pWqRFdLHoqGHbNJxIr13dhyphenhyphenx6Jy6JVcQ5rlSArWZICbbW9OxMCFvdZARFWDhzCX9_L-9mxJstifZ6XplPJUOJg9d8Qcd5O\/s1600\/IMG-20240717-WA0135.jpg\"><img decoding=\"async\" class=\"alignleft lazyload\" data-src=\"https:\/\/blogger.googleusercontent.com\/img\/b\/R29vZ2xl\/AVvXsEgv0uvJ-RKTPV9Ct8Kc3peUxNumHJYMjpYNB7mf3xoU9rr7C8FzMMoUn1aDPUXS2Vx2psmUYRSHH6TjBw9RRO8f3YRBrE6Qx3pWqRFdLHoqGHbNJxIr13dhyphenhyphenx6Jy6JVcQ5rlSArWZICbbW9OxMCFvdZARFWDhzCX9_L-9mxJstifZ6XplPJUOJg9d8Qcd5O\/s320\/IMG-20240717-WA0135.jpg\" width=\"320\" height=\"213\" border=\"0\" data-original-height=\"1063\" data-original-width=\"1600\" src=\"data:image\/svg+xml;base64,PHN2ZyB3aWR0aD0iMSIgaGVpZ2h0PSIxIiB4bWxucz0iaHR0cDovL3d3dy53My5vcmcvMjAwMC9zdmciPjwvc3ZnPg==\" style=\"--smush-placeholder-width: 320px; --smush-placeholder-aspect-ratio: 320\/213;\" \/><\/a>Recientemente ha contribuido para que el Consejo Estatal del Az\u00facar (CEA), se formalizara la entrega de terrenos para que el Instituto de Seguridad Social de las Fuerzas Armadas (ISSFFAA), pueda construir viviendas y con ello elevar la calidad de vida de los militares y sus familiares directos.<\/p>\n<p>El reconocimiento, fue entregado por el ministro de Defensa, teniente general Carlos Luciano D\u00edaz Morfa, quien resalt\u00f3 \u201cSu liderazgo visionario y constante b\u00fasqueda de la excelencia, dejando una huella imborrable en el sector de suministros militares, inspirando a futuras generaciones a seguir sus pasos\u201d, asegur\u00f3 el ministro de Defensa.<\/p><\/div>\n<div class=\"separator\" style=\"text-align: justify;\"><a href=\"https:\/\/blogger.googleusercontent.com\/img\/b\/R29vZ2xl\/AVvXsEhF2IAaow83GZz66WVw6GHwvtGk4xedqXDtngGdfGhd6OlF_UPPNZZ2svBi3BkxU4qBALjE7-6mynH9jK1dGO54pzuNUQF2ZQlnMTZ5F8k-2R90h5otSSwwhMjg2nz8AFL2bQBs7JZDpcBqok-sYWAqBVP8M8XlnUOpcbqNbb5ABUpItZE7KRB73HOhtEY5\/s1600\/IMG-20240717-WA0132.jpg\"><img decoding=\"async\" class=\"alignright lazyload\" data-src=\"https:\/\/blogger.googleusercontent.com\/img\/b\/R29vZ2xl\/AVvXsEhF2IAaow83GZz66WVw6GHwvtGk4xedqXDtngGdfGhd6OlF_UPPNZZ2svBi3BkxU4qBALjE7-6mynH9jK1dGO54pzuNUQF2ZQlnMTZ5F8k-2R90h5otSSwwhMjg2nz8AFL2bQBs7JZDpcBqok-sYWAqBVP8M8XlnUOpcbqNbb5ABUpItZE7KRB73HOhtEY5\/s320\/IMG-20240717-WA0132.jpg\" width=\"320\" height=\"213\" border=\"0\" data-original-height=\"1065\" data-original-width=\"1600\" src=\"data:image\/svg+xml;base64,PHN2ZyB3aWR0aD0iMSIgaGVpZ2h0PSIxIiB4bWxucz0iaHR0cDovL3d3dy53My5vcmcvMjAwMC9zdmciPjwvc3ZnPg==\" style=\"--smush-placeholder-width: 320px; --smush-placeholder-aspect-ratio: 320\/213;\" \/><\/a><\/div>\n<p style=\"text-align: justify;\">Destac\u00f3 que se trata de \u201cun hombre meritorio y ejemplar, de acrisolada hoja de servicio a la Naci\u00f3n y a nuestras Fuerzas Armadas, a las cuales, ha servido con devoci\u00f3n y entrega en pro de su desarrollo institucional\u201d, destacando el ministro D\u00edaz Morfa su esp\u00edritu de superaci\u00f3n como hombre visionario, exitoso y empresario emprendedor de indudable y extraordinaria trayectoria.<\/p>\n<p>Al agradecer el reconocimiento, el doctor Rafael A. Burgos G\u00f3mez, dijo sentirse agradecido de que las FF.AA. le hayan tomado en cuenta y asegur\u00f3 que seguir\u00e1 comprometido a continuar forjando su camino \u201cbasado en valores, tomando en cuenta primero a Dios y luego, los perfiles \u00e9ticos inculcados por sus padres, pero sobre todo lo aprendido en los cuarteles militares\u201d.<\/p>\n<p>Burgos G\u00f3mez dijo que esas acciones son las que comprometen a seguir adelante y continuar forjando su camino basado en valores y principios, siempre tomando en cuenta los perfiles \u00e9ticos que recibi\u00f3 en el transcurso de su vida.<\/p>\n<blockquote>\n<p style=\"text-align: justify;\">\u201cEntr\u00e9 a las Fuerzas Armadas en el 1966 como raso, en las Fuerzas Armadas conclu\u00ed el bachillerato y en la Fuerzas Armadas me forj\u00e9 y no hay otra instituci\u00f3n en la Rep\u00fablica Dominicana que d\u00e9 mejores oportunidades que nuestras Fuerzas Armadas de la Rep\u00fablica Dominicana\u201d expres\u00f3 el Dr. Burgos G\u00f3mez, visiblemente emocionado.<\/p>\n<\/blockquote>\n<p style=\"text-align: justify;\">En la actividad estuvieron presentes, los Oficiales del Estado Mayor General de las Fuerzas Armadas, directores generales y de cuerpos especializados de defensa del MIDE. Acompa\u00f1aron al doctor Burgos G\u00f3mez su esposa, hijos y nietos, adem\u00e1s de funcionarios de las instituciones p\u00fablica y privadas que dirige, as\u00ed como tambi\u00e9n invitados especiales.<\/p>\n<p>Fuente&gt; MIDEO<\/p>\n","protected":false},"excerpt":{"rendered":"<p>\u00a0Por Felix Rubio SANTO DOMINGO.- El Ministerio de Defensa (MIDE) reconoci\u00f3 al doctor Rafael A.<\/p>\n","protected":false},"author":1,"featured_media":0,"comment_status":"open","ping_status":"open","sticky":false,"template":"","format":"standard","meta":{"footnotes":""},"categories":[7],"tags":[],"class_list":["post-20801","post","type-post","status-publish","format-standard","hentry","category-nacionales"],"_links":{"self":[{"href":"https:\/\/defrentealaverdad.com\/index.php\/wp-json\/wp\/v2\/posts\/20801","targetHints":{"allow":["GET"]}}],"collection":[{"href":"https:\/\/defrentealaverdad.com\/index.php\/wp-json\/wp\/v2\/posts"}],"about":[{"href":"https:\/\/defrentealaverdad.com\/index.php\/wp-json\/wp\/v2\/types\/post"}],"author":[{"embeddable":true,"href":"https:\/\/defrentealaverdad.com\/index.php\/wp-json\/wp\/v2\/users\/1"}],"replies":[{"embeddable":true,"href":"https:\/\/defrentealaverdad.com\/index.php\/wp-json\/wp\/v2\/comments?post=20801"}],"version-history":[{"count":1,"href":"https:\/\/defrentealaverdad.com\/index.php\/wp-json\/wp\/v2\/posts\/20801\/revisions"}],"predecessor-version":[{"id":20802,"href":"https:\/\/defrentealaverdad.com\/index.php\/wp-json\/wp\/v2\/posts\/20801\/revisions\/20802"}],"wp:attachment":[{"href":"https:\/\/defrentealaverdad.com\/index.php\/wp-json\/wp\/v2\/media?parent=20801"}],"wp:term":[{"taxonomy":"category","embeddable":true,"href":"https:\/\/defrentealaverdad.com\/index.php\/wp-json\/wp\/v2\/categories?post=20801"},{"taxonomy":"post_tag","embeddable":true,"href":"https:\/\/defrentealaverdad.com\/index.php\/wp-json\/wp\/v2\/tags?post=20801"}],"curies":[{"name":"wp","href":"https:\/\/api.w.org\/{rel}","templated":true}]}}