{"id":20794,"date":"2024-07-17T01:28:59","date_gmt":"2024-07-17T01:28:59","guid":{"rendered":"https:\/\/defrentealaverdad.com\/?p=20794"},"modified":"2024-07-18T01:30:20","modified_gmt":"2024-07-18T01:30:20","slug":"las-fuerzas-armadas-y-la-policia-nacional-aportan-una-destacada-cuota-de-atletas-a-la-delegacion-olimpica-dominicana-para-paris-2024","status":"publish","type":"post","link":"https:\/\/defrentealaverdad.com\/index.php\/2024\/07\/17\/las-fuerzas-armadas-y-la-policia-nacional-aportan-una-destacada-cuota-de-atletas-a-la-delegacion-olimpica-dominicana-para-paris-2024\/","title":{"rendered":"Las Fuerzas Armadas y la Polic\u00eda Nacional aportan una destacada cuota de atletas a la delegaci\u00f3n ol\u00edmpica dominicana para par\u00eds 2024"},"content":{"rendered":"<p>Por Felix Rubio<\/p>\n<p style=\"text-align: justify;\"><img decoding=\"async\" data-src=\"https:\/\/blogger.googleusercontent.com\/img\/b\/R29vZ2xl\/AVvXsEhIQd4qhsWc2ZqDGMpvFAZb1nJ4TkKzJsrHk6IPkVV9pubJ7Rq512eOmOT0RW_cyoQizpRfALj2_C2MY8htUOJ4QpNmTyeqyfBpB7pPzlN5EVrSWspI6lT1l_1DrYFg-QohacKyk_xpfY7XwZfdbmf9JOtBjRy-3VJgMxOnkeAWCcbpEOXDPoOIpqNVxbhi\/s320\/IMG-20240717-WA0102.jpg\" src=\"data:image\/svg+xml;base64,PHN2ZyB3aWR0aD0iMSIgaGVpZ2h0PSIxIiB4bWxucz0iaHR0cDovL3d3dy53My5vcmcvMjAwMC9zdmciPjwvc3ZnPg==\" class=\"lazyload\" \/><\/p>\n<p style=\"font-weight: 400; text-align: justify;\">El Ministerio de Defensa y Confederaci\u00f3n Deportiva de las Fuerzas Armadas y la Polic\u00eda Nacional se enorgullece de anunciar que un grupo significativo de atletas provenientes de estas instituciones ha asegurado su clasificaci\u00f3n para participar en los Juegos Ol\u00edmpicos de Par\u00eds 2024. Pr\u00e1cticamente el 90% de los atletas que nos representar\u00e1n en este evento mundial provienen de las Fuerzas Armadas y de la Polic\u00eda Nacional, lo que demuestra el apoyo incondicional que estas instituciones brindan al deporte en la Rep\u00fablica Dominicana.<\/p>\n<p style=\"font-weight: 400; text-align: justify;\">Los atletas clasificados son:<\/p>\n<ol style=\"font-weight: 400; text-align: justify;\">\n<li>Capit\u00e1n Eduardo Lorenzo Casasnovas &#8211; E.R.D., Tiro al Plato<\/li>\n<li>Segundo Teniente Marileidy Paulino &#8211; F.A.R.D., Atletismo<\/li>\n<li>Sargento Mayor Luis Miguel P\u00e9rez Sosa &#8211; P.N., Lucha Ol\u00edmpica<\/li>\n<li>Sargento Crismery Santana Peguero &#8211; P.N., Halterofilia<\/li>\n<li>Sargento Beatriz E. Pir\u00f3n Candelario &#8211; P.N., Halterofilia<\/li>\n<li>Sargento Audrys Nin Reyes &#8211; F.A.R.D., Gimnasia<\/li>\n<li>Sargento Anabell Medina Ventura &#8211; F.A.R.D., Atletismo<\/li>\n<li>Sargento Brenda Castillo &#8211; E.R.D., Voleibol<\/li>\n<li>Sargento\u00a0Brayelin Elizabeth Mart\u00ednez\u00a0&#8211; E.R.D., Voleibol<\/li>\n<li>Cabo Bernardo Pie &#8211; E.R.D., Taekwondo<\/li>\n<li>Cabo Madelyn A. Rodr\u00edguez Rosario &#8211; A.R.D., Taekwondo<\/li>\n<li>Cabo Yudelina Mej\u00eda Peguero &#8211; P.N., Halterofilia<\/li>\n<li>Cabo Franshina Mart\u00ednez &#8211; F.A.R.D., Atletismo<\/li>\n<li>Cabo Jos\u00e9 Arnaldo Gonz\u00e1lez Soto &#8211; F.A.R.D., Atletismo<\/li>\n<li>Cabo Robert King Demorizzi &#8211; F.A.R.D., Atletismo<\/li>\n<li>Cabo Moira Morillo &#8211; A.R.D., Atletismo<\/li>\n<li>Raso Alexander Ogando Bautista &#8211; F.A.R.D., Atletismo<\/li>\n<li>Raso Erick Joel S\u00e1nchez Guzm\u00e1n &#8211; E.R.D., Atletismo<\/li>\n<li>Raso Yeral N\u00fa\u00f1ez Mercedes- E.R.D., Atletismo<\/li>\n<li>Raso Junior Alc\u00e1ntara Reyes &#8211; F.A.R.D., Boxeo<\/li>\n<li>Raso Cristian Javier Pinales &#8211; F.A.R.D., Boxeo<\/li>\n<li>Raso\u00a0Yokati P\u00e9rez Javier\u00a0&#8211; E.R.D., Voleibol<\/li>\n<li>Raso\u00a0Gaila C. Gonz\u00e1lez L\u00f3pez\u00a0&#8211; E.R.D., Voleibol<\/li>\n<li>Marinero Robert A. Florentino Tapia &#8211; A.R.D., Judo<\/li>\n<\/ol>\n<p style=\"font-weight: 400; text-align: justify;\">Estos atletas han demostrado un rendimiento excepcional en sus respectivas disciplinas, acumulando medallas en Juegos Centroamericanos, Panamericanos, Campeonatos Mundiales y Juegos Ol\u00edmpicos previos. Su participaci\u00f3n en Par\u00eds 2024 es un testimonio de su dedicaci\u00f3n, talento y del apoyo que reciben de sus instituciones.<\/p>\n<p style=\"font-weight: 400; text-align: justify;\">El General de Brigada Delio B. Col\u00f3n Rosario, ERD, presidente de la Confederaci\u00f3n Deportiva de las Fuerzas Armadas y la Polic\u00eda Nacional, expres\u00f3: \u00abEstamos sumamente orgullosos de nuestros atletas militares y polic\u00edas. Su compromiso con el deporte y el servicio a la naci\u00f3n es un ejemplo para todos los dominicanos. Confiamos en que su participaci\u00f3n en Par\u00eds 2024 ser\u00e1 exitosa y llevar\u00e1 en alto el nombre de la Rep\u00fablica Dominicana y nuestras Fuerzas militares y policiales.\u00bb<\/p>\n<p style=\"font-weight: 400; text-align: justify;\">La delegaci\u00f3n ol\u00edmpica dominicana para Par\u00eds 2024 se beneficiar\u00e1 enormemente de la experiencia y el esp\u00edritu competitivo de estos atletas, quienes han demostrado su val\u00eda en numerosas competencias internacionales. Su participaci\u00f3n no solo realza el perfil deportivo del pa\u00eds, sino que tambi\u00e9n destaca el papel crucial que juegan las Fuerzas Armadas y la Polic\u00eda Nacional en el desarrollo del deporte de alto rendimiento en la Rep\u00fablica Dominicana.<\/p>\n<p style=\"font-weight: 400; text-align: justify;\">Estos deportistas competir\u00e1n en una variedad de disciplinas que incluyen atletismo, boxeo, gimnasia, halterofilia, judo, lucha ol\u00edmpica, taekwondo, tiro al plato y voleibol, demostrando la diversidad y la fuerza del programa deportivo militar y policial dominicano.<\/p>\n<p style=\"text-align: justify;\">\n<p style=\"text-align: justify;\">Fuente: IAN<\/p>\n","protected":false},"excerpt":{"rendered":"<p>Por Felix Rubio El Ministerio de Defensa y Confederaci\u00f3n Deportiva de las Fuerzas Armadas y<\/p>\n","protected":false},"author":1,"featured_media":0,"comment_status":"open","ping_status":"open","sticky":false,"template":"","format":"standard","meta":{"footnotes":""},"categories":[3],"tags":[],"class_list":["post-20794","post","type-post","status-publish","format-standard","hentry","category-deportes"],"_links":{"self":[{"href":"https:\/\/defrentealaverdad.com\/index.php\/wp-json\/wp\/v2\/posts\/20794","targetHints":{"allow":["GET"]}}],"collection":[{"href":"https:\/\/defrentealaverdad.com\/index.php\/wp-json\/wp\/v2\/posts"}],"about":[{"href":"https:\/\/defrentealaverdad.com\/index.php\/wp-json\/wp\/v2\/types\/post"}],"author":[{"embeddable":true,"href":"https:\/\/defrentealaverdad.com\/index.php\/wp-json\/wp\/v2\/users\/1"}],"replies":[{"embeddable":true,"href":"https:\/\/defrentealaverdad.com\/index.php\/wp-json\/wp\/v2\/comments?post=20794"}],"version-history":[{"count":2,"href":"https:\/\/defrentealaverdad.com\/index.php\/wp-json\/wp\/v2\/posts\/20794\/revisions"}],"predecessor-version":[{"id":20796,"href":"https:\/\/defrentealaverdad.com\/index.php\/wp-json\/wp\/v2\/posts\/20794\/revisions\/20796"}],"wp:attachment":[{"href":"https:\/\/defrentealaverdad.com\/index.php\/wp-json\/wp\/v2\/media?parent=20794"}],"wp:term":[{"taxonomy":"category","embeddable":true,"href":"https:\/\/defrentealaverdad.com\/index.php\/wp-json\/wp\/v2\/categories?post=20794"},{"taxonomy":"post_tag","embeddable":true,"href":"https:\/\/defrentealaverdad.com\/index.php\/wp-json\/wp\/v2\/tags?post=20794"}],"curies":[{"name":"wp","href":"https:\/\/api.w.org\/{rel}","templated":true}]}}