{"id":20790,"date":"2024-07-17T01:27:44","date_gmt":"2024-07-17T01:27:44","guid":{"rendered":"https:\/\/defrentealaverdad.com\/?p=20790"},"modified":"2024-07-18T01:28:50","modified_gmt":"2024-07-18T01:28:50","slug":"comenzaron-los-nombramientos-abinader-anuncia-su-nuevo-gabinete","status":"publish","type":"post","link":"https:\/\/defrentealaverdad.com\/index.php\/2024\/07\/17\/comenzaron-los-nombramientos-abinader-anuncia-su-nuevo-gabinete\/","title":{"rendered":"Comenzaron los nombramientos: Abinader anuncia su nuevo gabinete"},"content":{"rendered":"<p>Por Felix Rubio<\/p>\n<header>\n<blockquote>\n<p class=\"article-title fs-1 c-blue\"><span class=\"field field--name-title field--type-string field--label-hidden\">Abinader los da a conocer, a trav\u00e9s de redes sociales y WhatsApp<\/span><\/p>\n<\/blockquote>\n<p style=\"text-align: justify;\">Santo Domingo.-\u00a0<strong>El presidente de la Rep\u00fablica Dominicana, Luis Abinader<\/strong>, anunci\u00f3, a trav\u00e9s de su canal de WhatsApp y redes sociales, varios\u00a0<strong>nuevos nombramientos<\/strong>\u00a0<strong>para su gabinete<\/strong>\u00a0y otras designaciones importantes, en preparaci\u00f3n para su\u00a0<strong>segundo per\u00edodo presidencial<\/strong>, que comenzar\u00e1 el 16 de agosto.<\/p>\n<p style=\"text-align: justify;\">Entre los nombramientos anunciados se encuentran Porfirio Andr\u00e9s Bautista Garc\u00eda como\u00a0<strong>ministro Administrativo de la Presidencia;<\/strong>\u00a0Tom\u00e1s Dar\u00edo Castillo Lugo como\u00a0<strong>comisionado para las Reformas del Estado;<\/strong>\u00a0Carlos Jos\u00e9 Valdez Matos como\u00a0<strong>ministro de la Juventud<\/strong>; Rafael Jes\u00fas F\u00e9liz Garc\u00eda como\u00a0<strong>rector del Instituto Tecnol\u00f3gico de las Am\u00e9ricas<\/strong>; Sigmund Freund Mena como\u00a0<strong>ministro de Administraci\u00f3n P\u00fablica;<\/strong>\u00a0Milton Morrison como\u00a0<strong>director ejecutivo del Intrant<\/strong>; Igor David Rodr\u00edguez Dur\u00e1n como\u00a0<strong>director del Instituto Dominicano de Aviaci\u00f3n Civil,<\/strong>\u00a0y H\u00e9ctor Porcella Dumas como\u00a0<strong>presidente de la Junta de Aviaci\u00f3n Civil.<\/strong><\/p>\n<div class=\"d-flex align-items-center justify-content-end\">\n<div class=\"news-date\"><\/div>\n<\/div>\n<\/header>\n<div class=\"node__content clearfix\">\n<div class=\"main-news-image\">\n<div class=\"field field--name-field-image field--type-image field--label-hidden field__item\"><img decoding=\"async\" class=\"image-style-large lazyload\" data-src=\"https:\/\/presidencia.gob.do\/sites\/default\/files\/styles\/large\/public\/news\/2024-07\/Palacio%20%284%29.jpg?itok=_uW9JX_B\" alt=\"palacio nacional\" width=\"1300\" height=\"731\" src=\"data:image\/svg+xml;base64,PHN2ZyB3aWR0aD0iMSIgaGVpZ2h0PSIxIiB4bWxucz0iaHR0cDovL3d3dy53My5vcmcvMjAwMC9zdmciPjwvc3ZnPg==\" style=\"--smush-placeholder-width: 1300px; --smush-placeholder-aspect-ratio: 1300\/731;\" \/><\/div>\n<\/div>\n<div class=\"main-news-content\">\n<div class=\"row\">\n<div class=\"col-lg-10 offset-lg-1 right\">\n<div class=\"news-social mb-2 mb-lg-3\">\n<div class=\"row align-items-center justify-content-between\">\n<div class=\"mb-2 mb-sm-0 col-sm-3\">\n<div id=\"st-1\" class=\"sharethis-inline-share-buttons st-left st-lang-es st-inline-share-buttons st-animated\">\n<div class=\"st-btn st-last st-remove-label\" data-network=\"sharethis\"><img decoding=\"async\" data-src=\"https:\/\/platform-cdn.sharethis.com\/img\/sharethis.svg\" alt=\"sharethis sharing button\" src=\"data:image\/svg+xml;base64,PHN2ZyB3aWR0aD0iMSIgaGVpZ2h0PSIxIiB4bWxucz0iaHR0cDovL3d3dy53My5vcmcvMjAwMC9zdmciPjwvc3ZnPg==\" class=\"lazyload\" \/><\/div>\n<\/div>\n<\/div>\n<div class=\"news-content-banner col-sm-9 mb-3 mb-sm-0\">\n<div id=\"block-views-block-banners-block-news-content-banner\" class=\"views-element-container block block-views block-views-blockbanners-block-news-content-banner w-100\">\n<div class=\"content\">\n<div class=\"view view-banners view-id-banners view-display-id-block_news_content_banner js-view-dom-id-2bc968e2af2c0e7cb9acf1167e4c059012c40f47fa713c2376ba3a08ca567c42\" style=\"text-align: justify;\"><span style=\"text-align: justify;\">En los decretos que respaldan estos nombramientos, difundido por el presidente Abinader, tambi\u00e9n se realizaron las siguientes designaciones: Jos\u00e9 Marte Piantini como <\/span><strong style=\"text-align: justify;\">c\u00f3nsul general de la Rep\u00fablica Dominicana en Madrid, Reino de Espa\u00f1a<\/strong><span style=\"text-align: justify;\">, y Miguel \u00c1ngel V\u00e1squez Pe\u00f1a como\u00a0<\/span><strong style=\"text-align: justify;\">c\u00f3nsul general de la Rep\u00fablica Dominicana en Mil\u00e1n, Rep\u00fablica Italiana<\/strong><span style=\"text-align: justify;\">. Todas estas disposiciones tendr\u00e1n efecto a partir del\u00a0<\/span><strong style=\"text-align: justify;\">16 de agosto del a\u00f1o 2024.<\/strong><\/div>\n<\/div>\n<\/div>\n<\/div>\n<\/div>\n<\/div>\n<div class=\"clearfix text-formatted field field--name-body field--type-text-with-summary field--label-hidden field__item\" style=\"text-align: justify;\">\n<p style=\"text-align: justify;\">Adem\u00e1s, Arleni Pe\u00f1a del Orbe ha sido designada\u00a0<strong>consejera en el Servicio Interno del Ministerio de Relaciones Exteriores de la Rep\u00fablica Dominicana<\/strong>, y Elvis L\u00f3pez del Carmen como\u00a0<strong>viceministro Administrativo y Financiero del Ministerio Administrativo de la Presidencia<\/strong>. Estas disposiciones tambi\u00e9n tendr\u00e1n efecto a partir del\u00a0<strong>16 de agosto<\/strong>\u00a0del a\u00f1o 2024.<\/p>\n<p style=\"text-align: justify;\">Estas designaciones reflejan el\u00a0<strong>compromiso del presidente Abinader<\/strong>\u00a0de conformar un\u00a0<strong>equipo de trabajo<\/strong>\u00a0capacitado y dedicado a impulsar las reformas necesarias para el\u00a0<strong>progreso y bienestar de la Rep\u00fablica Dominicana<\/strong>. Con estas nuevas incorporaciones, se espera continuar fortaleciendo las instituciones y promoviendo un\u00a0<strong>gobierno eficiente y transparente<\/strong>.<\/p>\n<\/div>\n<\/div>\n<\/div>\n<\/div>\n<\/div>\n<p style=\"text-align: justify;\">Fuente: Presidencia RD<\/p>\n","protected":false},"excerpt":{"rendered":"<p>Por Felix Rubio Abinader los da a conocer, a trav\u00e9s de redes sociales y WhatsApp<\/p>\n","protected":false},"author":1,"featured_media":0,"comment_status":"open","ping_status":"open","sticky":false,"template":"","format":"standard","meta":{"footnotes":""},"categories":[7],"tags":[],"class_list":["post-20790","post","type-post","status-publish","format-standard","hentry","category-nacionales"],"_links":{"self":[{"href":"https:\/\/defrentealaverdad.com\/index.php\/wp-json\/wp\/v2\/posts\/20790","targetHints":{"allow":["GET"]}}],"collection":[{"href":"https:\/\/defrentealaverdad.com\/index.php\/wp-json\/wp\/v2\/posts"}],"about":[{"href":"https:\/\/defrentealaverdad.com\/index.php\/wp-json\/wp\/v2\/types\/post"}],"author":[{"embeddable":true,"href":"https:\/\/defrentealaverdad.com\/index.php\/wp-json\/wp\/v2\/users\/1"}],"replies":[{"embeddable":true,"href":"https:\/\/defrentealaverdad.com\/index.php\/wp-json\/wp\/v2\/comments?post=20790"}],"version-history":[{"count":3,"href":"https:\/\/defrentealaverdad.com\/index.php\/wp-json\/wp\/v2\/posts\/20790\/revisions"}],"predecessor-version":[{"id":20793,"href":"https:\/\/defrentealaverdad.com\/index.php\/wp-json\/wp\/v2\/posts\/20790\/revisions\/20793"}],"wp:attachment":[{"href":"https:\/\/defrentealaverdad.com\/index.php\/wp-json\/wp\/v2\/media?parent=20790"}],"wp:term":[{"taxonomy":"category","embeddable":true,"href":"https:\/\/defrentealaverdad.com\/index.php\/wp-json\/wp\/v2\/categories?post=20790"},{"taxonomy":"post_tag","embeddable":true,"href":"https:\/\/defrentealaverdad.com\/index.php\/wp-json\/wp\/v2\/tags?post=20790"}],"curies":[{"name":"wp","href":"https:\/\/api.w.org\/{rel}","templated":true}]}}