{"id":20776,"date":"2024-07-16T13:06:34","date_gmt":"2024-07-16T13:06:34","guid":{"rendered":"https:\/\/defrentealaverdad.com\/?p=20776"},"modified":"2024-07-17T13:08:10","modified_gmt":"2024-07-17T13:08:10","slug":"policia-de-dicrim-asesinado-en-la-cienaga-durante-un-presunto-atraco","status":"publish","type":"post","link":"https:\/\/defrentealaverdad.com\/index.php\/2024\/07\/16\/policia-de-dicrim-asesinado-en-la-cienaga-durante-un-presunto-atraco\/","title":{"rendered":"Polic\u00eda de DICRIM Asesinado en La Ci\u00e9naga Durante un Presunto Atraco"},"content":{"rendered":"<div class=\"td_block_wrap tdb_title tdi_115 tdb-single-title td-pb-border-top td_block_template_1\" data-td-block-uid=\"tdi_115\">\n<div class=\"tdb-block-inner td-fix-index\"><\/div>\n<\/div>\n<div class=\"vc_row_inner tdi_122  vc_row vc_inner wpb_row td-pb-row\">\n<div class=\"vc_column_inner tdi_124  wpb_column vc_column_container tdc-inner-column td-pb-span12\">\n<div class=\"vc_column-inner\">\n<div class=\"wpb_wrapper\">\n<div class=\"td_block_wrap tdb_single_date tdi_126 td-pb-border-top td_block_template_1 tdb-post-meta\" data-td-block-uid=\"tdi_126\"><\/div>\n<div class=\"td_block_wrap tdb_single_post_share tdi_128  td-pb-border-top td_block_template_1\" data-td-block-uid=\"tdi_128\">\n<div id=\"tdi_128\" class=\"td-post-sharing tdb-block td-ps-dark-bg td-ps-notext td-post-sharing-style14 \">\n<div class=\"td-post-sharing-visible\">\n<div class=\"td-social-but-icon\"><span style=\"text-align: justify;\">Por Felix Rubio<\/span><\/div>\n<div><\/div>\n<div><a class=\"td-modal-image\" href=\"https:\/\/somospueblo.com\/wp-content\/uploads\/2024\/07\/everson_perez_dicrim_001.jpg?x70538\" data-caption=\"\"><img decoding=\"async\" class=\"entry-thumb td-animation-stack-type0-2 aligncenter lazyload\" title=\"everson_perez_dicrim_001\" data-src=\"https:\/\/somospueblo.com\/wp-content\/uploads\/2024\/07\/everson_perez_dicrim_001.jpg?x70538\" data-sizes=\"(max-width: 800px) 100vw, 800px\" data-srcset=\"https:\/\/somospueblo.com\/wp-content\/uploads\/2024\/07\/everson_perez_dicrim_001.jpg 800w, https:\/\/somospueblo.com\/wp-content\/uploads\/2024\/07\/everson_perez_dicrim_001-300x188.jpg 300w, https:\/\/somospueblo.com\/wp-content\/uploads\/2024\/07\/everson_perez_dicrim_001-768x480.jpg 768w, https:\/\/somospueblo.com\/wp-content\/uploads\/2024\/07\/everson_perez_dicrim_001-672x420.jpg 672w, https:\/\/somospueblo.com\/wp-content\/uploads\/2024\/07\/everson_perez_dicrim_001-150x94.jpg 150w, https:\/\/somospueblo.com\/wp-content\/uploads\/2024\/07\/everson_perez_dicrim_001-696x435.jpg 696w\" alt=\"\" width=\"800\" height=\"500\" src=\"data:image\/svg+xml;base64,PHN2ZyB3aWR0aD0iMSIgaGVpZ2h0PSIxIiB4bWxucz0iaHR0cDovL3d3dy53My5vcmcvMjAwMC9zdmciPjwvc3ZnPg==\" style=\"--smush-placeholder-width: 800px; --smush-placeholder-aspect-ratio: 800\/500;\" \/><\/a><\/div>\n<div><\/div>\n<div class=\"td-social-but-icon\"><span style=\"text-align: justify;\">Previamente hab\u00edamos informado, que en un desafortunado incidente en el sector La Ci\u00e9naga del Distrito Nacional, Everson P\u00e9rez, miembro del Departamento de Investigaciones Criminales (DICRIM) asignado a la unidad en Mao, Valverde, fue mortalmente herido durante un aparente asalto.<\/span><\/div>\n<\/div>\n<\/div>\n<\/div>\n<\/div>\n<\/div>\n<\/div>\n<\/div>\n<div class=\"td_block_wrap tdb_single_content tdi_131 td-pb-border-top td_block_template_1 td-post-content tagdiv-type\" data-td-block-uid=\"tdi_131\">\n<div class=\"tdb-block-inner td-fix-index\">\n<p style=\"text-align: justify;\">P\u00e9rez, natural de la capital, se encontraba de vacaciones cuando fue atacado por los delincuentes. El DICRIM, junto con otros cuerpos de seguridad, ha iniciado una profunda investigaci\u00f3n para identificar a los responsables y llevarlos ante la justicia.<\/p>\n<p style=\"text-align: justify;\">Este tr\u00e1gico suceso ha causado una gran conmoci\u00f3n tanto en el cuerpo policial como en la comunidad, que claman por la captura y el enjuiciamiento de los culpables. Las autoridades se comprometen a no escatimar esfuerzos en la b\u00fasqueda de los responsables de este crimen, que ha sacudido a la sociedad y dejado un vac\u00edo en las filas\u00a0policiales.<\/p>\n<div class=\"td-a-ad id_bottom_ad \"><span class=\"td-adspot-title\">Fuente: Somos Pueblo<\/span><\/div>\n<\/div>\n<\/div>\n","protected":false},"excerpt":{"rendered":"<p>Por Felix Rubio Previamente hab\u00edamos informado, que en un desafortunado incidente en el sector La<\/p>\n","protected":false},"author":1,"featured_media":0,"comment_status":"open","ping_status":"open","sticky":false,"template":"","format":"standard","meta":{"footnotes":""},"categories":[7],"tags":[],"class_list":["post-20776","post","type-post","status-publish","format-standard","hentry","category-nacionales"],"_links":{"self":[{"href":"https:\/\/defrentealaverdad.com\/index.php\/wp-json\/wp\/v2\/posts\/20776","targetHints":{"allow":["GET"]}}],"collection":[{"href":"https:\/\/defrentealaverdad.com\/index.php\/wp-json\/wp\/v2\/posts"}],"about":[{"href":"https:\/\/defrentealaverdad.com\/index.php\/wp-json\/wp\/v2\/types\/post"}],"author":[{"embeddable":true,"href":"https:\/\/defrentealaverdad.com\/index.php\/wp-json\/wp\/v2\/users\/1"}],"replies":[{"embeddable":true,"href":"https:\/\/defrentealaverdad.com\/index.php\/wp-json\/wp\/v2\/comments?post=20776"}],"version-history":[{"count":1,"href":"https:\/\/defrentealaverdad.com\/index.php\/wp-json\/wp\/v2\/posts\/20776\/revisions"}],"predecessor-version":[{"id":20777,"href":"https:\/\/defrentealaverdad.com\/index.php\/wp-json\/wp\/v2\/posts\/20776\/revisions\/20777"}],"wp:attachment":[{"href":"https:\/\/defrentealaverdad.com\/index.php\/wp-json\/wp\/v2\/media?parent=20776"}],"wp:term":[{"taxonomy":"category","embeddable":true,"href":"https:\/\/defrentealaverdad.com\/index.php\/wp-json\/wp\/v2\/categories?post=20776"},{"taxonomy":"post_tag","embeddable":true,"href":"https:\/\/defrentealaverdad.com\/index.php\/wp-json\/wp\/v2\/tags?post=20776"}],"curies":[{"name":"wp","href":"https:\/\/api.w.org\/{rel}","templated":true}]}}