{"id":20772,"date":"2024-07-17T13:04:43","date_gmt":"2024-07-17T13:04:43","guid":{"rendered":"https:\/\/defrentealaverdad.com\/?p=20772"},"modified":"2024-07-17T13:04:43","modified_gmt":"2024-07-17T13:04:43","slug":"ministerio-de-trabajo-plan-piloto-de-semana-laboral-reducida-logra-un-91-de-efectividad","status":"publish","type":"post","link":"https:\/\/defrentealaverdad.com\/index.php\/2024\/07\/17\/ministerio-de-trabajo-plan-piloto-de-semana-laboral-reducida-logra-un-91-de-efectividad\/","title":{"rendered":"Ministerio de Trabajo: plan piloto de semana laboral reducida logra un 91 % de efectividad"},"content":{"rendered":"<div class=\"td_block_wrap tdb_title tdi_115 tdb-single-title td-pb-border-top td_block_template_1\" data-td-block-uid=\"tdi_115\">\n<div class=\"tdb-block-inner td-fix-index\"><\/div>\n<\/div>\n<div class=\"vc_row_inner tdi_122  vc_row vc_inner wpb_row td-pb-row\">\n<div class=\"vc_column_inner tdi_124  wpb_column vc_column_container tdc-inner-column td-pb-span12\">\n<div class=\"vc_column-inner\">\n<div class=\"wpb_wrapper\">\n<div class=\"td_block_wrap tdb_single_post_share tdi_128  td-pb-border-top td_block_template_1\" data-td-block-uid=\"tdi_128\">\n<div id=\"tdi_128\" class=\"td-post-sharing tdb-block td-ps-dark-bg td-ps-notext td-post-sharing-style14 \">\n<div class=\"td-post-sharing-visible\"><\/div>\n<\/div>\n<\/div>\n<\/div>\n<\/div>\n<\/div>\n<\/div>\n<div class=\"td_block_wrap tdb_single_content tdi_131 td-pb-border-top td_block_template_1 td-post-content tagdiv-type\" data-td-block-uid=\"tdi_131\">\n<div class=\"tdb-block-inner td-fix-index\">\n<div class=\"td-a-ad id_top_ad \">\n<div id=\"div-gpt-ad-1715697817182-0\" data-google-query-id=\"CMPTuMeProcDFWnLKAUd658WSA\">\n<div><img decoding=\"async\" class=\"aligncenter lazyload\" data-src=\"https:\/\/somospueblo.com\/wp-content\/uploads\/2024\/07\/FACHADA-MT-1068x601.jpg?x70538\" src=\"data:image\/svg+xml;base64,PHN2ZyB3aWR0aD0iMSIgaGVpZ2h0PSIxIiB4bWxucz0iaHR0cDovL3d3dy53My5vcmcvMjAwMC9zdmciPjwvc3ZnPg==\" style=\"--smush-placeholder-width: 1068px; --smush-placeholder-aspect-ratio: 1068\/601;\" \/><\/div>\n<div><\/div>\n<div id=\"google_ads_iframe_\/23129046875\/sp_ad_post_728x90_1\/sp_ad_post_728x90_2_0__container__\" style=\"text-align: justify;\">El <strong>Ministerio de Trabajo<\/strong>\u00a0y la Pontificia Universidad Cat\u00f3lica Madre y Maestra (PUCMM), informaron este martes sobre los resultados de un\u00a0<strong>plan piloto de semana laboral<\/strong>\u00a0reducida, que mostr\u00f3 un impacto positivo en la productividad, el desempe\u00f1o laboral y la calidad de vida de los trabajadores.<\/div>\n<\/div>\n<\/div>\n<p style=\"text-align: justify;\">El plan piloto, que incluy\u00f3 a 492 trabajadores de seis organizaciones y redujo las horas de trabajo semanal en un promedio del 15 %, revel\u00f3 que los objetivos empresariales se cumplieron siempre en un 91 % y casi siempre en un 9 %, destac\u00f3 el Ministerio de Trabajo en un comunicado.<\/p>\n<p style=\"text-align: justify;\">Estos resultados indican que la reducci\u00f3n de horas no afect\u00f3 las metas estrat\u00e9gicas ni operativas de los departamentos involucrados. Adem\u00e1s, el 96 % de los supervisores consultados no requirieron m\u00e1s trabajadores para cumplir con las\u00a0<strong>funciones habituales.<\/strong><\/p>\n<p style=\"text-align: justify;\">La evaluaci\u00f3n t\u00e9cnica realizada por la PUCMM destac\u00f3 que el 95.3 % de los trabajadores report\u00f3 un incremento en su calidad de vida, y el 93.8 % mencion\u00f3 que el tiempo adicional les sirvi\u00f3 para otras actividades.<\/p>\n<p style=\"text-align: justify;\">Asimismo, hubo una disminuci\u00f3n del estr\u00e9s en un 76 % y una mejora en el balance entre la vida laboral y personal en un 88.6 %, seg\u00fan la autopercepci\u00f3n de los trabajadores.<\/p>\n<blockquote><p><em>\u00abLos resultados de este programa piloto demuestran que es posible alcanzar altos niveles de productividad mientras se<strong>\u00a0mejora la calidad\u00a0<\/strong>de vida de los trabajadores. Esta iniciativa refuerza nuestro compromiso con la creaci\u00f3n de condiciones laborales m\u00e1s humanas, eficientes y sostenibles\u00bb,<\/em> expres\u00f3 El ministro de Trabajo, Luis Miguel De Camps, durante la presentaci\u00f3n del estudio.<\/p><\/blockquote>\n<p style=\"text-align: justify;\">Los hallazgos fueron expuestos por Julissa Pichardo decana de la Facultad de Ciencias Econ\u00f3micas y Administrativas de la PUCMM e investigadora principal, y por Pura Mart\u00ednez, investigadora asociada.<\/p>\n<p style=\"text-align: justify;\">El estudio tambi\u00e9n subray\u00f3 que cerca del 70 % de los supervisores percibieron a los trabajadores como menos estresados, m\u00e1s productivos y m\u00e1s comprometidos con su trabajo.<\/p>\n<p style=\"text-align: justify;\">Un 70.5 % de los trabajadores utiliz\u00f3 el espacio adicional para pasar m\u00e1s tiempo de calidad con sus seres queridos, y el 42.4 % se involucr\u00f3 en actividades recreativas que contribuyeron a su bienestar f\u00edsico y mental.<\/p>\n<p style=\"text-align: justify;\">M\u00e1s de la mitad de los supervisores observaron mejores resultados en los trabajadores que participaron en la semana laboral reducida en comparaci\u00f3n con aquellos que lo hicieron en una jornada regular, en t\u00e9rminos de productividad, satisfacci\u00f3n laboral y desempe\u00f1o.<\/p>\n<p style=\"text-align: justify;\">Fuente: Somos Pueblo<\/p>\n<\/div>\n<\/div>\n","protected":false},"excerpt":{"rendered":"<p>El Ministerio de Trabajo\u00a0y la Pontificia Universidad Cat\u00f3lica Madre y Maestra (PUCMM), informaron este martes<\/p>\n","protected":false},"author":1,"featured_media":0,"comment_status":"open","ping_status":"open","sticky":false,"template":"","format":"standard","meta":{"footnotes":""},"categories":[7],"tags":[],"class_list":["post-20772","post","type-post","status-publish","format-standard","hentry","category-nacionales"],"_links":{"self":[{"href":"https:\/\/defrentealaverdad.com\/index.php\/wp-json\/wp\/v2\/posts\/20772","targetHints":{"allow":["GET"]}}],"collection":[{"href":"https:\/\/defrentealaverdad.com\/index.php\/wp-json\/wp\/v2\/posts"}],"about":[{"href":"https:\/\/defrentealaverdad.com\/index.php\/wp-json\/wp\/v2\/types\/post"}],"author":[{"embeddable":true,"href":"https:\/\/defrentealaverdad.com\/index.php\/wp-json\/wp\/v2\/users\/1"}],"replies":[{"embeddable":true,"href":"https:\/\/defrentealaverdad.com\/index.php\/wp-json\/wp\/v2\/comments?post=20772"}],"version-history":[{"count":1,"href":"https:\/\/defrentealaverdad.com\/index.php\/wp-json\/wp\/v2\/posts\/20772\/revisions"}],"predecessor-version":[{"id":20773,"href":"https:\/\/defrentealaverdad.com\/index.php\/wp-json\/wp\/v2\/posts\/20772\/revisions\/20773"}],"wp:attachment":[{"href":"https:\/\/defrentealaverdad.com\/index.php\/wp-json\/wp\/v2\/media?parent=20772"}],"wp:term":[{"taxonomy":"category","embeddable":true,"href":"https:\/\/defrentealaverdad.com\/index.php\/wp-json\/wp\/v2\/categories?post=20772"},{"taxonomy":"post_tag","embeddable":true,"href":"https:\/\/defrentealaverdad.com\/index.php\/wp-json\/wp\/v2\/tags?post=20772"}],"curies":[{"name":"wp","href":"https:\/\/api.w.org\/{rel}","templated":true}]}}