{"id":20768,"date":"2024-07-17T13:01:58","date_gmt":"2024-07-17T13:01:58","guid":{"rendered":"https:\/\/defrentealaverdad.com\/?p=20768"},"modified":"2024-07-17T13:02:31","modified_gmt":"2024-07-17T13:02:31","slug":"peloteros-dominicano-se-lucen-en-la-alfombra-roja-del-juego-de-estrellas","status":"publish","type":"post","link":"https:\/\/defrentealaverdad.com\/index.php\/2024\/07\/17\/peloteros-dominicano-se-lucen-en-la-alfombra-roja-del-juego-de-estrellas\/","title":{"rendered":"Peloteros dominicano se lucen en la alfombra roja del Juego de Estrellas"},"content":{"rendered":"<header class=\"entry-header\"><\/header>\n<figure class=\"post-thumbnail\" style=\"text-align: justify;\"><img decoding=\"async\" class=\"post-thumbnail__img wp-post-image aligncenter lazyload\" data-src=\"https:\/\/robertocavada.com\/wp-content\/uploads\/2024\/07\/593cc0d7-7507-4a0f-93cb-987c329b4655-770x540.jpeg\" alt=\"Peloteros dominicano se lucen en la alfombra roja del Juego de Estrellas\" width=\"770\" height=\"540\" src=\"data:image\/svg+xml;base64,PHN2ZyB3aWR0aD0iMSIgaGVpZ2h0PSIxIiB4bWxucz0iaHR0cDovL3d3dy53My5vcmcvMjAwMC9zdmciPjwvc3ZnPg==\" style=\"--smush-placeholder-width: 770px; --smush-placeholder-aspect-ratio: 770\/540;\" \/><\/figure>\n<div class=\"entry-content\">\n<div id=\"st-1\" class=\"sharethis-inline-share-buttons st-center st-lang-es st-has-labels st-inline-share-buttons st-animated\" style=\"text-align: justify;\">\n<div data-network=\"whatsapp\"><\/div>\n<div class=\"st-btn st-last st-remove-label\" data-network=\"whatsapp\">Este martes se realiz\u00f3 la alfombra roja del Juego de Estrellas 2024 en el Globe Life Field de Texas donde los jugadores exhibieron prensa y elegante trajes, algunos dominicanos no se quedaron atr\u00e1s y llamaron mucho a la atenci\u00f3n por su vestimenta.<\/div>\n<div data-network=\"whatsapp\"><\/div>\n<div data-network=\"whatsapp\"><\/div>\n<\/div>\n<div id=\"advads-0abde1765c1afd80dda0fc38abcdbacb\" class=\"advads-0abde1765c1afd80dda0fc38abcdbacb advads-content-first-paragraph\" style=\"text-align: justify;\">\n<div id=\"advads-947596116\" class=\"advads-content-first-paragraph\">Juan Soto fue elegante con traje de color azul cielo y uno espejuelos negro. Un poco m\u00e1s arriesgado con un color morado intenso y lleg\u00f3 acompa\u00f1ado de su esposa e hijas.<\/div>\n<div><\/div>\n<div><\/div>\n<\/div>\n<div id=\"advads-17dea5aa8d6f9464b14b7f5d247ac7c7\" class=\"advads-17dea5aa8d6f9464b14b7f5d247ac7c7 advads-content-middle\" style=\"text-align: justify;\">\n<div id=\"advads-408697261\" class=\"advads-content-middle\">El m\u00e1s esperado de la alfombra fue Elly de la Cruz, qui\u00e9n opt\u00f3 por un traje color rosa, y se adapt\u00f3 al estilo de Texas con un sombrero negro, y el estilo en calzado que siempre lo caracteriza.<\/div>\n<div><\/div>\n<\/div>\n<p style=\"text-align: justify;\">Jos\u00e9 Ram\u00edrez hizo la pasarela con una chaqueta louis vuitton y pantal\u00f3n blanco.<\/p>\n<p>&nbsp;<\/p>\n<p style=\"text-align: justify;\">Ketel Marte con un traje azul y zapato negro, mostrando su cadena de oro dijo \u201ceso es un flow especial lo tenia guardo hace cinco a\u00f1os esperando este momento\u201d se\u00f1al\u00f3.<\/p>\n<p style=\"text-align: justify;\">Fuente: RC Noticias<\/p>\n<figure class=\"is-layout-flex wp-block-gallery-1 wp-block-gallery has-nested-images columns-default is-cropped\">\n<figure class=\"wp-block-image size-large\" style=\"text-align: justify;\"><\/figure>\n<figure class=\"wp-block-image size-large\"><\/figure>\n<figure class=\"wp-block-image size-large\"><\/figure>\n<figure class=\"wp-block-image size-large\"><\/figure>\n<\/figure>\n<\/div>\n","protected":false},"excerpt":{"rendered":"<p>Este martes se realiz\u00f3 la alfombra roja del Juego de Estrellas 2024 en el Globe<\/p>\n","protected":false},"author":2,"featured_media":0,"comment_status":"open","ping_status":"open","sticky":false,"template":"","format":"standard","meta":{"footnotes":""},"categories":[3],"tags":[],"class_list":["post-20768","post","type-post","status-publish","format-standard","hentry","category-deportes"],"_links":{"self":[{"href":"https:\/\/defrentealaverdad.com\/index.php\/wp-json\/wp\/v2\/posts\/20768","targetHints":{"allow":["GET"]}}],"collection":[{"href":"https:\/\/defrentealaverdad.com\/index.php\/wp-json\/wp\/v2\/posts"}],"about":[{"href":"https:\/\/defrentealaverdad.com\/index.php\/wp-json\/wp\/v2\/types\/post"}],"author":[{"embeddable":true,"href":"https:\/\/defrentealaverdad.com\/index.php\/wp-json\/wp\/v2\/users\/2"}],"replies":[{"embeddable":true,"href":"https:\/\/defrentealaverdad.com\/index.php\/wp-json\/wp\/v2\/comments?post=20768"}],"version-history":[{"count":2,"href":"https:\/\/defrentealaverdad.com\/index.php\/wp-json\/wp\/v2\/posts\/20768\/revisions"}],"predecessor-version":[{"id":20770,"href":"https:\/\/defrentealaverdad.com\/index.php\/wp-json\/wp\/v2\/posts\/20768\/revisions\/20770"}],"wp:attachment":[{"href":"https:\/\/defrentealaverdad.com\/index.php\/wp-json\/wp\/v2\/media?parent=20768"}],"wp:term":[{"taxonomy":"category","embeddable":true,"href":"https:\/\/defrentealaverdad.com\/index.php\/wp-json\/wp\/v2\/categories?post=20768"},{"taxonomy":"post_tag","embeddable":true,"href":"https:\/\/defrentealaverdad.com\/index.php\/wp-json\/wp\/v2\/tags?post=20768"}],"curies":[{"name":"wp","href":"https:\/\/api.w.org\/{rel}","templated":true}]}}