{"id":20766,"date":"2024-07-17T13:00:09","date_gmt":"2024-07-17T13:00:09","guid":{"rendered":"https:\/\/defrentealaverdad.com\/?p=20766"},"modified":"2024-07-17T13:00:09","modified_gmt":"2024-07-17T13:00:09","slug":"juan-luis-guerra-cierra-su-tour-entre-mar-y-palmeras","status":"publish","type":"post","link":"https:\/\/defrentealaverdad.com\/index.php\/2024\/07\/17\/juan-luis-guerra-cierra-su-tour-entre-mar-y-palmeras\/","title":{"rendered":"Juan Luis Guerra cierra su tour \u00abEntre Mar y Palmeras\u00bb"},"content":{"rendered":"<header class=\"entry-header\"><\/header>\n<div class=\"entry-meta entry-meta-main\"><\/div>\n<figure class=\"post-thumbnail\" style=\"text-align: justify;\"><img decoding=\"async\" class=\"post-thumbnail__img wp-post-image aligncenter lazyload\" data-src=\"https:\/\/robertocavada.com\/wp-content\/uploads\/2024\/07\/juan-luis-guerra-770x540.jpg\" alt=\"Juan Luis Guerra cierra su tour &quot;Entre Mar y Palmeras&quot;\" width=\"770\" height=\"540\" src=\"data:image\/svg+xml;base64,PHN2ZyB3aWR0aD0iMSIgaGVpZ2h0PSIxIiB4bWxucz0iaHR0cDovL3d3dy53My5vcmcvMjAwMC9zdmciPjwvc3ZnPg==\" style=\"--smush-placeholder-width: 770px; --smush-placeholder-aspect-ratio: 770\/540;\" \/><\/figure>\n<div class=\"entry-content\">\n<div id=\"st-1\" class=\"sharethis-inline-share-buttons st-center st-lang-es st-has-labels  st-inline-share-buttons st-animated\" style=\"text-align: justify;\">\n<div class=\"st-btn st-first\" data-network=\"facebook\"><strong>Juan Luis Guerra <\/strong>concluy\u00f3 este martes su exitosa gira \u201cEntre Mar y Palmeras Tour\u201d, con la que llev\u00f3 su m\u00fasica a miles de fans alrededor del mundo.<\/div>\n<\/div>\n<div id=\"advads-7a2fa46fda313bd7bd140af90c644d37\" class=\"advads-7a2fa46fda313bd7bd140af90c644d37 advads-content-first-paragraph\" style=\"text-align: justify;\">\n<div id=\"advads-1628611745\" class=\"advads-content-first-paragraph\">El artista expres\u00f3 su gratitud a trav\u00e9s de su cuenta de Instagram, con un mensaje en el que muestra la conexi\u00f3n que mantiene con su audiencia.<\/div>\n<\/div>\n<div id=\"advads-5f8efe53f3e8215394eba545007832d6\" class=\"advads-5f8efe53f3e8215394eba545007832d6 advads-content-middle\" style=\"text-align: justify;\">\n<div id=\"advads-1072715765\" class=\"advads-content-middle\"><\/div>\n<\/div>\n<div style=\"text-align: justify;\">\n<blockquote><p><em>\u201cHemos recorrido largas distancias y no hay nada como nuestro p\u00fablico! La familia 4.40 agradece con mucho cari\u00f1o a todos los que nos acompa\u00f1aron\u201d, escribi\u00f3 Guerra, refiri\u00e9ndose a la banda que lo ha acompa\u00f1ado a lo largo de su carrera.<\/em><\/p><\/blockquote>\n<\/div>\n<p style=\"text-align: justify;\">La gira, que llev\u00f3 a Juan Luis Guerra y su grupo 4.40 a diferentes pa\u00edses y escenarios, fue aclamada por la cr\u00edtica y el p\u00fablico, consolidando a\u00fan m\u00e1s su legado en la m\u00fasica latina.<\/p>\n<p>Fuente: RC Noticias<\/p>\n<\/div>\n","protected":false},"excerpt":{"rendered":"<p>Juan Luis Guerra concluy\u00f3 este martes su exitosa gira \u201cEntre Mar y Palmeras Tour\u201d, con<\/p>\n","protected":false},"author":4,"featured_media":0,"comment_status":"open","ping_status":"open","sticky":false,"template":"","format":"standard","meta":{"footnotes":""},"categories":[6,16],"tags":[],"class_list":["post-20766","post","type-post","status-publish","format-standard","hentry","category-espectaculos","category-internacionales"],"_links":{"self":[{"href":"https:\/\/defrentealaverdad.com\/index.php\/wp-json\/wp\/v2\/posts\/20766","targetHints":{"allow":["GET"]}}],"collection":[{"href":"https:\/\/defrentealaverdad.com\/index.php\/wp-json\/wp\/v2\/posts"}],"about":[{"href":"https:\/\/defrentealaverdad.com\/index.php\/wp-json\/wp\/v2\/types\/post"}],"author":[{"embeddable":true,"href":"https:\/\/defrentealaverdad.com\/index.php\/wp-json\/wp\/v2\/users\/4"}],"replies":[{"embeddable":true,"href":"https:\/\/defrentealaverdad.com\/index.php\/wp-json\/wp\/v2\/comments?post=20766"}],"version-history":[{"count":1,"href":"https:\/\/defrentealaverdad.com\/index.php\/wp-json\/wp\/v2\/posts\/20766\/revisions"}],"predecessor-version":[{"id":20767,"href":"https:\/\/defrentealaverdad.com\/index.php\/wp-json\/wp\/v2\/posts\/20766\/revisions\/20767"}],"wp:attachment":[{"href":"https:\/\/defrentealaverdad.com\/index.php\/wp-json\/wp\/v2\/media?parent=20766"}],"wp:term":[{"taxonomy":"category","embeddable":true,"href":"https:\/\/defrentealaverdad.com\/index.php\/wp-json\/wp\/v2\/categories?post=20766"},{"taxonomy":"post_tag","embeddable":true,"href":"https:\/\/defrentealaverdad.com\/index.php\/wp-json\/wp\/v2\/tags?post=20766"}],"curies":[{"name":"wp","href":"https:\/\/api.w.org\/{rel}","templated":true}]}}