{"id":20764,"date":"2024-07-17T12:55:56","date_gmt":"2024-07-17T12:55:56","guid":{"rendered":"https:\/\/defrentealaverdad.com\/?p=20764"},"modified":"2024-07-17T12:55:56","modified_gmt":"2024-07-17T12:55:56","slug":"instalan-parada-con-aire-acondicionado-en-la-27-de-febrero-con-maximo-gomez","status":"publish","type":"post","link":"https:\/\/defrentealaverdad.com\/index.php\/2024\/07\/17\/instalan-parada-con-aire-acondicionado-en-la-27-de-febrero-con-maximo-gomez\/","title":{"rendered":"Instalan parada con aire acondicionado en la 27 de Febrero con M\u00e1ximo G\u00f3mez"},"content":{"rendered":"<header class=\"entry-header\"><\/header>\n<div class=\"entry-content\">\n<div id=\"st-1\" class=\"sharethis-inline-share-buttons st-center st-lang-es st-has-labels  st-inline-share-buttons st-animated\">\n<div class=\"st-btn st-last st-remove-label\" style=\"text-align: justify;\" data-network=\"whatsapp\"><img decoding=\"async\" class=\"alignleft lazyload\" data-src=\"https:\/\/robertocavada.com\/wp-content\/uploads\/2024\/07\/5a93817f-0985-41e7-9862-9a3b31e5b6a1-657x540.jpeg\" alt=\"Instalan parada con aire acondicionado en la 27 de Febrero con M\u00e1ximo G\u00f3mez\" src=\"data:image\/svg+xml;base64,PHN2ZyB3aWR0aD0iMSIgaGVpZ2h0PSIxIiB4bWxucz0iaHR0cDovL3d3dy53My5vcmcvMjAwMC9zdmciPjwvc3ZnPg==\" style=\"--smush-placeholder-width: 657px; --smush-placeholder-aspect-ratio: 657\/540;\" \/>Los usuarios del transporte p\u00fablico han acogido con regocijo la parada con aire acondicionado ubicada en la avenida 27 de Febrero con M\u00e1ximo G\u00f3mez.<\/div>\n<\/div>\n<p style=\"text-align: justify;\">Una empresa ha lanzado una innovadora iniciativa al instalar una parada de autob\u00fas. Este proyecto busca ofrecer un respiro del intenso calor veraniego a los transe\u00fantes.<\/p>\n<p style=\"text-align: justify;\">La parada equipada brinda comodidad a los usuarios del transporte p\u00fablico, mejorando su experiencia mientras esperan sus autobuses en una de las avenidas m\u00e1s transitadas de la ciudad.<\/p>\n<p style=\"text-align: justify;\">Muchos aseguran que deber\u00edan equipar todas las paradas con este sistema para que los usuarios del transporte p\u00fablico tengan mayor comodidad.<\/p>\n<p>Fuente: RC Noticias<\/p>\n<\/div>\n","protected":false},"excerpt":{"rendered":"<p>Los usuarios del transporte p\u00fablico han acogido con regocijo la parada con aire acondicionado ubicada<\/p>\n","protected":false},"author":2,"featured_media":0,"comment_status":"open","ping_status":"open","sticky":false,"template":"","format":"standard","meta":{"footnotes":""},"categories":[7],"tags":[],"class_list":["post-20764","post","type-post","status-publish","format-standard","hentry","category-nacionales"],"_links":{"self":[{"href":"https:\/\/defrentealaverdad.com\/index.php\/wp-json\/wp\/v2\/posts\/20764","targetHints":{"allow":["GET"]}}],"collection":[{"href":"https:\/\/defrentealaverdad.com\/index.php\/wp-json\/wp\/v2\/posts"}],"about":[{"href":"https:\/\/defrentealaverdad.com\/index.php\/wp-json\/wp\/v2\/types\/post"}],"author":[{"embeddable":true,"href":"https:\/\/defrentealaverdad.com\/index.php\/wp-json\/wp\/v2\/users\/2"}],"replies":[{"embeddable":true,"href":"https:\/\/defrentealaverdad.com\/index.php\/wp-json\/wp\/v2\/comments?post=20764"}],"version-history":[{"count":1,"href":"https:\/\/defrentealaverdad.com\/index.php\/wp-json\/wp\/v2\/posts\/20764\/revisions"}],"predecessor-version":[{"id":20765,"href":"https:\/\/defrentealaverdad.com\/index.php\/wp-json\/wp\/v2\/posts\/20764\/revisions\/20765"}],"wp:attachment":[{"href":"https:\/\/defrentealaverdad.com\/index.php\/wp-json\/wp\/v2\/media?parent=20764"}],"wp:term":[{"taxonomy":"category","embeddable":true,"href":"https:\/\/defrentealaverdad.com\/index.php\/wp-json\/wp\/v2\/categories?post=20764"},{"taxonomy":"post_tag","embeddable":true,"href":"https:\/\/defrentealaverdad.com\/index.php\/wp-json\/wp\/v2\/tags?post=20764"}],"curies":[{"name":"wp","href":"https:\/\/api.w.org\/{rel}","templated":true}]}}