{"id":20754,"date":"2024-07-16T00:17:23","date_gmt":"2024-07-16T00:17:23","guid":{"rendered":"https:\/\/defrentealaverdad.com\/?p=20754"},"modified":"2024-07-17T00:18:11","modified_gmt":"2024-07-17T00:18:11","slug":"disminucion-del-estres-y-permisos-laborales-entre-resultados-del-plan-piloto-de-jornada-laboral-reducida","status":"publish","type":"post","link":"https:\/\/defrentealaverdad.com\/index.php\/2024\/07\/16\/disminucion-del-estres-y-permisos-laborales-entre-resultados-del-plan-piloto-de-jornada-laboral-reducida\/","title":{"rendered":"Disminuci\u00f3n del estr\u00e9s y permisos laborales entre resultados del plan piloto de jornada laboral reducida"},"content":{"rendered":"<p class=\"post-meta\" style=\"text-align: justify;\">\n<div class=\"post-body post-content\">\n<h2 class=\"single-exceprt\"><strong><em>El 95.3% de los trabajadores report\u00f3 un incremento en su calidad de vida, y el 93.8% mencion\u00f3 que el tiempo adicional les sirvi\u00f3 para otras actividades. Asimismo, hubo una disminuci\u00f3n del estr\u00e9s en un 76% y una mejora en el balance de la vida laboral y personal con un 88.6%.<\/em><\/strong><\/h2>\n<div class=\"single-main-box\">\n<div class=\"single-left single-divider\">\n<p style=\"text-align: justify;\">\n<div class=\"separator\"><a href=\"https:\/\/blogger.googleusercontent.com\/img\/b\/R29vZ2xl\/AVvXsEgt2rzTZczYaLbO0M0mI_wkgCbMrhpaIPU4Af1nokeWDQbZE1rIcPhSIlVcj2WUWxD1JV5XWzwFtEtoypMn1zWHhLTKEScNC9vSD9RYePM_uJ1Gnk0ry6TbEhDz6b_P4f3TSBtmHpn3OH7zXEnHA2_dbzShlg1X5Wc7Vl7LoCfZZYQnV8kq3WZeujy6PlY\/s1280\/63e45ec741bdd9d8fc69932e_Acqui-Hiring.webp\"><img decoding=\"async\" data-src=\"https:\/\/blogger.googleusercontent.com\/img\/b\/R29vZ2xl\/AVvXsEgt2rzTZczYaLbO0M0mI_wkgCbMrhpaIPU4Af1nokeWDQbZE1rIcPhSIlVcj2WUWxD1JV5XWzwFtEtoypMn1zWHhLTKEScNC9vSD9RYePM_uJ1Gnk0ry6TbEhDz6b_P4f3TSBtmHpn3OH7zXEnHA2_dbzShlg1X5Wc7Vl7LoCfZZYQnV8kq3WZeujy6PlY\/s16000\/63e45ec741bdd9d8fc69932e_Acqui-Hiring.webp\" border=\"0\" data-original-height=\"853\" data-original-width=\"1280\" src=\"data:image\/svg+xml;base64,PHN2ZyB3aWR0aD0iMSIgaGVpZ2h0PSIxIiB4bWxucz0iaHR0cDovL3d3dy53My5vcmcvMjAwMC9zdmciPjwvc3ZnPg==\" class=\"lazyload\" \/><\/a><\/div>\n<p>Santo Domingo.- Desde reducci\u00f3n del estr\u00e9s, frustraci\u00f3n, mal humor, as\u00ed como mayor tiempo para realizar actividades personales y recreativas son de los resultados arrojados en el comportamiento de los 492 empleados participantes en plan piloto de la semana laboral reducida.El 95.3% de los trabajadores report\u00f3 un incremento en su calidad de vida, y el 93.8% mencion\u00f3 que el tiempo adicional les sirvi\u00f3 para otras actividades. Asimismo, hubo una disminuci\u00f3n del estr\u00e9s en un 76% y una mejora en el balance de la vida laboral y personal con un 88.6%.<\/p>\n<p>Adem\u00e1s de esto, un 70.5% de los trabajadores utiliz\u00f3 el tiempo adicional para pasar m\u00e1s tiempo de calidad con sus seres queridos, y el 42.4% se dedic\u00f3 a actividades recreativas.<\/p>\n<p>Otra de las cualidades relevantes que se determinaron en el en la reducci\u00f3n laboral son la satisfacci\u00f3n, tranquilidad.<\/p>\n<p>\u201cNos damos cuenta de que tanto los supervisores como los trabajadores presentan una disminuci\u00f3n de los factores como son la frustraci\u00f3n, mal humor, saturaci\u00f3n mental, aumento de la salud mental, menos agotamiento f\u00edsico, menos sobrecarga de trabajo\u201d, dijo Pura Mart\u00ednez, investigadora asociada.<\/p>\n<\/div>\n<p>Fuente: Prensa Libre RD<\/p>\n<\/div>\n<\/div>\n","protected":false},"excerpt":{"rendered":"<p>El 95.3% de los trabajadores report\u00f3 un incremento en su calidad de vida, y el<\/p>\n","protected":false},"author":2,"featured_media":0,"comment_status":"open","ping_status":"open","sticky":false,"template":"","format":"standard","meta":{"footnotes":""},"categories":[7],"tags":[],"class_list":["post-20754","post","type-post","status-publish","format-standard","hentry","category-nacionales"],"_links":{"self":[{"href":"https:\/\/defrentealaverdad.com\/index.php\/wp-json\/wp\/v2\/posts\/20754","targetHints":{"allow":["GET"]}}],"collection":[{"href":"https:\/\/defrentealaverdad.com\/index.php\/wp-json\/wp\/v2\/posts"}],"about":[{"href":"https:\/\/defrentealaverdad.com\/index.php\/wp-json\/wp\/v2\/types\/post"}],"author":[{"embeddable":true,"href":"https:\/\/defrentealaverdad.com\/index.php\/wp-json\/wp\/v2\/users\/2"}],"replies":[{"embeddable":true,"href":"https:\/\/defrentealaverdad.com\/index.php\/wp-json\/wp\/v2\/comments?post=20754"}],"version-history":[{"count":1,"href":"https:\/\/defrentealaverdad.com\/index.php\/wp-json\/wp\/v2\/posts\/20754\/revisions"}],"predecessor-version":[{"id":20755,"href":"https:\/\/defrentealaverdad.com\/index.php\/wp-json\/wp\/v2\/posts\/20754\/revisions\/20755"}],"wp:attachment":[{"href":"https:\/\/defrentealaverdad.com\/index.php\/wp-json\/wp\/v2\/media?parent=20754"}],"wp:term":[{"taxonomy":"category","embeddable":true,"href":"https:\/\/defrentealaverdad.com\/index.php\/wp-json\/wp\/v2\/categories?post=20754"},{"taxonomy":"post_tag","embeddable":true,"href":"https:\/\/defrentealaverdad.com\/index.php\/wp-json\/wp\/v2\/tags?post=20754"}],"curies":[{"name":"wp","href":"https:\/\/api.w.org\/{rel}","templated":true}]}}