{"id":20753,"date":"2024-07-16T00:19:06","date_gmt":"2024-07-16T00:19:06","guid":{"rendered":"https:\/\/defrentealaverdad.com\/?p=20753"},"modified":"2024-11-19T19:21:02","modified_gmt":"2024-11-19T19:21:02","slug":"campo-joven-llega-a-la-region-norte-del-pais-juventud-y-bagricola-entregaron-rd63000000-millones-de-pesos-dominicanos-para-emprendimientos-agropecuarios","status":"publish","type":"post","link":"https:\/\/defrentealaverdad.com\/index.php\/2024\/07\/16\/campo-joven-llega-a-la-region-norte-del-pais-juventud-y-bagricola-entregaron-rd63000000-millones-de-pesos-dominicanos-para-emprendimientos-agropecuarios\/","title":{"rendered":"Campo Joven\u00bb llega a la regi\u00f3n Norte del pa\u00eds; Juventud y Bagr\u00edcola entregaron RD$63,000,000 millones de pesos dominicanos para emprendimientos agropecuarios"},"content":{"rendered":"<blockquote>\n<p style=\"text-align: justify;\">A trav\u00e9s del Laboratorio de Emprendimiento y Pol\u00edticas del Primer Empleo Joven del Ministerio de la Juventud, y su programa Campo Joven, se han entregado m\u00e1s de 150 millones de pesos a tasa 0% a j\u00f3venes con proyectos agropecuarios de emprendimiento a nivel nacional<\/p>\n<\/blockquote>\n<p style=\"text-align: justify;\">Santiago de los Caballeros, Rep. Dom. Con el fin de continuar extendiendo oportunidades a los j\u00f3venes del campo dominicano, el Ministerio de la Juventud, con su programa Campo Joven, hizo la entrega de RD$63,000,000 millones de pesos dominicanos con una tasa cero a 142 j\u00f3venes productores agropecuarios de la regi\u00f3n norte. La iniciativa es en conjunto y a trav\u00e9s de los financiamientos del Banco Agr\u00edcola de la Rep\u00fablica Dominicana. El acto de entrega se realiz\u00f3 el pasado domingo 14 de julio en las instalaciones de la universidad ISA, de la ciudad de Santiago.<\/p>\n<p>\u00a0<img decoding=\"async\" class=\"size-medium wp-image-20760 alignleft lazyload\" data-src=\"https:\/\/defrentealaverdad.com\/wp-content\/uploads\/2024\/07\/IMG-20240716-WA0073-300x200.jpg\" alt=\"\" width=\"300\" height=\"200\" data-srcset=\"https:\/\/defrentealaverdad.com\/wp-content\/uploads\/2024\/07\/IMG-20240716-WA0073-300x200.jpg 300w, https:\/\/defrentealaverdad.com\/wp-content\/uploads\/2024\/07\/IMG-20240716-WA0073-1024x682.jpg 1024w, https:\/\/defrentealaverdad.com\/wp-content\/uploads\/2024\/07\/IMG-20240716-WA0073-768x512.jpg 768w, https:\/\/defrentealaverdad.com\/wp-content\/uploads\/2024\/07\/IMG-20240716-WA0073-1536x1023.jpg 1536w, https:\/\/defrentealaverdad.com\/wp-content\/uploads\/2024\/07\/IMG-20240716-WA0073.jpg 1600w\" data-sizes=\"(max-width: 300px) 100vw, 300px\" src=\"data:image\/svg+xml;base64,PHN2ZyB3aWR0aD0iMSIgaGVpZ2h0PSIxIiB4bWxucz0iaHR0cDovL3d3dy53My5vcmcvMjAwMC9zdmciPjwvc3ZnPg==\" style=\"--smush-placeholder-width: 300px; --smush-placeholder-aspect-ratio: 300\/200;\" \/>Campo Joven es un proyecto que inici\u00f3 como un plan piloto en septiembre del a\u00f1o 2023, con un presupuesto inicial de 100 millones de pesos, luego de que estudios realizados por la CEPAL y el FIDA muestran que el 65% de los agricultores supera los 55 a\u00f1os de edad.<\/p>\n<p style=\"text-align: justify;\">A ra\u00edz de esos resultados, el programa fue implementado inicialmente en Santiago Rodr\u00edguez con un aporte de 10 millones de pesos a 10 j\u00f3venes que residen en esa provincia; luego una entrega de 10 millones de pesos a 10 j\u00f3venes de la provincia de San Jos\u00e9 de Ocoa y una primera entrega regional en San Juan de la Maguana de 48 millones a 80 emprendedores del sector agropecuario de 8 provincias de esta regi\u00f3n sur, y 30 millones de pesos a 60 j\u00f3venes en la cuarta entrega de este programa de Campo Joven de la regi\u00f3n Este del pa\u00eds.<\/p>\n<p><img decoding=\"async\" class=\"size-medium wp-image-20761 alignright lazyload\" data-src=\"https:\/\/defrentealaverdad.com\/wp-content\/uploads\/2024\/07\/IMG-20240716-WA0077-300x200.jpg\" alt=\"\" width=\"300\" height=\"200\" data-srcset=\"https:\/\/defrentealaverdad.com\/wp-content\/uploads\/2024\/07\/IMG-20240716-WA0077-300x200.jpg 300w, https:\/\/defrentealaverdad.com\/wp-content\/uploads\/2024\/07\/IMG-20240716-WA0077-1024x682.jpg 1024w, https:\/\/defrentealaverdad.com\/wp-content\/uploads\/2024\/07\/IMG-20240716-WA0077-768x512.jpg 768w, https:\/\/defrentealaverdad.com\/wp-content\/uploads\/2024\/07\/IMG-20240716-WA0077-1536x1023.jpg 1536w, https:\/\/defrentealaverdad.com\/wp-content\/uploads\/2024\/07\/IMG-20240716-WA0077.jpg 1600w\" data-sizes=\"(max-width: 300px) 100vw, 300px\" src=\"data:image\/svg+xml;base64,PHN2ZyB3aWR0aD0iMSIgaGVpZ2h0PSIxIiB4bWxucz0iaHR0cDovL3d3dy53My5vcmcvMjAwMC9zdmciPjwvc3ZnPg==\" style=\"--smush-placeholder-width: 300px; --smush-placeholder-aspect-ratio: 300\/200;\" \/><\/p>\n<p style=\"text-align: justify;\">El acto estuvo encabezado por el Ministro de la Juventud, Rafael F\u00e9liz Garc\u00eda y el administrador del Banco Agr\u00edcola, Fernando Dur\u00e1n, quienes se hicieron acompa\u00f1ar de autoridades locales de la ciudad de Santiago de los Caballeros.<\/p>\n<p style=\"text-align: justify;\">En sus palabras centrales, el incumbente de la Juventud, Rafael F\u00e9liz, explic\u00f3 que a trav\u00e9s del Laboratorio de Emprendimiento y Pol\u00edticas del Primer Empleo Joven y su programa Campo Joven, se han entregado m\u00e1s de 150 millones de pesos a tasa 0% a j\u00f3venes con proyectos agropecuarios de emprendimiento a nivel nacional.<\/p>\n<blockquote>\n<p style=\"text-align: justify;\">\u00abHoy estamos entregando 63 millones de pesos en pr\u00e9stamos, aqu\u00ed en Santiago de los Caballeros. Esto forma parte del plan de desarrollar diferentes pol\u00edticas p\u00fablicas que buscan que la juventud que reside en las diferentes provincias del pa\u00eds pueda dedicarse y poder emplearse en estos oficios y profesiones, que de una manera u otra antes era vista como algo sumamente forzoso, pero que con la cooperaci\u00f3n de la tecnolog\u00eda y la investigaci\u00f3n ahora se puede producir m\u00e1s, con mejor calidad, en menos tiempo y con una mayor gen\u00e9tica; todo a favor del desarrollo agropecuario dominicano\u00bb, puntualiz\u00f3 Rafael F\u00e9liz.<\/p>\n<\/blockquote>\n<p style=\"text-align: justify;\">Fernando Dur\u00e1n destac\u00f3 que cuando recibi\u00f3 la propuesta \u00abCampo Joven\u00bb a trav\u00e9s del ministro de la Juventud, Rafael F\u00e9liz, le pareci\u00f3 ideal la vinculaci\u00f3n de la tecnificaci\u00f3n y educaci\u00f3n para los proyectos de j\u00f3venes dominicanos en el campo.<\/p>\n<blockquote>\n<p style=\"text-align: justify;\">\u00abCampo Joven es una muestra de que debemos garantizar el relevo generacional, incentivando a los j\u00f3venes para que se interesen por la producci\u00f3n agropecuaria y as\u00ed garantizar la seguridad alimentaria de nuestra naci\u00f3n\u00bb, concluy\u00f3 Dur\u00e1n.<\/p>\n<\/blockquote>\n<p style=\"text-align: justify;\">Estuvieron presentes, Rosa Santos, gobernadora de Santiago de los Caballeros, Rosalba Milagros, gobernadora de la provincia de Dajab\u00f3n, Amable V\u00e1squez, vicerrector acad\u00e9mico de la Universidad ISA; Juan Rosario, subadministrador t\u00e9cnico del Banco Agr\u00edcola y V\u00edctor Garc\u00eda, subadministrador operativo; Steven Baldera Ruiz, coordinador del programa Campo Joven, Esmerlin D\u00edaz, director de Emprendimiento del Ministerio de la Juventud; funcionarios del gobierno central, autoridades locales y directivos del Banco Agr\u00edcola y del Ministerio de la Juventud.<\/p>\n<p style=\"text-align: justify;\"><strong>J\u00f3venes emprendedores del sector agropecuario de la regi\u00f3n Norte beneficiados por Juventud y Bagr\u00edcola<\/strong><\/p>\n<p style=\"text-align: justify;\">Recibieron sus pr\u00e9stamos los j\u00f3venes, Pedro Ysidro Jim\u00e9nez Paredes, de la provincia S\u00e1nchez Ram\u00edrez con el proyecto fomento de arroz; Carlos Manuel Solano, provincia Hermanas Mirabal de Monse\u00f1or Nouel, y Guillermo Alfonso Saturria, con el emprendimiento cr\u00eda de peces. Mientras tanto, de la provincia Valverde Mao fue beneficiado Damir Jos\u00e9 Taveras Ortiz, quien tiene como proyecto una plantaci\u00f3n de pl\u00e1tanos.<\/p>\n<p style=\"text-align: justify;\"><img decoding=\"async\" class=\"size-medium wp-image-20759 alignright lazyload\" data-src=\"https:\/\/defrentealaverdad.com\/wp-content\/uploads\/2024\/07\/IMG-20240716-WA0076-300x200.jpg\" alt=\"\" width=\"300\" height=\"200\" data-srcset=\"https:\/\/defrentealaverdad.com\/wp-content\/uploads\/2024\/07\/IMG-20240716-WA0076-300x200.jpg 300w, https:\/\/defrentealaverdad.com\/wp-content\/uploads\/2024\/07\/IMG-20240716-WA0076-1024x682.jpg 1024w, https:\/\/defrentealaverdad.com\/wp-content\/uploads\/2024\/07\/IMG-20240716-WA0076-768x512.jpg 768w, https:\/\/defrentealaverdad.com\/wp-content\/uploads\/2024\/07\/IMG-20240716-WA0076-1536x1023.jpg 1536w, https:\/\/defrentealaverdad.com\/wp-content\/uploads\/2024\/07\/IMG-20240716-WA0076.jpg 1600w\" data-sizes=\"(max-width: 300px) 100vw, 300px\" src=\"data:image\/svg+xml;base64,PHN2ZyB3aWR0aD0iMSIgaGVpZ2h0PSIxIiB4bWxucz0iaHR0cDovL3d3dy53My5vcmcvMjAwMC9zdmciPjwvc3ZnPg==\" style=\"--smush-placeholder-width: 300px; --smush-placeholder-aspect-ratio: 300\/200;\" \/><br \/>\nAs\u00ed como tambi\u00e9n, Juaribel Issac Peralta, con su emprendimiento de ceba de novillo, quien reside en la provincia Santiago Rodr\u00edguez. Natanael Toribio Ferreiras, procedente de Puerto Plata, con una producci\u00f3n de ceba de novillo, el joven Jorgenis Reyes Medrano, con un proyecto de fomento de Sand\u00eda, en Dajab\u00f3n, y Juan Abel Almonte, de Montecristi, con una plantaci\u00f3n de Tindora.<\/p>\n<p style=\"text-align: justify;\">De igual forma, recibieron sus pr\u00e9stamos tambi\u00e9n los j\u00f3venes productores agropecuarios, Alejandro Vistoriano Delgado, del municipio Constanza, provincia La Vega, con un fomento de papa. De la ciudad de Santiago, Leysa Nicolle Taveras, Yonatan Yunior Cruz y Fernando Jes\u00fas Cruz.<\/p>\n<p style=\"text-align: justify;\">Selinet Pe\u00f1a Henr\u00edquez, de la provincia Espaillat, con una ceba de novillos; la joven Modesta Liranzo, residente en San Francisco de Macor\u00eds, con su emprendimiento de rehabilitaci\u00f3n de cacao; de la provincia Duarte, los j\u00f3venes Brahian Luis Hiciano con una siembra de arroz y Fernando Mad\u00e9 con la ceba de novillos.<br \/>\nProcedentes de la provincia Mar\u00eda Trinidad S\u00e1nchez, la joven Ivanni Garc\u00eda Suriel, con una renovaci\u00f3n de cacao y Bladimir Antonio Ferm\u00edn con un fomento de coco.<\/p>\n<p style=\"text-align: justify;\">Campo Joven es un proyecto que brinda oportunidades a j\u00f3venes del campo y zonas rurales de RD.<\/p>\n<p style=\"text-align: justify;\">Los fondos de Campo Joven ser\u00e1n exclusivamente destinados para la realizaci\u00f3n de actividades agropecuarias, agroindustriales, agrotecnol\u00f3gicas, agrotur\u00edsticas y actividades agr\u00edcolas en general. Con la puesta en marcha de este programa, ambas instituciones visionan ser juntos entes de transformaci\u00f3n en la vida de los j\u00f3venes dominicanos y el desarrollo y producci\u00f3n del pa\u00eds.<\/p>\n<p style=\"text-align: justify;\">El convenio tiene como prop\u00f3sito lograr un relevo generacional acompa\u00f1ado de las innovaciones tecnol\u00f3gicas y t\u00e9cnicas modernas para aplicar al sector agropecuario. Adem\u00e1s, este acuerdo interinstitucional es un compromiso de voluntades entre el Ministerio de la Juventud y el Banco Agr\u00edcola para la ejecuci\u00f3n del programa de financiamiento Campo Joven.<\/p>\n<p style=\"text-align: justify;\">Fuente: Direcci\u00f3n de Comunicaciones, MJ<\/p>\n","protected":false},"excerpt":{"rendered":"<p>A trav\u00e9s del Laboratorio de Emprendimiento y Pol\u00edticas del Primer Empleo Joven del Ministerio de<\/p>\n","protected":false},"author":4,"featured_media":0,"comment_status":"open","ping_status":"open","sticky":false,"template":"","format":"standard","meta":{"footnotes":""},"categories":[7],"tags":[],"class_list":["post-20753","post","type-post","status-publish","format-standard","hentry","category-nacionales"],"_links":{"self":[{"href":"https:\/\/defrentealaverdad.com\/index.php\/wp-json\/wp\/v2\/posts\/20753","targetHints":{"allow":["GET"]}}],"collection":[{"href":"https:\/\/defrentealaverdad.com\/index.php\/wp-json\/wp\/v2\/posts"}],"about":[{"href":"https:\/\/defrentealaverdad.com\/index.php\/wp-json\/wp\/v2\/types\/post"}],"author":[{"embeddable":true,"href":"https:\/\/defrentealaverdad.com\/index.php\/wp-json\/wp\/v2\/users\/4"}],"replies":[{"embeddable":true,"href":"https:\/\/defrentealaverdad.com\/index.php\/wp-json\/wp\/v2\/comments?post=20753"}],"version-history":[{"count":3,"href":"https:\/\/defrentealaverdad.com\/index.php\/wp-json\/wp\/v2\/posts\/20753\/revisions"}],"predecessor-version":[{"id":20763,"href":"https:\/\/defrentealaverdad.com\/index.php\/wp-json\/wp\/v2\/posts\/20753\/revisions\/20763"}],"wp:attachment":[{"href":"https:\/\/defrentealaverdad.com\/index.php\/wp-json\/wp\/v2\/media?parent=20753"}],"wp:term":[{"taxonomy":"category","embeddable":true,"href":"https:\/\/defrentealaverdad.com\/index.php\/wp-json\/wp\/v2\/categories?post=20753"},{"taxonomy":"post_tag","embeddable":true,"href":"https:\/\/defrentealaverdad.com\/index.php\/wp-json\/wp\/v2\/tags?post=20753"}],"curies":[{"name":"wp","href":"https:\/\/api.w.org\/{rel}","templated":true}]}}