{"id":20691,"date":"2024-07-16T13:19:41","date_gmt":"2024-07-16T13:19:41","guid":{"rendered":"https:\/\/defrentealaverdad.com\/?p=20691"},"modified":"2024-07-16T13:19:41","modified_gmt":"2024-07-16T13:19:41","slug":"adrian-beltre-hara-primer-lanzamiento-en-el-juego-de-estrellas","status":"publish","type":"post","link":"https:\/\/defrentealaverdad.com\/index.php\/2024\/07\/16\/adrian-beltre-hara-primer-lanzamiento-en-el-juego-de-estrellas\/","title":{"rendered":"Adri\u00e1n Beltr\u00e9 har\u00e1 primer lanzamiento en el Juego de Estrellas"},"content":{"rendered":"<header class=\"entry-header\"><\/header>\n<div class=\"entry-meta entry-meta-main\">\n<div class=\"posted-by vcard posted-by--avatar\">\n<div class=\"posted-by__content\"><\/div>\n<\/div>\n<\/div>\n<figure class=\"post-thumbnail\"><img decoding=\"async\" class=\"post-thumbnail__img wp-post-image aligncenter lazyload\" data-src=\"https:\/\/robertocavada.com\/wp-content\/uploads\/2024\/07\/Copia-de-Copia-de-CONTENIDO-RCNOTICIAS-8-x-3-in-1-770x540.png\" alt=\"Adri\u00e1n Beltr\u00e9 har\u00e1 primer lanzamiento en el Juego de Estrellas\" width=\"770\" height=\"540\" src=\"data:image\/svg+xml;base64,PHN2ZyB3aWR0aD0iMSIgaGVpZ2h0PSIxIiB4bWxucz0iaHR0cDovL3d3dy53My5vcmcvMjAwMC9zdmciPjwvc3ZnPg==\" style=\"--smush-placeholder-width: 770px; --smush-placeholder-aspect-ratio: 770\/540;\" \/><\/figure>\n<div class=\"entry-content\">\n<div id=\"st-1\" class=\"sharethis-inline-share-buttons st-center st-lang-es st-has-labels  st-inline-share-buttons st-animated\">\n<div class=\"st-btn st-remove-label\" data-network=\"sharethis\"><\/div>\n<div class=\"st-btn st-last st-remove-label\" style=\"text-align: justify;\" data-network=\"whatsapp\">El dominicano Adrian Beltr\u00e9 ser\u00e1 el encargado de la ceremonia del primer lanzamiento en el Juego de Estrellas en la casa de su primer equipo, los Rangers de Texas, cinco d\u00edas antes de su incorporaci\u00f3n como miembro del Sal\u00f3n de la Fama en la primera votaci\u00f3n.<\/div>\n<\/div>\n<div id=\"advads-318d8bc5fca47a89a1f39eaf455c512a\" class=\"advads-318d8bc5fca47a89a1f39eaf455c512a advads-content-first-paragraph\" style=\"text-align: justify;\">\n<div id=\"advads-1207943405\" class=\"advads-content-first-paragraph\">\n<div data-advads-trackid=\"313183\" data-advads-trackbid=\"1\"><\/div>\n<div id=\"advads-794187503\" data-advads-trackid=\"313183\" data-advads-trackbid=\"1\">Beltr\u00e9 estar\u00e1 acompa\u00f1ado por otros ex integrantes de los Rangers en el Sal\u00f3n de la Fama, los lanzadores Fergie Jenkins y Nolan Ryan, adem\u00e1s del receptor boricua Iv\u00e1n Rodr\u00edguez, el martes por la noche en Globe Life Field. Beltr\u00e9 ingresar\u00e1 al recinto de los inmortales el domingo en Cooperstown.<\/div>\n<\/div>\n<\/div>\n<p style=\"text-align: justify;\">Beltr\u00e9, de 45 a\u00f1os, jug\u00f3 las \u00faltimas ocho de sus 21 temporadas con los Rangers e hizo su \u00fanica aparici\u00f3n en la Serie Mundial en su primer a\u00f1o en Texas en 2011.<\/p>\n<p style=\"text-align: justify;\">Cuatro veces fue \u201cAll-Star\u201d y gan\u00f3 cinco Guantes de Oro, termin\u00f3 con 3.166 hits y 477 jonrones. Sus 2.759 juegos jugados en la tercera base son menos que el total de Brooks Robinson. Logr\u00f3 el ciclo tres veces, la \u00faltima a los 36 a\u00f1os.<\/p>\n<div id=\"advads-7ed3f10096de53e6924466e2ea80a264\" class=\"advads-7ed3f10096de53e6924466e2ea80a264 advads-content-middle\" style=\"text-align: justify;\">\n<div id=\"advads-245563312\" class=\"advads-content-middle\">El hit n\u00famero 3.000 de la carrera de Beltr\u00e9 se produjo en un partido en casa el 30 de julio de 2017, s\u00f3lo minutos despu\u00e9s de que Rodr\u00edguez terminara su discurso de incorporaci\u00f3n al Sal\u00f3n de la Fama en Cooperstown.<\/div>\n<\/div>\n<p style=\"text-align: justify;\">Rodr\u00edguez y Beltr\u00e9 son embajadores del Juego de Estrellas esta semana, y dominicano fue el m\u00e1nager del equipo de la Liga Americana en el Futures Game durante el fin de semana.<\/p>\n<p style=\"text-align: justify;\">Beltr\u00e9 est\u00e1 a punto de unirse a Rodr\u00edguez y al rey del ponche Ryan como los \u00fanicos miembros del recinto que llevan gorras de los Rangers en sus placas. La de Jenkins presenta una gorra de los Cachorros de Chicago.<\/p>\n<p>Fuente: RC Noticias<\/p>\n<\/div>\n","protected":false},"excerpt":{"rendered":"<p>El dominicano Adrian Beltr\u00e9 ser\u00e1 el encargado de la ceremonia del primer lanzamiento en el<\/p>\n","protected":false},"author":2,"featured_media":0,"comment_status":"open","ping_status":"open","sticky":false,"template":"","format":"standard","meta":{"footnotes":""},"categories":[3],"tags":[],"class_list":["post-20691","post","type-post","status-publish","format-standard","hentry","category-deportes"],"_links":{"self":[{"href":"https:\/\/defrentealaverdad.com\/index.php\/wp-json\/wp\/v2\/posts\/20691","targetHints":{"allow":["GET"]}}],"collection":[{"href":"https:\/\/defrentealaverdad.com\/index.php\/wp-json\/wp\/v2\/posts"}],"about":[{"href":"https:\/\/defrentealaverdad.com\/index.php\/wp-json\/wp\/v2\/types\/post"}],"author":[{"embeddable":true,"href":"https:\/\/defrentealaverdad.com\/index.php\/wp-json\/wp\/v2\/users\/2"}],"replies":[{"embeddable":true,"href":"https:\/\/defrentealaverdad.com\/index.php\/wp-json\/wp\/v2\/comments?post=20691"}],"version-history":[{"count":1,"href":"https:\/\/defrentealaverdad.com\/index.php\/wp-json\/wp\/v2\/posts\/20691\/revisions"}],"predecessor-version":[{"id":20692,"href":"https:\/\/defrentealaverdad.com\/index.php\/wp-json\/wp\/v2\/posts\/20691\/revisions\/20692"}],"wp:attachment":[{"href":"https:\/\/defrentealaverdad.com\/index.php\/wp-json\/wp\/v2\/media?parent=20691"}],"wp:term":[{"taxonomy":"category","embeddable":true,"href":"https:\/\/defrentealaverdad.com\/index.php\/wp-json\/wp\/v2\/categories?post=20691"},{"taxonomy":"post_tag","embeddable":true,"href":"https:\/\/defrentealaverdad.com\/index.php\/wp-json\/wp\/v2\/tags?post=20691"}],"curies":[{"name":"wp","href":"https:\/\/api.w.org\/{rel}","templated":true}]}}