{"id":20689,"date":"2024-07-16T13:18:46","date_gmt":"2024-07-16T13:18:46","guid":{"rendered":"https:\/\/defrentealaverdad.com\/?p=20689"},"modified":"2024-07-16T13:18:46","modified_gmt":"2024-07-16T13:18:46","slug":"trump-regresa-con-oreja-vendada-en-la-convencion-republicana","status":"publish","type":"post","link":"https:\/\/defrentealaverdad.com\/index.php\/2024\/07\/16\/trump-regresa-con-oreja-vendada-en-la-convencion-republicana\/","title":{"rendered":"Trump regresa con oreja vendada en la convenci\u00f3n republicana"},"content":{"rendered":"<header class=\"entry-header\"><\/header>\n<div class=\"entry-meta entry-meta-main\"><\/div>\n<figure class=\"post-thumbnail\" style=\"text-align: justify;\"><img decoding=\"async\" class=\"post-thumbnail__img wp-post-image lazyload\" data-src=\"https:\/\/robertocavada.com\/wp-content\/uploads\/2024\/07\/WhatsApp-Image-2024-07-16-at-8.45.53-AM-770x540.jpeg\" alt=\"Trump regresa con oreja vendada en la convenci\u00f3n republicana\" width=\"770\" height=\"540\" src=\"data:image\/svg+xml;base64,PHN2ZyB3aWR0aD0iMSIgaGVpZ2h0PSIxIiB4bWxucz0iaHR0cDovL3d3dy53My5vcmcvMjAwMC9zdmciPjwvc3ZnPg==\" style=\"--smush-placeholder-width: 770px; --smush-placeholder-aspect-ratio: 770\/540;\" \/><\/figure>\n<div class=\"entry-content\">\n<div id=\"st-1\" class=\"sharethis-inline-share-buttons st-center st-lang-es st-has-labels  st-inline-share-buttons st-animated\" style=\"text-align: justify;\">\n<div class=\"st-btn st-remove-label\" data-network=\"telegram\"><\/div>\n<div class=\"st-btn st-last st-remove-label\" data-network=\"whatsapp\">El candidato republicano <a href=\"https:\/\/robertocavada.com\/nacionales\/2024\/07\/15\/la-jefa-del-servicio-secreto-asume-responsabilidad-por-ataque-contra-trump-pero-no-dimite\/\">Donald Trump<\/a>\u00a0lleg\u00f3 este lunes a la convenci\u00f3n republicana en Milwaukee,\u00a0Estados Unidos,\u00a0con la oreja derecha vendada ante una multitud que le aclamaba, mientras el FBI sigue intentando esclarecer las razones por las que un hombre intent\u00f3 asesinarlo el s\u00e1bado.<\/div>\n<\/div>\n<p style=\"text-align: justify;\">Trump reapareci\u00f3 por sorpresa, ante sus fan\u00e1ticos, durante la primera jornada de la Convenci\u00f3n Nacional Republicana celebrada en el estado clave de Wisconsin.<\/p>\n<p style=\"text-align: justify;\">Las pantallas del estadio que acog\u00eda la convenci\u00f3n se encargaron de mostrar al magnate neoyorquino caminando con rostro serio por los pasillos hasta que lleg\u00f3 a una tribuna especial junto a su familia y el que es su candidato a la vicepresidencia, el senador J.D. Vance, otra de las sorpresas de la jornada.<\/p>\n<p style=\"text-align: justify;\">Horas antes de su aparici\u00f3n estelar, en ese mismo palacio deportivo los cerca de 2.400 delegados del Partido Republicano hab\u00edan votado en bloque a favor de la nominaci\u00f3n de Trump.\u00a0Tambi\u00e9n aceptaron por unanimidad la elecci\u00f3n de\u00a0J.D. Vance, senador por Ohio, como compa\u00f1ero de f\u00f3rmula del magnate\u00a0neoyorquino, quien esper\u00f3 hasta el \u00faltimo momento para anunciar, por redes sociales, a su pupilo.<\/p>\n<p>Fuente: EFE<\/p>\n<\/div>\n","protected":false},"excerpt":{"rendered":"<p>El candidato republicano Donald Trump\u00a0lleg\u00f3 este lunes a la convenci\u00f3n republicana en Milwaukee,\u00a0Estados Unidos,\u00a0con la<\/p>\n","protected":false},"author":4,"featured_media":0,"comment_status":"open","ping_status":"open","sticky":false,"template":"","format":"standard","meta":{"footnotes":""},"categories":[16],"tags":[],"class_list":["post-20689","post","type-post","status-publish","format-standard","hentry","category-internacionales"],"_links":{"self":[{"href":"https:\/\/defrentealaverdad.com\/index.php\/wp-json\/wp\/v2\/posts\/20689","targetHints":{"allow":["GET"]}}],"collection":[{"href":"https:\/\/defrentealaverdad.com\/index.php\/wp-json\/wp\/v2\/posts"}],"about":[{"href":"https:\/\/defrentealaverdad.com\/index.php\/wp-json\/wp\/v2\/types\/post"}],"author":[{"embeddable":true,"href":"https:\/\/defrentealaverdad.com\/index.php\/wp-json\/wp\/v2\/users\/4"}],"replies":[{"embeddable":true,"href":"https:\/\/defrentealaverdad.com\/index.php\/wp-json\/wp\/v2\/comments?post=20689"}],"version-history":[{"count":1,"href":"https:\/\/defrentealaverdad.com\/index.php\/wp-json\/wp\/v2\/posts\/20689\/revisions"}],"predecessor-version":[{"id":20690,"href":"https:\/\/defrentealaverdad.com\/index.php\/wp-json\/wp\/v2\/posts\/20689\/revisions\/20690"}],"wp:attachment":[{"href":"https:\/\/defrentealaverdad.com\/index.php\/wp-json\/wp\/v2\/media?parent=20689"}],"wp:term":[{"taxonomy":"category","embeddable":true,"href":"https:\/\/defrentealaverdad.com\/index.php\/wp-json\/wp\/v2\/categories?post=20689"},{"taxonomy":"post_tag","embeddable":true,"href":"https:\/\/defrentealaverdad.com\/index.php\/wp-json\/wp\/v2\/tags?post=20689"}],"curies":[{"name":"wp","href":"https:\/\/api.w.org\/{rel}","templated":true}]}}