{"id":20684,"date":"2024-07-16T13:16:34","date_gmt":"2024-07-16T13:16:34","guid":{"rendered":"https:\/\/defrentealaverdad.com\/?p=20684"},"modified":"2024-07-16T13:16:34","modified_gmt":"2024-07-16T13:16:34","slug":"raymond-y-miguel-ofrecen-detalles-de-su-espectaculo-aqui-se-vale-sonar-por-sus-30-anos-de-carrera","status":"publish","type":"post","link":"https:\/\/defrentealaverdad.com\/index.php\/2024\/07\/16\/raymond-y-miguel-ofrecen-detalles-de-su-espectaculo-aqui-se-vale-sonar-por-sus-30-anos-de-carrera\/","title":{"rendered":"Raymond y Miguel ofrecen detalles de su espect\u00e1culo \u00abAqu\u00ed se vale so\u00f1ar\u00bb, por sus 30 a\u00f1os de carrera"},"content":{"rendered":"<header class=\"entry-header\"><\/header>\n<figure class=\"post-thumbnail\" style=\"text-align: justify;\"><img decoding=\"async\" class=\"post-thumbnail__img wp-post-image aligncenter lazyload\" data-src=\"https:\/\/robertocavada.com\/wp-content\/uploads\/2024\/07\/WhatsApp-Image-2024-07-15-at-20.09.45-1-770x540.jpeg\" alt=\"Raymond y Miguel ofrecen detalles de su espect\u00e1culo &quot;Aqu\u00ed se vale so\u00f1ar&quot;, por sus 30 a\u00f1os de carrera\" width=\"770\" height=\"540\" src=\"data:image\/svg+xml;base64,PHN2ZyB3aWR0aD0iMSIgaGVpZ2h0PSIxIiB4bWxucz0iaHR0cDovL3d3dy53My5vcmcvMjAwMC9zdmciPjwvc3ZnPg==\" style=\"--smush-placeholder-width: 770px; --smush-placeholder-aspect-ratio: 770\/540;\" \/><\/figure>\n<div class=\"entry-content\">\n<div id=\"st-1\" class=\"sharethis-inline-share-buttons st-center st-lang-es st-has-labels  st-inline-share-buttons st-animated\" style=\"text-align: justify;\">\n<div class=\"st-btn st-first\" data-network=\"facebook\">Los Reyes del Humor, Raymond &amp; Miguel, ofrecieron detalles de su espect\u00e1culo \u201cAqu\u00ed se vale so\u00f1ar\u201d, por motivo de la celebraci\u00f3n de sus 30 a\u00f1os de carrera, a celebrarse en la sala Carlos Piantini del Teatro Nacional, bajo la producci\u00f3n de C\u00e9sar Suarez Jr.<\/div>\n<\/div>\n<p style=\"text-align: justify;\">El show de humor ser\u00e1 el s\u00e1bado 27 de julio a las 8:30 de la noche, y promete una puesta en escena espectacular, con la direcci\u00f3n art\u00edstica de Waddys J\u00e1quez y la direcci\u00f3n musical de Antonio Gonz\u00e1lez.<\/p>\n<p style=\"text-align: justify;\">Los Reyes del Humor explicaron que el espect\u00e1culo tiene como objetivo principal hacer reir al p\u00fablico presente, con la interpretaci\u00f3n de varios de sus personajes principales, que combinados con los temas del momento, convertir\u00e1n el evento en una experiencia inolvidable, llena de risas y momentos memorables.<\/p>\n<p style=\"text-align: justify;\">Seg\u00fan el productor general, C\u00e9sar Suarez Jr, Raymond Pozo y Miguel C\u00e9spedes conmemorar\u00e1n sus tres d\u00e9cadas con un show que re\u00fane lo mejor de su trayectoria art\u00edstica con sorpresas e invitados especiales que har\u00e1n de este espect\u00e1culo una noche inolvidable.<\/p>\n<p style=\"text-align: justify;\">Adem\u00e1s, \u201cAqu\u00ed se vale So\u00f1ar\u201d incluir\u00e1 las parodias con imitaciones de diversos artistas que han logrado alcanzar millones de vistas en plataformas digitales convirti\u00e9ndose en tendencia.<\/p>\n<p style=\"text-align: justify;\">Es importante resaltar que Raymond &amp; Miguel son dos comediantes con una trayectoria de \u00e9xitos tanto en televisi\u00f3n como en el cine y actualmente se mantienen en el gusto popular.<\/p>\n<p style=\"text-align: justify;\">Los humoristas y actores Raymond Pozo y Miguel C\u00e9spedes tienen una historia de superaci\u00f3n admirable.<\/p>\n<p style=\"text-align: justify;\">En el mundo del espect\u00e1culo han recorrido juntos una ejemplar carrera que lo han llevado a recibir varios premios Soberano en el rengl\u00f3n de humor.<\/p>\n<figure class=\"wp-block-image size-large\" style=\"text-align: justify;\"><img decoding=\"async\" class=\"wp-image-410415 aligncenter lazyload\" data-src=\"https:\/\/robertocavada.com\/wp-content\/uploads\/2024\/07\/WhatsApp-Image-2024-07-15-at-20.09.45-2-1024x768.jpeg\" data-sizes=\"(max-width: 1024px) 100vw, 1024px\" data-srcset=\"https:\/\/robertocavada.com\/wp-content\/uploads\/2024\/07\/WhatsApp-Image-2024-07-15-at-20.09.45-2-1024x768.jpeg 1024w, https:\/\/robertocavada.com\/wp-content\/uploads\/2024\/07\/WhatsApp-Image-2024-07-15-at-20.09.45-2-300x225.jpeg 300w, https:\/\/robertocavada.com\/wp-content\/uploads\/2024\/07\/WhatsApp-Image-2024-07-15-at-20.09.45-2-768x576.jpeg 768w, https:\/\/robertocavada.com\/wp-content\/uploads\/2024\/07\/WhatsApp-Image-2024-07-15-at-20.09.45-2-370x278.jpeg 370w, https:\/\/robertocavada.com\/wp-content\/uploads\/2024\/07\/WhatsApp-Image-2024-07-15-at-20.09.45-2.jpeg 1156w\" alt=\"\" width=\"1024\" height=\"768\" src=\"data:image\/svg+xml;base64,PHN2ZyB3aWR0aD0iMSIgaGVpZ2h0PSIxIiB4bWxucz0iaHR0cDovL3d3dy53My5vcmcvMjAwMC9zdmciPjwvc3ZnPg==\" style=\"--smush-placeholder-width: 1024px; --smush-placeholder-aspect-ratio: 1024\/768;\" \/><\/figure>\n<p style=\"text-align: justify;\">Los Reyes del Humor, adem\u00e1s de su exitoso programa de televisi\u00f3n \u201cEl Show de Raymond y Miguel\u201d, han protagonizado una extensa lista de pel\u00edculas en el cine como son \u201cPerico Ripiao\u201d, \u201cCristiano a la secreta\u201d, \u201cTub\u00e9rculo Gourmet\u201d, \u201cLotoman 003\u201d y \u201cLa vida de los Reyes\u201d, entre otras.<\/p>\n<p style=\"text-align: justify;\">Las boletas est\u00e1n la venta en Uepa tickets.<\/p>\n<p style=\"text-align: justify;\">Fuente: RC Noticias<\/p>\n<\/div>\n","protected":false},"excerpt":{"rendered":"<p>Los Reyes del Humor, Raymond &amp; Miguel, ofrecieron detalles de su espect\u00e1culo \u201cAqu\u00ed se vale<\/p>\n","protected":false},"author":2,"featured_media":0,"comment_status":"open","ping_status":"open","sticky":false,"template":"","format":"standard","meta":{"footnotes":""},"categories":[7],"tags":[],"class_list":["post-20684","post","type-post","status-publish","format-standard","hentry","category-nacionales"],"_links":{"self":[{"href":"https:\/\/defrentealaverdad.com\/index.php\/wp-json\/wp\/v2\/posts\/20684","targetHints":{"allow":["GET"]}}],"collection":[{"href":"https:\/\/defrentealaverdad.com\/index.php\/wp-json\/wp\/v2\/posts"}],"about":[{"href":"https:\/\/defrentealaverdad.com\/index.php\/wp-json\/wp\/v2\/types\/post"}],"author":[{"embeddable":true,"href":"https:\/\/defrentealaverdad.com\/index.php\/wp-json\/wp\/v2\/users\/2"}],"replies":[{"embeddable":true,"href":"https:\/\/defrentealaverdad.com\/index.php\/wp-json\/wp\/v2\/comments?post=20684"}],"version-history":[{"count":1,"href":"https:\/\/defrentealaverdad.com\/index.php\/wp-json\/wp\/v2\/posts\/20684\/revisions"}],"predecessor-version":[{"id":20685,"href":"https:\/\/defrentealaverdad.com\/index.php\/wp-json\/wp\/v2\/posts\/20684\/revisions\/20685"}],"wp:attachment":[{"href":"https:\/\/defrentealaverdad.com\/index.php\/wp-json\/wp\/v2\/media?parent=20684"}],"wp:term":[{"taxonomy":"category","embeddable":true,"href":"https:\/\/defrentealaverdad.com\/index.php\/wp-json\/wp\/v2\/categories?post=20684"},{"taxonomy":"post_tag","embeddable":true,"href":"https:\/\/defrentealaverdad.com\/index.php\/wp-json\/wp\/v2\/tags?post=20684"}],"curies":[{"name":"wp","href":"https:\/\/api.w.org\/{rel}","templated":true}]}}