{"id":20680,"date":"2024-07-16T12:47:41","date_gmt":"2024-07-16T12:47:41","guid":{"rendered":"https:\/\/defrentealaverdad.com\/?p=20680"},"modified":"2024-07-16T12:47:41","modified_gmt":"2024-07-16T12:47:41","slug":"primerizard-la-comunidad-de-apoyo-a-madres-dominicanas-celebra-la-semana-mundial-de-la-lactancia-materna-con-actividades-educativas","status":"publish","type":"post","link":"https:\/\/defrentealaverdad.com\/index.php\/2024\/07\/16\/primerizard-la-comunidad-de-apoyo-a-madres-dominicanas-celebra-la-semana-mundial-de-la-lactancia-materna-con-actividades-educativas\/","title":{"rendered":"PrimerizaRD, la Comunidad de Apoyo a Madres Dominicanas, celebra la Semana Mundial de la Lactancia Materna con Actividades Educativas"},"content":{"rendered":"<p><img decoding=\"async\" class=\"size-medium wp-image-20682 alignleft lazyload\" data-src=\"https:\/\/defrentealaverdad.com\/wp-content\/uploads\/2024\/07\/IMG-20240716-WA0021-200x300.jpg\" alt=\"\" width=\"200\" height=\"300\" data-srcset=\"https:\/\/defrentealaverdad.com\/wp-content\/uploads\/2024\/07\/IMG-20240716-WA0021-200x300.jpg 200w, https:\/\/defrentealaverdad.com\/wp-content\/uploads\/2024\/07\/IMG-20240716-WA0021-682x1024.jpg 682w, https:\/\/defrentealaverdad.com\/wp-content\/uploads\/2024\/07\/IMG-20240716-WA0021-768x1153.jpg 768w, https:\/\/defrentealaverdad.com\/wp-content\/uploads\/2024\/07\/IMG-20240716-WA0021-1023x1536.jpg 1023w, https:\/\/defrentealaverdad.com\/wp-content\/uploads\/2024\/07\/IMG-20240716-WA0021.jpg 1066w\" data-sizes=\"(max-width: 200px) 100vw, 200px\" src=\"data:image\/svg+xml;base64,PHN2ZyB3aWR0aD0iMSIgaGVpZ2h0PSIxIiB4bWxucz0iaHR0cDovL3d3dy53My5vcmcvMjAwMC9zdmciPjwvc3ZnPg==\" style=\"--smush-placeholder-width: 200px; --smush-placeholder-aspect-ratio: 200\/300;\" \/><\/p>\n<p style=\"text-align: justify;\">Santo Domingo, Rep\u00fablica Dominicana &#8211; PrimerizaRD, la destacada comunidad de apoyo a madres en Rep\u00fablica Dominicana, se enorgullece en anunciar que celebrar\u00e1 la Semana Mundial de la Lactancia Materna del 1 al 8 de agosto con una serie de actividades educativas y de concientizaci\u00f3n dirigidas a las madres y familias dominicanas.<\/p>\n<p style=\"text-align: justify;\">La Semana Mundial de la Lactancia Materna es una iniciativa global que tiene como objetivo fomentar, proteger y apoyar la lactancia<img decoding=\"async\" class=\"size-medium wp-image-20681 alignright lazyload\" data-src=\"https:\/\/defrentealaverdad.com\/wp-content\/uploads\/2024\/07\/IMG-20240716-WA0020-225x300.jpg\" alt=\"\" width=\"225\" height=\"300\" data-srcset=\"https:\/\/defrentealaverdad.com\/wp-content\/uploads\/2024\/07\/IMG-20240716-WA0020-225x300.jpg 225w, https:\/\/defrentealaverdad.com\/wp-content\/uploads\/2024\/07\/IMG-20240716-WA0020-768x1024.jpg 768w, https:\/\/defrentealaverdad.com\/wp-content\/uploads\/2024\/07\/IMG-20240716-WA0020-1152x1536.jpg 1152w, https:\/\/defrentealaverdad.com\/wp-content\/uploads\/2024\/07\/IMG-20240716-WA0020-1536x2048.jpg 1536w, https:\/\/defrentealaverdad.com\/wp-content\/uploads\/2024\/07\/IMG-20240716-WA0020-450x600.jpg 450w, https:\/\/defrentealaverdad.com\/wp-content\/uploads\/2024\/07\/IMG-20240716-WA0020-scaled.jpg 1920w\" data-sizes=\"(max-width: 225px) 100vw, 225px\" src=\"data:image\/svg+xml;base64,PHN2ZyB3aWR0aD0iMSIgaGVpZ2h0PSIxIiB4bWxucz0iaHR0cDovL3d3dy53My5vcmcvMjAwMC9zdmciPjwvc3ZnPg==\" style=\"--smush-placeholder-width: 225px; --smush-placeholder-aspect-ratio: 225\/300;\" \/> materna en todo el mundo. En l\u00ednea con este importante llamado, PrimerizaRD, como organizaci\u00f3n comprometida con el bienestar de las madres y beb\u00e9s, se ha propuesto brindar a su comunidad un espacio de aprendizaje, empoderamiento y apoyo mutuo.<\/p>\n<p style=\"text-align: justify;\"><em>\u00abNuestra misi\u00f3n en PrimerizaRD es empoderar a madres y padres en su recorrido por la maternidad, y la lactancia materna es un pilar fundamental de este objetivo\u00bb<\/em>, afirm\u00f3 Alfania Mendoza, fundadora de PrimerizaRD.<\/p>\n<blockquote>\n<p style=\"text-align: justify;\">\u00abDurante esta semana especial, estaremos ofreciendo talleres, charlas y actividades que resalten los beneficios de la lactancia materna, tanto para los beb\u00e9s como para las madres, y brindaremos herramientas pr\u00e1cticas para que puedan tener una experiencia de amamantamiento exitosa y hacerlo compatible con sus labores\u00bb.<\/p>\n<\/blockquote>\n<p style=\"text-align: justify;\">Las actividades de PrimerizaRD durante la Semana Mundial de la Lactancia Materna incluir\u00e1n:<\/p>\n<p style=\"text-align: justify;\">&#8211; Talleres pr\u00e1cticos sobre t\u00e9cnicas de lactancia y manejo de problemas comunes.<\/p>\n<p style=\"text-align: justify;\">&#8211; Charlas informativas con expertos en salud y lactancia materna.<\/p>\n<p style=\"text-align: justify;\">&#8211; Grupos de apoyo y espacios de intercambio de experiencias entre madres.<\/p>\n<p style=\"text-align: justify;\">Adem\u00e1s, PrimerizaRD extiende una invitaci\u00f3n a empresas e instituciones interesadas en sumarse a esta celebraci\u00f3n. Las organizaciones que deseen recibir talleres o charlas sobre lactancia materna en sus instalaciones pueden solicitar una propuesta personalizada a la comunidad.<\/p>\n<blockquote>\n<p style=\"text-align: justify;\">\u00abCreemos firmemente en la importancia de la lactancia materna y en el apoyo que las madres deben recibir durante esta etapa tan especial. Por eso, estamos abiertas a colaborar con empresas y organizaciones que compartan nuestro compromiso con el bienestar de las familias dominicanas\u00bb, agreg\u00f3 Mendoza.<\/p>\n<\/blockquote>\n<p style=\"text-align: justify;\">Para m\u00e1s informaci\u00f3n sobre las actividades de PrimerizaRD durante la Semana Mundial de la Lactancia Materna o para solicitar una propuesta de colaboraci\u00f3n, las empresas interesadas pueden comunicarse a trav\u00e9s de los canales de la comunidad.<\/p>\n<p><strong>Acerca de PrimerizaRD<\/strong><\/p>\n<p style=\"text-align: justify;\">PrimerizaRD es una comunidad de apoyo para madres en cualquier etapa de su maternidad, ya sea embarazo, lactancia, alimentaci\u00f3n, beb\u00e9s de m\u00e1s de 1 a\u00f1o y para mam\u00e1s que ya no sean primerizas. Realizan charlas, talleres, foros y mucho m\u00e1s con el objetivo de empoderar a madres y padres en su recorrido por la maternidad.<\/p>\n<p style=\"text-align: justify;\">Fuente: Alfania Mendoza (Fundadora de PrimerizaRD)<\/p>\n","protected":false},"excerpt":{"rendered":"<p>Santo Domingo, Rep\u00fablica Dominicana &#8211; PrimerizaRD, la destacada comunidad de apoyo a madres en Rep\u00fablica<\/p>\n","protected":false},"author":2,"featured_media":0,"comment_status":"open","ping_status":"open","sticky":false,"template":"","format":"standard","meta":{"footnotes":""},"categories":[7],"tags":[],"class_list":["post-20680","post","type-post","status-publish","format-standard","hentry","category-nacionales"],"_links":{"self":[{"href":"https:\/\/defrentealaverdad.com\/index.php\/wp-json\/wp\/v2\/posts\/20680","targetHints":{"allow":["GET"]}}],"collection":[{"href":"https:\/\/defrentealaverdad.com\/index.php\/wp-json\/wp\/v2\/posts"}],"about":[{"href":"https:\/\/defrentealaverdad.com\/index.php\/wp-json\/wp\/v2\/types\/post"}],"author":[{"embeddable":true,"href":"https:\/\/defrentealaverdad.com\/index.php\/wp-json\/wp\/v2\/users\/2"}],"replies":[{"embeddable":true,"href":"https:\/\/defrentealaverdad.com\/index.php\/wp-json\/wp\/v2\/comments?post=20680"}],"version-history":[{"count":1,"href":"https:\/\/defrentealaverdad.com\/index.php\/wp-json\/wp\/v2\/posts\/20680\/revisions"}],"predecessor-version":[{"id":20683,"href":"https:\/\/defrentealaverdad.com\/index.php\/wp-json\/wp\/v2\/posts\/20680\/revisions\/20683"}],"wp:attachment":[{"href":"https:\/\/defrentealaverdad.com\/index.php\/wp-json\/wp\/v2\/media?parent=20680"}],"wp:term":[{"taxonomy":"category","embeddable":true,"href":"https:\/\/defrentealaverdad.com\/index.php\/wp-json\/wp\/v2\/categories?post=20680"},{"taxonomy":"post_tag","embeddable":true,"href":"https:\/\/defrentealaverdad.com\/index.php\/wp-json\/wp\/v2\/tags?post=20680"}],"curies":[{"name":"wp","href":"https:\/\/api.w.org\/{rel}","templated":true}]}}