{"id":20675,"date":"2024-07-16T12:41:25","date_gmt":"2024-07-16T12:41:25","guid":{"rendered":"https:\/\/defrentealaverdad.com\/?p=20675"},"modified":"2024-07-16T12:41:25","modified_gmt":"2024-07-16T12:41:25","slug":"doctora-desiree-del-rosario-el-nuevo-codigo-penal-constituye-un-retroceso","status":"publish","type":"post","link":"https:\/\/defrentealaverdad.com\/index.php\/2024\/07\/16\/doctora-desiree-del-rosario-el-nuevo-codigo-penal-constituye-un-retroceso\/","title":{"rendered":"Doctora Desiree del Rosario: \u00abEl nuevo C\u00f3digo Penal constituye un retroceso\u00bb"},"content":{"rendered":"<p><img decoding=\"async\" class=\"size-medium wp-image-20676 alignleft lazyload\" data-src=\"https:\/\/defrentealaverdad.com\/wp-content\/uploads\/2024\/07\/IMG-20240716-WA0033-300x172.jpg\" alt=\"\" width=\"300\" height=\"172\" data-srcset=\"https:\/\/defrentealaverdad.com\/wp-content\/uploads\/2024\/07\/IMG-20240716-WA0033-300x172.jpg 300w, https:\/\/defrentealaverdad.com\/wp-content\/uploads\/2024\/07\/IMG-20240716-WA0033.jpg 662w\" data-sizes=\"(max-width: 300px) 100vw, 300px\" src=\"data:image\/svg+xml;base64,PHN2ZyB3aWR0aD0iMSIgaGVpZ2h0PSIxIiB4bWxucz0iaHR0cDovL3d3dy53My5vcmcvMjAwMC9zdmciPjwvc3ZnPg==\" style=\"--smush-placeholder-width: 300px; --smush-placeholder-aspect-ratio: 300\/172;\" \/><\/p>\n<p style=\"text-align: justify;\">Santo Domingo, R.D. La doctora Desiree del Rosario, coordinadora del Centro de Estudios de G\u00e9nero del Instituto Tecnol\u00f3gico (INTEC), afirm\u00f3 que el viejo C\u00f3digo Penal, que data de m\u00e1s de cien a\u00f1os, y que requiere de una actualizaci\u00f3n, resulta mejor que la propuesta aprobada sin lectura por los senadores y diputados.<\/p>\n<blockquote>\n<p style=\"text-align: justify;\">\u00abLa prisa para su aprobaci\u00f3n no permiti\u00f3 a los senadores estudiar a profundidad el proyecto del C\u00f3digo Penal, a pesar de que juristas y organizaciones de la sociedad civil han denunciado que el mismo est\u00e1 plagado de errores\u00bb, denunci\u00f3 del Rosario.<\/p>\n<\/blockquote>\n<p style=\"text-align: justify;\">En ese mismo tenor, la abogada y educadora, consider\u00f3 que<em> \u00abel nuevo C\u00f3digo Penal constituye un retroceso para la Rep\u00fablica Dominicana, en materia de derechos, y perjudica, sobre, todo a las mujeres y a las ni\u00f1as\u00bb.<\/em><\/p>\n<p style=\"text-align: justify;\"><img decoding=\"async\" class=\"size-medium wp-image-20677 alignnone lazyload\" data-src=\"https:\/\/defrentealaverdad.com\/wp-content\/uploads\/2024\/07\/IMG-20240716-WA0035-300x200.jpg\" alt=\"\" width=\"300\" height=\"200\" data-srcset=\"https:\/\/defrentealaverdad.com\/wp-content\/uploads\/2024\/07\/IMG-20240716-WA0035-300x200.jpg 300w, https:\/\/defrentealaverdad.com\/wp-content\/uploads\/2024\/07\/IMG-20240716-WA0035.jpg 658w\" data-sizes=\"(max-width: 300px) 100vw, 300px\" src=\"data:image\/svg+xml;base64,PHN2ZyB3aWR0aD0iMSIgaGVpZ2h0PSIxIiB4bWxucz0iaHR0cDovL3d3dy53My5vcmcvMjAwMC9zdmciPjwvc3ZnPg==\" style=\"--smush-placeholder-width: 300px; --smush-placeholder-aspect-ratio: 300\/200;\" \/>Asimismo, del Rosario advirti\u00f3 que con ese c\u00f3digo penal se autoriza el trato abusivo y la violaci\u00f3n sexual contra las mujeres cuando estos abusos los cometa su esposo o pareja.<\/p>\n<p style=\"text-align: justify;\">De igual manera, la profesora plena del \u00c1rea de Ciencias Sociales y Humanidades y coordinadora de la maestr\u00eda en G\u00e9nero y Pol\u00edticas de Igualdad en Educaci\u00f3n de INTEC, critic\u00f3 la exclusi\u00f3n de las tres causales.<\/p>\n<blockquote>\n<p style=\"text-align: justify;\">\u00abPermitir que m\u00e1s mujeres sigan muriendo por la penalizaci\u00f3n absoluta del aborto no es ni moderno, ni aceptable\u00bb, advirti\u00f3.<\/p>\n<\/blockquote>\n<p style=\"text-align: justify;\">En ese mismo orden, la catedr\u00e1tica emplaz\u00f3 a la Defensor\u00eda del Pueblo y a la Comisi\u00f3n de DDHH, que demanden sean incluidas las tres c\u00e1usales en dicho C\u00f3digo.<\/p>\n<p style=\"text-align: justify;\">Otro punto que del Rosario cuestiona es, a su juicio, la normalizaci\u00f3n de la violencia en el proyecto.<\/p>\n<p style=\"text-align: justify;\"><em>\u00abSi estamos trabajando para desmontar la violencia en la Rep\u00fablica Dominicana, c\u00f3mo es posible que el C\u00f3digo permita que un padre pueda golpear a su hijo, que pueda, supuestamente corregir, porque eso no es correcci\u00f3n, es tolerar, normalizar y legalizar la violencia contra ni\u00f1os y ni\u00f1as. Estamos ante una violencia institucionalizada\u00bb,<\/em> lament\u00f3 la experta.<\/p>\n<blockquote>\n<p style=\"text-align: justify;\">\u00abDe igual manera -contin\u00faa la abogada- se est\u00e1 hablando de que el incesto puede ser m\u00e1s grave y menos grave y eso no es as\u00ed. Incesto es incesto\u00bb.<\/p>\n<\/blockquote>\n<p style=\"text-align: justify;\">Por igual, lament\u00f3 que una herramienta jur\u00eddica tan importante \u00abse haya aprobado sin ser previamente estudiada\u00bb.<img decoding=\"async\" class=\"size-medium wp-image-20678 alignright lazyload\" data-src=\"https:\/\/defrentealaverdad.com\/wp-content\/uploads\/2024\/07\/IMG-20240716-WA0034-300x225.jpg\" alt=\"\" width=\"300\" height=\"225\" data-srcset=\"https:\/\/defrentealaverdad.com\/wp-content\/uploads\/2024\/07\/IMG-20240716-WA0034-300x225.jpg 300w, https:\/\/defrentealaverdad.com\/wp-content\/uploads\/2024\/07\/IMG-20240716-WA0034.jpg 663w\" data-sizes=\"(max-width: 300px) 100vw, 300px\" src=\"data:image\/svg+xml;base64,PHN2ZyB3aWR0aD0iMSIgaGVpZ2h0PSIxIiB4bWxucz0iaHR0cDovL3d3dy53My5vcmcvMjAwMC9zdmciPjwvc3ZnPg==\" style=\"--smush-placeholder-width: 300px; --smush-placeholder-aspect-ratio: 300\/225;\" \/><\/p>\n<p style=\"text-align: justify;\">Tomando en cuenta todo lo antes expuesto, del Rosario advierte sobre la resistencia de los poderes f\u00e1cticos al Estado de derecho, poniendo as\u00ed en evidencia su propensi\u00f3n a promover e imponer sus intereses particulares sobre el resto de la sociedad.<\/p>\n<blockquote>\n<p style=\"text-align: justify;\">\u00abMuchas veces las instituciones aprovechan el poder que tienen para imponer ideas, leyes y miradas sobre determinados procesos y no permiten que la democracia avance en muchos pa\u00edses. Eso tambi\u00e9n es corrupci\u00f3n\u00bb, denunci\u00f3.<\/p>\n<\/blockquote>\n<p style=\"text-align: justify;\">Para finalizar, del Rosario afirm\u00f3 que el Estado tiene la obligaci\u00f3n de respetar, garantizar y promover los derechos humanos.<\/p>\n<p>Fuente: Centro de Estudios de G\u00e9nero del Instituto Tecnol\u00f3gico (INTEC)<\/p>\n","protected":false},"excerpt":{"rendered":"<p>Santo Domingo, R.D. La doctora Desiree del Rosario, coordinadora del Centro de Estudios de G\u00e9nero<\/p>\n","protected":false},"author":1,"featured_media":0,"comment_status":"open","ping_status":"open","sticky":false,"template":"","format":"standard","meta":{"footnotes":""},"categories":[7],"tags":[],"class_list":["post-20675","post","type-post","status-publish","format-standard","hentry","category-nacionales"],"_links":{"self":[{"href":"https:\/\/defrentealaverdad.com\/index.php\/wp-json\/wp\/v2\/posts\/20675","targetHints":{"allow":["GET"]}}],"collection":[{"href":"https:\/\/defrentealaverdad.com\/index.php\/wp-json\/wp\/v2\/posts"}],"about":[{"href":"https:\/\/defrentealaverdad.com\/index.php\/wp-json\/wp\/v2\/types\/post"}],"author":[{"embeddable":true,"href":"https:\/\/defrentealaverdad.com\/index.php\/wp-json\/wp\/v2\/users\/1"}],"replies":[{"embeddable":true,"href":"https:\/\/defrentealaverdad.com\/index.php\/wp-json\/wp\/v2\/comments?post=20675"}],"version-history":[{"count":1,"href":"https:\/\/defrentealaverdad.com\/index.php\/wp-json\/wp\/v2\/posts\/20675\/revisions"}],"predecessor-version":[{"id":20679,"href":"https:\/\/defrentealaverdad.com\/index.php\/wp-json\/wp\/v2\/posts\/20675\/revisions\/20679"}],"wp:attachment":[{"href":"https:\/\/defrentealaverdad.com\/index.php\/wp-json\/wp\/v2\/media?parent=20675"}],"wp:term":[{"taxonomy":"category","embeddable":true,"href":"https:\/\/defrentealaverdad.com\/index.php\/wp-json\/wp\/v2\/categories?post=20675"},{"taxonomy":"post_tag","embeddable":true,"href":"https:\/\/defrentealaverdad.com\/index.php\/wp-json\/wp\/v2\/tags?post=20675"}],"curies":[{"name":"wp","href":"https:\/\/api.w.org\/{rel}","templated":true}]}}