{"id":20660,"date":"2024-07-15T23:57:07","date_gmt":"2024-07-15T23:57:07","guid":{"rendered":"https:\/\/defrentealaverdad.com\/?p=20660"},"modified":"2024-07-15T23:57:07","modified_gmt":"2024-07-15T23:57:07","slug":"delegacion-dominicana-de-equitacion-visita-el-consulado-dominicano-en-puerto-rico","status":"publish","type":"post","link":"https:\/\/defrentealaverdad.com\/index.php\/2024\/07\/15\/delegacion-dominicana-de-equitacion-visita-el-consulado-dominicano-en-puerto-rico\/","title":{"rendered":"Delegaci\u00f3n Dominicana de Equitaci\u00f3n visita el Consulado Dominicano en Puerto Rico\u00a0"},"content":{"rendered":"<p>San Juan, PR.- La delegaci\u00f3n dominicana que participa en el XIV Mundial de Equitaci\u00f3n de Caballos de Pasos, Confepaso 2024, particip\u00f3 la tarde de este lunes de una visita de cortes\u00eda al Consulado General de la Rep\u00fablica Dominicana, en Puerto Rico, donde fueron recibidos por el honorable C\u00f3nsul General, C\u00e9sar Cede\u00f1o.<\/p>\n<p>&nbsp;<\/p>\n<p>Durante el encuentro Cede\u00f1o aprovech\u00f3 la visita de la delegaci\u00f3n para entregarles certificados de reconocimientos a cada uno de los atletas.<\/p>\n<p>&nbsp;<\/p>\n<p>\u00abEs para m\u00ed y nuestra delegaci\u00f3n consular dominicana, un honor recibirlo en nuestras instalaciones, de ver a ni\u00f1os y j\u00f3venes que representan nuestra patria con tanto orgullo, adem\u00e1s me siento muy contento al ver a un viejo amigo como lo es Julio Garc\u00eda que ha estado comprometido con la equitacion por muchos a\u00f1os y que nos ayud\u00f3 a montar la Mundial Confepaso 2001, en el Palacio de los Deportes\u00bb expres\u00f3 Cede\u00f1o.<\/p>\n<p>&nbsp;<\/p>\n<p>Daniel Mena director de la Escuela Dominicana de Equitaci\u00f3n y coach encargado de la delegaci\u00f3n agradeci\u00f3 la invitaci\u00f3n y ponder\u00f3 el apoyo que C\u00e9sar Cede\u00f1o ha tenido en toda su carrera como servidor p\u00fablico al deporte, y especialmente a la equitaci\u00f3n.<\/p>\n<p>&nbsp;<\/p>\n<p>Los atletas reconocidos fueron: Sophia Lugo, Lisa P\u00e9rez, Eduardo Qui\u00f1ones, Damil Alejandro Mena Marten, Daniel Alberto Mena Marten, Carlos Raul Torres Dur\u00e1n, Justin Nathanael Torres Dur\u00e1n, Helianny Ferreira L\u00f3pez, Oscar Gonz\u00e1lez, Giulia Ure\u00f1a, Ruben Nu\u00f1ez Paulino, Juan Sebastian Morales y Alexandi De Los Santos.<\/p>\n<p>&nbsp;<\/p>\n<p>El Staff del equipo dominicano lo integran: Daniel Mena (Coach Encargado); Juan Carlos Torres (Coach Auxiliar); Carolin Bravo (Encargada Log\u00edstica); Genesis Pujols (Encargada T\u00e9cnica); Francisco Marte (Periodista\/Relaciones P\u00fablicas); Julio Garc\u00eda (Director Ejecutivo); y Flor Col\u00f3n (ADOPASO)<\/p>\n<p>&nbsp;<\/p>\n<p>Los jinetes y Amazonas Dominicanos competir\u00e1n en las diferentes categor\u00edas contra: Puerto Rico, Panam\u00e1, Colombia, Venezuela, Aruba, Canad\u00e1, Curazao y Estados Unidos, en el XIV Mundial de Equitaci\u00f3n, \u00abF\u00e9lix Santiago Oliver\u00bb Confepaso 2024 a celebrarse en Coliseo Marcelo Trujillo en Humacao, Puerto Rico del 18 al 21 de julio del presente a\u00f1o.<\/p>\n","protected":false},"excerpt":{"rendered":"<p>San Juan, PR.- La delegaci\u00f3n dominicana que participa en el XIV Mundial de Equitaci\u00f3n de<\/p>\n","protected":false},"author":1,"featured_media":0,"comment_status":"open","ping_status":"open","sticky":false,"template":"","format":"standard","meta":{"footnotes":""},"categories":[16],"tags":[],"class_list":["post-20660","post","type-post","status-publish","format-standard","hentry","category-internacionales"],"_links":{"self":[{"href":"https:\/\/defrentealaverdad.com\/index.php\/wp-json\/wp\/v2\/posts\/20660","targetHints":{"allow":["GET"]}}],"collection":[{"href":"https:\/\/defrentealaverdad.com\/index.php\/wp-json\/wp\/v2\/posts"}],"about":[{"href":"https:\/\/defrentealaverdad.com\/index.php\/wp-json\/wp\/v2\/types\/post"}],"author":[{"embeddable":true,"href":"https:\/\/defrentealaverdad.com\/index.php\/wp-json\/wp\/v2\/users\/1"}],"replies":[{"embeddable":true,"href":"https:\/\/defrentealaverdad.com\/index.php\/wp-json\/wp\/v2\/comments?post=20660"}],"version-history":[{"count":1,"href":"https:\/\/defrentealaverdad.com\/index.php\/wp-json\/wp\/v2\/posts\/20660\/revisions"}],"predecessor-version":[{"id":20661,"href":"https:\/\/defrentealaverdad.com\/index.php\/wp-json\/wp\/v2\/posts\/20660\/revisions\/20661"}],"wp:attachment":[{"href":"https:\/\/defrentealaverdad.com\/index.php\/wp-json\/wp\/v2\/media?parent=20660"}],"wp:term":[{"taxonomy":"category","embeddable":true,"href":"https:\/\/defrentealaverdad.com\/index.php\/wp-json\/wp\/v2\/categories?post=20660"},{"taxonomy":"post_tag","embeddable":true,"href":"https:\/\/defrentealaverdad.com\/index.php\/wp-json\/wp\/v2\/tags?post=20660"}],"curies":[{"name":"wp","href":"https:\/\/api.w.org\/{rel}","templated":true}]}}