{"id":20655,"date":"2024-07-15T23:54:36","date_gmt":"2024-07-15T23:54:36","guid":{"rendered":"https:\/\/defrentealaverdad.com\/?p=20655"},"modified":"2024-11-19T19:21:02","modified_gmt":"2024-11-19T19:21:02","slug":"futuro-ars-celebro-dia-de-los-gestores-humanos-en-santo-domingo","status":"publish","type":"post","link":"https:\/\/defrentealaverdad.com\/index.php\/2024\/07\/15\/futuro-ars-celebro-dia-de-los-gestores-humanos-en-santo-domingo\/","title":{"rendered":"Futuro Ars celebr\u00f3 d\u00eda de Los Gestores Humanos en Santo Domingo"},"content":{"rendered":"<blockquote>\n<p style=\"text-align: justify;\">Tania B\u00e1ez fue la encargada de impartir sus conocimientos con su conferencia: \u201c10 principios de liderazgo de los grandes\u201d<\/p>\n<\/blockquote>\n<p style=\"text-align: justify;\">\n<p style=\"text-align: justify;\">Santo Domingo, Rep\u00fablica Dominicana &#8211; Futuro ARS realiz\u00f3 el evento \u00abCelebraci\u00f3n del d\u00eda de Gestores Humanos\u00bb, reuniendo a m\u00e1s de 300 gerentes y encargados de recursos humanos de las principales empresas del Gran Santo Domingo, Distrito Nacional y San Crist\u00f3bal en el hotel Renaissance Santo Domingo Jaragua.<\/p>\n<p style=\"text-align: justify;\"><img decoding=\"async\" class=\"size-medium wp-image-20658 alignleft lazyload\" data-src=\"https:\/\/defrentealaverdad.com\/wp-content\/uploads\/2024\/07\/IMG-20240715-WA0148-300x200.jpg\" alt=\"\" width=\"300\" height=\"200\" data-srcset=\"https:\/\/defrentealaverdad.com\/wp-content\/uploads\/2024\/07\/IMG-20240715-WA0148-300x200.jpg 300w, https:\/\/defrentealaverdad.com\/wp-content\/uploads\/2024\/07\/IMG-20240715-WA0148-1024x682.jpg 1024w, https:\/\/defrentealaverdad.com\/wp-content\/uploads\/2024\/07\/IMG-20240715-WA0148-768x512.jpg 768w, https:\/\/defrentealaverdad.com\/wp-content\/uploads\/2024\/07\/IMG-20240715-WA0148-1536x1023.jpg 1536w, https:\/\/defrentealaverdad.com\/wp-content\/uploads\/2024\/07\/IMG-20240715-WA0148.jpg 1600w\" data-sizes=\"(max-width: 300px) 100vw, 300px\" src=\"data:image\/svg+xml;base64,PHN2ZyB3aWR0aD0iMSIgaGVpZ2h0PSIxIiB4bWxucz0iaHR0cDovL3d3dy53My5vcmcvMjAwMC9zdmciPjwvc3ZnPg==\" style=\"--smush-placeholder-width: 300px; --smush-placeholder-aspect-ratio: 300\/200;\" \/><\/p>\n<p style=\"text-align: justify;\">La pieza central del evento, fue una magistral conferencia titulada \u00ab10 Principios de Liderazgo de los Grandes\u00bb, impartida por la reconocida coach y conferencista Tania B\u00e1ez. Su presentaci\u00f3n fue un verdadero deleite para los asistentes, quienes pudieron enriquecerse con valiosas lecciones y estrategias de liderazgo, aplicables tanto en sus vidas profesionales como en el \u00e1mbito personal. Tania logr\u00f3 crear adem\u00e1s un clima de empat\u00eda y compartir que en consecuencia gener\u00f3 armon\u00eda y diversi\u00f3n, desde el aprendizaje.<\/p>\n<p style=\"text-align: justify;\">La \u00abCelebraci\u00f3n del d\u00eda del Gestor Humano\u00bb no solo ofreci\u00f3 contenido de alta calidad, sino que tambi\u00e9n propici\u00f3 un ambiente ameno y estimulante. Los asistentes disfrutaron de momentos de esparcimiento con m\u00fasica en vivo y la oportunidad de participar en sorteos y recibir premios, fomentando la integraci\u00f3n y el networking entre los profesionales del \u00e1rea.<\/p>\n<p style=\"text-align: justify;\">Futuro ARS se enorgullece de haber organizado un evento que contribuy\u00f3 significativamente al desarrollo profesional de los gestores humanos de la regi\u00f3n, reafirmando su compromiso con el crecimiento y bienestar de las empresas y sus colaboradores. Con iniciativas como esta, Futuro ARS sigue posicion\u00e1ndose como un l\u00edder en la promoci\u00f3n del talento humano y la excelencia empresarial en la Rep\u00fablica Dominicana.<\/p>\n<p style=\"text-align: justify;\">\n<p style=\"text-align: justify;\">Fuente:\u00a0@arsfuturord<\/p>\n","protected":false},"excerpt":{"rendered":"<p>Tania B\u00e1ez fue la encargada de impartir sus conocimientos con su conferencia: \u201c10 principios de<\/p>\n","protected":false},"author":1,"featured_media":0,"comment_status":"open","ping_status":"open","sticky":false,"template":"","format":"standard","meta":{"footnotes":""},"categories":[7],"tags":[],"class_list":["post-20655","post","type-post","status-publish","format-standard","hentry","category-nacionales"],"_links":{"self":[{"href":"https:\/\/defrentealaverdad.com\/index.php\/wp-json\/wp\/v2\/posts\/20655","targetHints":{"allow":["GET"]}}],"collection":[{"href":"https:\/\/defrentealaverdad.com\/index.php\/wp-json\/wp\/v2\/posts"}],"about":[{"href":"https:\/\/defrentealaverdad.com\/index.php\/wp-json\/wp\/v2\/types\/post"}],"author":[{"embeddable":true,"href":"https:\/\/defrentealaverdad.com\/index.php\/wp-json\/wp\/v2\/users\/1"}],"replies":[{"embeddable":true,"href":"https:\/\/defrentealaverdad.com\/index.php\/wp-json\/wp\/v2\/comments?post=20655"}],"version-history":[{"count":1,"href":"https:\/\/defrentealaverdad.com\/index.php\/wp-json\/wp\/v2\/posts\/20655\/revisions"}],"predecessor-version":[{"id":20659,"href":"https:\/\/defrentealaverdad.com\/index.php\/wp-json\/wp\/v2\/posts\/20655\/revisions\/20659"}],"wp:attachment":[{"href":"https:\/\/defrentealaverdad.com\/index.php\/wp-json\/wp\/v2\/media?parent=20655"}],"wp:term":[{"taxonomy":"category","embeddable":true,"href":"https:\/\/defrentealaverdad.com\/index.php\/wp-json\/wp\/v2\/categories?post=20655"},{"taxonomy":"post_tag","embeddable":true,"href":"https:\/\/defrentealaverdad.com\/index.php\/wp-json\/wp\/v2\/tags?post=20655"}],"curies":[{"name":"wp","href":"https:\/\/api.w.org\/{rel}","templated":true}]}}