{"id":20651,"date":"2024-07-15T23:49:03","date_gmt":"2024-07-15T23:49:03","guid":{"rendered":"https:\/\/defrentealaverdad.com\/?p=20651"},"modified":"2024-07-15T23:49:03","modified_gmt":"2024-07-15T23:49:03","slug":"instituto-duartiano-solicita-a-camara-de-diputados-eliminar-numeral-11-del-articulo-86-del-codigo-penal","status":"publish","type":"post","link":"https:\/\/defrentealaverdad.com\/index.php\/2024\/07\/15\/instituto-duartiano-solicita-a-camara-de-diputados-eliminar-numeral-11-del-articulo-86-del-codigo-penal\/","title":{"rendered":"Instituto Duartiano solicita a C\u00e1mara de Diputados eliminar numeral 11 del art\u00edculo 86 del C\u00f3digo Penal"},"content":{"rendered":"<blockquote>\n<p style=\"text-align: justify;\">Decenas de presidentes de centros y filiales Duartianos debaten y reflexionan desde esta ma\u00f1ana en un congreso, sobre los desaf\u00edos de la Rep\u00fablica Dominicana, reafirmando el compromiso con la promoci\u00f3n y preservaci\u00f3n de los valores patrios.<\/p>\n<\/blockquote>\n<p style=\"text-align: justify;\">Santo Domingo, Rep. Dom.- El Instituto Duartiano solicit\u00f3 formalmente a la C\u00e1mara de Diputados, a trav\u00e9s de su Comisi\u00f3n Permanente de Justicia, la eliminaci\u00f3n del numeral 11 del art\u00edculo 86 del proyecto del C\u00f3digo Penal, el cual clasifica la deportaci\u00f3n o traslado forzoso de la poblaci\u00f3n como un crimen de lesa humanidad, lo que, seg\u00fan la entidad, dificultar\u00e1 las acciones de repatriaci\u00f3n de personas extranjeras indocumentadas en el pa\u00eds.<\/p>\n<p><img decoding=\"async\" class=\"size-medium wp-image-20652 aligncenter lazyload\" data-src=\"https:\/\/defrentealaverdad.com\/wp-content\/uploads\/2024\/07\/IMG-20240715-WA0121-300x200.jpg\" alt=\"\" width=\"300\" height=\"200\" data-srcset=\"https:\/\/defrentealaverdad.com\/wp-content\/uploads\/2024\/07\/IMG-20240715-WA0121-300x200.jpg 300w, https:\/\/defrentealaverdad.com\/wp-content\/uploads\/2024\/07\/IMG-20240715-WA0121-1024x682.jpg 1024w, https:\/\/defrentealaverdad.com\/wp-content\/uploads\/2024\/07\/IMG-20240715-WA0121-768x512.jpg 768w, https:\/\/defrentealaverdad.com\/wp-content\/uploads\/2024\/07\/IMG-20240715-WA0121.jpg 1280w\" data-sizes=\"(max-width: 300px) 100vw, 300px\" src=\"data:image\/svg+xml;base64,PHN2ZyB3aWR0aD0iMSIgaGVpZ2h0PSIxIiB4bWxucz0iaHR0cDovL3d3dy53My5vcmcvMjAwMC9zdmciPjwvc3ZnPg==\" style=\"--smush-placeholder-width: 300px; --smush-placeholder-aspect-ratio: 300\/200;\" \/><\/p>\n<p style=\"text-align: justify;\">Al intervenir este lunes en el acto de apertura del II Congreso de Centros y Filiales Duartianos, efectuado en el Hotel Sheraton, el presidente del organismo patri\u00f3tico, doctor Wilson G\u00f3mez Ram\u00edrez, manifest\u00f3 su preocupaci\u00f3n y precis\u00f3 que<em> \u00abese precepto legal afectar\u00eda las operaciones de repatriaci\u00f3n de poblaci\u00f3n extranjera, especialmente la haitiana, cuya presencia es masiva en nuestro pa\u00eds\u00bb.<\/em><\/p>\n<p style=\"text-align: justify;\">A\u00f1adi\u00f3 que la imposici\u00f3n de una pena de 40 a\u00f1os de prisi\u00f3n para tales casos pretende disuadir a las autoridades dominicanas, incluyendo las migratorias, militares y policiales, limitando su capacidad de acci\u00f3n y responsabilidad de preservar la soberan\u00eda nacional.<\/p>\n<p><img decoding=\"async\" class=\"size-medium wp-image-20653 aligncenter lazyload\" data-src=\"https:\/\/defrentealaverdad.com\/wp-content\/uploads\/2024\/07\/IMG-20240715-WA0120-300x200.jpg\" alt=\"\" width=\"300\" height=\"200\" data-srcset=\"https:\/\/defrentealaverdad.com\/wp-content\/uploads\/2024\/07\/IMG-20240715-WA0120-300x200.jpg 300w, https:\/\/defrentealaverdad.com\/wp-content\/uploads\/2024\/07\/IMG-20240715-WA0120-1024x682.jpg 1024w, https:\/\/defrentealaverdad.com\/wp-content\/uploads\/2024\/07\/IMG-20240715-WA0120-768x512.jpg 768w, https:\/\/defrentealaverdad.com\/wp-content\/uploads\/2024\/07\/IMG-20240715-WA0120.jpg 1280w\" data-sizes=\"(max-width: 300px) 100vw, 300px\" src=\"data:image\/svg+xml;base64,PHN2ZyB3aWR0aD0iMSIgaGVpZ2h0PSIxIiB4bWxucz0iaHR0cDovL3d3dy53My5vcmcvMjAwMC9zdmciPjwvc3ZnPg==\" style=\"--smush-placeholder-width: 300px; --smush-placeholder-aspect-ratio: 300\/200;\" \/><\/p>\n<p style=\"text-align: justify;\">G\u00f3mez Ram\u00edrez subray\u00f3 la gravedad de la situaci\u00f3n, indicando que la Rep\u00fablica Dominicana ha sido objeto de una ocupaci\u00f3n multitudinaria desafiante debido a la falta de controles fronterizos efectivos, la corrupci\u00f3n y la irresponsabilidad de algunas autoridades y ciudadanos, as\u00ed como la intervenci\u00f3n de organismos internacionales que, violando el principio de no intervenci\u00f3n, implementan programas nocivos al inter\u00e9s de la Naci\u00f3n a trav\u00e9s de ONGs nacionales y extranjeras.<\/p>\n<p style=\"text-align: justify;\">En una comunicaci\u00f3n dirigida a la Comisi\u00f3n de Justicia, a trav\u00e9s Alexis Jim\u00e9nez Gonz\u00e1lez, el Instituto Duartiano precis\u00f3 que entidades como la Organizaci\u00f3n de las Naciones Unidas (ONU), la Oficina del Alto Comisionado para Refugiados (ACNUR), Amnist\u00eda Internacional, la Organizaci\u00f3n de Estados Americanos (OEA) y la Comisi\u00f3n Interamericana de Justicia, junto con agentes norteamericanos, presionan constantemente para impedir el leg\u00edtimo derecho de la Rep\u00fablica Dominicana de repatriar a extranjeros ilegales en su territorio.<\/p>\n<p style=\"text-align: justify;\">En relaci\u00f3n al art\u00edculo 299 del proyecto de C\u00f3digo Penal, que aborda las discriminaciones cometidas por la autoridad p\u00fablica, G\u00f3mez Ram\u00edrez inst\u00f3 a los congresistas a garantizar que la redacci\u00f3n del art\u00edculo proteja contra el ejercicio abusivo del derecho y prevea sanciones para aquellos que interpongan acciones temerarias en este sentido.<\/p>\n<p><strong>Sobre II Congreso Duartiano: objetivos, temas y expositores<\/strong><\/p>\n<p style=\"text-align: justify;\">Durante todo este lunes el Instituto Duartiano realiza celebra el II Congreso de Centros y Filiales Duartianos, con el objetivo de profundizar en la historia y los ideales de la dominicanidad, el cual cuenta con numerosos expositores y la participaci\u00f3n de decenas presidentes de centros y filiales del organismo patri\u00f3tico.<\/p>\n<p style=\"text-align: justify;\">La jornada comenz\u00f3 a las 9:00 de la ma\u00f1ana con las palabras del doctor G\u00f3mez Ram\u00edrez, seguido por una conferencia a cargo del reconocido escritor, historiador y acad\u00e9mico, doctor Juan Llad\u00f3, quien disert\u00f3 sobre el origen de la dominicanidad y la figura de Juan Pablo Duarte.<\/p>\n<p style=\"text-align: justify;\">Incluy\u00f3, adem\u00e1s, una disertaci\u00f3n del doctor Julio Manuel Rodr\u00edguez Grull\u00f3n, vicepresidente del Instituto Duartiano y encargado de investigaciones hist\u00f3ricas de la entidad, quien analiz\u00f3 las causas y consecuencias del conflicto entre liberales y conservadores en el proceso de la Independencia Nacional.<\/p>\n<p style=\"text-align: justify;\">Esta conferencia fue seguida por una intervenci\u00f3n del coronel S\u00f3crates Suazo Ruiz, director de historia militar del Ministerio de Defensa, quien destac\u00f3 las campa\u00f1as militares y batallas que afianzaron la Independencia Nacional.<\/p>\n<p style=\"text-align: justify;\">El almuerzo, celebrado de 12:30 p.m. a 2:00 p.m., permiti\u00f3 a los participantes intercambiar ideas y reflexionar sobre los temas abordados en la ma\u00f1ana.<\/p>\n<p style=\"text-align: justify;\">La sesi\u00f3n de la tarde inici\u00f3 con la directora de Fomento e Investigaci\u00f3n Cultural del Ministerio de Cultura, doctora Luisa Navarro, quien discuti\u00f3 la vigencia del ideal trinitario; posteriormente, el licenciado Pelegr\u00edn Castillo Sem\u00e1n, experto en relaciones dom\u00ednico-haitianas, present\u00f3 un an\u00e1lisis sobre la situaci\u00f3n del vecino pa\u00eds y sus efectos en la Rep\u00fablica Dominicana.<\/p>\n<p style=\"text-align: justify;\">Esta tem\u00e1tica fue complementada por el escritor, historiador y acad\u00e9mico, doctor Manuel N\u00fa\u00f1ez Asencio, con una ponencia sobre la presencia haitiana en la isla de Santo Domingo.<\/p>\n<p style=\"text-align: justify;\">El evento culmin\u00f3 con la entrega de certificados de participaci\u00f3n a los asistentes, presidida por el doctor G\u00f3mez Ram\u00edrez, presidente del Instituto Duartiano, con una reflexi\u00f3n final sobre la familia Duarte y la importancia de mantener vivos los ideales de Juan Pablo Duarte, expuesta por el magistrado Milton Ray Guevara.<\/p>\n<p style=\"text-align: justify;\">El II Congreso de Centros y Filiales Duartianos no solo resalt\u00f3 la relevancia hist\u00f3rica de Juan Pablo Duarte, sino que tambi\u00e9n proporcion\u00f3 un espacio para el debate y la reflexi\u00f3n sobre los desaf\u00edos actuales de la Rep\u00fablica Dominicana, reafirmando el compromiso del Instituto Duartiano con la promoci\u00f3n y preservaci\u00f3n de los valores patrios.<\/p>\n<p>&nbsp;<\/p>\n<p>Fuente: Enver L\u00f3pez Milander<\/p>\n","protected":false},"excerpt":{"rendered":"<p>Decenas de presidentes de centros y filiales Duartianos debaten y reflexionan desde esta ma\u00f1ana en<\/p>\n","protected":false},"author":1,"featured_media":0,"comment_status":"open","ping_status":"open","sticky":false,"template":"","format":"standard","meta":{"footnotes":""},"categories":[7],"tags":[],"class_list":["post-20651","post","type-post","status-publish","format-standard","hentry","category-nacionales"],"_links":{"self":[{"href":"https:\/\/defrentealaverdad.com\/index.php\/wp-json\/wp\/v2\/posts\/20651","targetHints":{"allow":["GET"]}}],"collection":[{"href":"https:\/\/defrentealaverdad.com\/index.php\/wp-json\/wp\/v2\/posts"}],"about":[{"href":"https:\/\/defrentealaverdad.com\/index.php\/wp-json\/wp\/v2\/types\/post"}],"author":[{"embeddable":true,"href":"https:\/\/defrentealaverdad.com\/index.php\/wp-json\/wp\/v2\/users\/1"}],"replies":[{"embeddable":true,"href":"https:\/\/defrentealaverdad.com\/index.php\/wp-json\/wp\/v2\/comments?post=20651"}],"version-history":[{"count":1,"href":"https:\/\/defrentealaverdad.com\/index.php\/wp-json\/wp\/v2\/posts\/20651\/revisions"}],"predecessor-version":[{"id":20654,"href":"https:\/\/defrentealaverdad.com\/index.php\/wp-json\/wp\/v2\/posts\/20651\/revisions\/20654"}],"wp:attachment":[{"href":"https:\/\/defrentealaverdad.com\/index.php\/wp-json\/wp\/v2\/media?parent=20651"}],"wp:term":[{"taxonomy":"category","embeddable":true,"href":"https:\/\/defrentealaverdad.com\/index.php\/wp-json\/wp\/v2\/categories?post=20651"},{"taxonomy":"post_tag","embeddable":true,"href":"https:\/\/defrentealaverdad.com\/index.php\/wp-json\/wp\/v2\/tags?post=20651"}],"curies":[{"name":"wp","href":"https:\/\/api.w.org\/{rel}","templated":true}]}}