{"id":20648,"date":"2024-07-15T23:45:50","date_gmt":"2024-07-15T23:45:50","guid":{"rendered":"https:\/\/defrentealaverdad.com\/?p=20648"},"modified":"2024-07-15T23:45:50","modified_gmt":"2024-07-15T23:45:50","slug":"george-richardson-no-hay-consenso-en-la-presidencia-del-codia","status":"publish","type":"post","link":"https:\/\/defrentealaverdad.com\/index.php\/2024\/07\/15\/george-richardson-no-hay-consenso-en-la-presidencia-del-codia\/","title":{"rendered":"George Richardson: \u201cNo hay consenso en la Presidencia del CODIA\u201d"},"content":{"rendered":"<p><img decoding=\"async\" class=\"size-medium wp-image-20649 aligncenter lazyload\" data-src=\"https:\/\/defrentealaverdad.com\/wp-content\/uploads\/2024\/07\/IMG-20240715-WA0114-300x300.jpg\" alt=\"\" width=\"300\" height=\"300\" data-srcset=\"https:\/\/defrentealaverdad.com\/wp-content\/uploads\/2024\/07\/IMG-20240715-WA0114-300x300.jpg 300w, https:\/\/defrentealaverdad.com\/wp-content\/uploads\/2024\/07\/IMG-20240715-WA0114-1024x1024.jpg 1024w, https:\/\/defrentealaverdad.com\/wp-content\/uploads\/2024\/07\/IMG-20240715-WA0114-150x150.jpg 150w, https:\/\/defrentealaverdad.com\/wp-content\/uploads\/2024\/07\/IMG-20240715-WA0114-768x768.jpg 768w, https:\/\/defrentealaverdad.com\/wp-content\/uploads\/2024\/07\/IMG-20240715-WA0114-1536x1536.jpg 1536w, https:\/\/defrentealaverdad.com\/wp-content\/uploads\/2024\/07\/IMG-20240715-WA0114.jpg 1600w\" data-sizes=\"(max-width: 300px) 100vw, 300px\" src=\"data:image\/svg+xml;base64,PHN2ZyB3aWR0aD0iMSIgaGVpZ2h0PSIxIiB4bWxucz0iaHR0cDovL3d3dy53My5vcmcvMjAwMC9zdmciPjwvc3ZnPg==\" style=\"--smush-placeholder-width: 300px; --smush-placeholder-aspect-ratio: 300\/300;\" \/><\/p>\n<p style=\"text-align: justify;\">El arquitecto George Richardson aclar\u00f3 hoy que no existe ninguna plancha de consenso para las elecciones nacionales del CODIA como informara un aspirante que no concita ni el entusiasmo ni el apoyo mayoritario de los codianos.<\/p>\n<p style=\"text-align: justify;\">Richardson, director de Planeamiento Urbano de la Liga Municipal Dominicana y actual secretario general del N\u00facleo de Arquitectos del CODIA indic\u00f3 que el gremio est\u00e1 avido de una renovaci\u00f3n que insufle una visi\u00f3n solidaria , defensora de los colegiado generando sinergia con el gobierno central y sus sectoriales en su condici\u00f3n de asesor.<\/p>\n<blockquote>\n<p style=\"text-align: justify;\">\u00a0\u00abSomos abanderados del consenso que debe construirse alrededor de la mayoria, pero tomando en cuenta a la minoria y ello lo hemos dejado sentado en las planchas unitarias que se presentaran en los Consejos de Direcci\u00f3n de N\u00facleos (CDN), pero de ah\u00ed a desinformar hay un largo trecho\u00bb, expres\u00f3 el arquitecto Richardson quien aspira a dirigir el CODIA.<\/p>\n<\/blockquote>\n<p style=\"text-align: justify;\">Y a seguida indic\u00f3 que una vez pasen las elecciones de los CDN este viernes es cuando se abordar\u00e1 el tema de la plancha nacional que \u00e9l espera encabezar.<\/p>\n<p style=\"text-align: justify;\">\u00abComo militante y dirigente del Partido Revolucionario Moderno (PRM) hemos demostrado siempre disciplina y apego a la linea que trace, por lo que nos someteremos a lo que decidan nuestros organismos contrario a otros que en el pasado se han rebelado\u00bb , asever\u00f3 el destacado urbanista.<\/p>\n<p style=\"text-align: justify;\">En sus aspiraciones a dirigir el Codia Richardson es respaldado por m\u00e1s de veinte expresidentes nacionales y ha concitado el apoyo masivo de los colegiados en su movilizaci\u00f3n por todas las regionales y delegaciones.<\/p>\n<p>&nbsp;<\/p>\n<p>&nbsp;<\/p>\n<p>Fuente: Prensa CODIA<\/p>\n<p>&nbsp;<\/p>\n<p>&nbsp;<\/p>\n<p>&nbsp;<\/p>\n","protected":false},"excerpt":{"rendered":"<p>El arquitecto George Richardson aclar\u00f3 hoy que no existe ninguna plancha de consenso para las<\/p>\n","protected":false},"author":1,"featured_media":0,"comment_status":"open","ping_status":"open","sticky":false,"template":"","format":"standard","meta":{"footnotes":""},"categories":[7],"tags":[],"class_list":["post-20648","post","type-post","status-publish","format-standard","hentry","category-nacionales"],"_links":{"self":[{"href":"https:\/\/defrentealaverdad.com\/index.php\/wp-json\/wp\/v2\/posts\/20648","targetHints":{"allow":["GET"]}}],"collection":[{"href":"https:\/\/defrentealaverdad.com\/index.php\/wp-json\/wp\/v2\/posts"}],"about":[{"href":"https:\/\/defrentealaverdad.com\/index.php\/wp-json\/wp\/v2\/types\/post"}],"author":[{"embeddable":true,"href":"https:\/\/defrentealaverdad.com\/index.php\/wp-json\/wp\/v2\/users\/1"}],"replies":[{"embeddable":true,"href":"https:\/\/defrentealaverdad.com\/index.php\/wp-json\/wp\/v2\/comments?post=20648"}],"version-history":[{"count":1,"href":"https:\/\/defrentealaverdad.com\/index.php\/wp-json\/wp\/v2\/posts\/20648\/revisions"}],"predecessor-version":[{"id":20650,"href":"https:\/\/defrentealaverdad.com\/index.php\/wp-json\/wp\/v2\/posts\/20648\/revisions\/20650"}],"wp:attachment":[{"href":"https:\/\/defrentealaverdad.com\/index.php\/wp-json\/wp\/v2\/media?parent=20648"}],"wp:term":[{"taxonomy":"category","embeddable":true,"href":"https:\/\/defrentealaverdad.com\/index.php\/wp-json\/wp\/v2\/categories?post=20648"},{"taxonomy":"post_tag","embeddable":true,"href":"https:\/\/defrentealaverdad.com\/index.php\/wp-json\/wp\/v2\/tags?post=20648"}],"curies":[{"name":"wp","href":"https:\/\/api.w.org\/{rel}","templated":true}]}}