{"id":20630,"date":"2024-07-15T22:49:56","date_gmt":"2024-07-15T22:49:56","guid":{"rendered":"https:\/\/defrentealaverdad.com\/?p=20630"},"modified":"2024-07-15T22:49:56","modified_gmt":"2024-07-15T22:49:56","slug":"corpus-montero-es-reelegido-por-tercera-vez-como-presidente-del-circulo-de-reporteros-graficos-de-television","status":"publish","type":"post","link":"https:\/\/defrentealaverdad.com\/index.php\/2024\/07\/15\/corpus-montero-es-reelegido-por-tercera-vez-como-presidente-del-circulo-de-reporteros-graficos-de-television\/","title":{"rendered":"Corpus Montero es reelegido por tercera vez como presidente del C\u00edrculo de Reporteros Gr\u00e1ficos de Televisi\u00f3n"},"content":{"rendered":"<p><img decoding=\"async\" class=\"size-medium wp-image-20631 alignright lazyload\" data-src=\"https:\/\/defrentealaverdad.com\/wp-content\/uploads\/2024\/07\/IMG-20240715-WA0128-300x154.jpg\" alt=\"\" width=\"300\" height=\"154\" data-srcset=\"https:\/\/defrentealaverdad.com\/wp-content\/uploads\/2024\/07\/IMG-20240715-WA0128-300x154.jpg 300w, https:\/\/defrentealaverdad.com\/wp-content\/uploads\/2024\/07\/IMG-20240715-WA0128-768x395.jpg 768w, https:\/\/defrentealaverdad.com\/wp-content\/uploads\/2024\/07\/IMG-20240715-WA0128.jpg 988w\" data-sizes=\"(max-width: 300px) 100vw, 300px\" src=\"data:image\/svg+xml;base64,PHN2ZyB3aWR0aD0iMSIgaGVpZ2h0PSIxIiB4bWxucz0iaHR0cDovL3d3dy53My5vcmcvMjAwMC9zdmciPjwvc3ZnPg==\" style=\"--smush-placeholder-width: 300px; --smush-placeholder-aspect-ratio: 300\/154;\" \/>SANTO DOMINGO. Corpus Montero ha sido reelegido como presidente del C\u00edrculo de Reporteros Gr\u00e1ficos de Televisi\u00f3n por tercera ocasi\u00f3n consecutiva, consolidando su liderazgo y compromiso con la organizaci\u00f3n y sus miembros.<\/p>\n<p style=\"text-align: justify;\">La elecci\u00f3n se llev\u00f3 a cabo el pasado fin de semana en unos de los salones de la confederaci\u00f3n de unidad sindical (CNUS), donde Montero obtuvo una amplia mayor\u00eda de votos. Los miembros del C\u00edrculo destacaron su incansable trabajo y dedicaci\u00f3n en la defensa y promoci\u00f3n de los derechos de los reporteros gr\u00e1ficos.<\/p>\n<p style=\"text-align: justify;\">En su discurso de aceptaci\u00f3n, Montero expres\u00f3 su gratitud y renov\u00f3 su compromiso con la comunidad de reporteros gr\u00e1ficos.<\/p>\n<blockquote>\n<p style=\"text-align: justify;\">\u00abEs un honor y un privilegio ser elegido nuevamente para liderar esta organizaci\u00f3n. Agradezco profundamente la confianza que han depositado en m\u00ed y les aseguro que continuar\u00e9 trabajando con la misma pasi\u00f3n y dedicaci\u00f3n para defender los intereses de nuestros miembros\u00bb, afirm\u00f3 Montero.<\/p>\n<\/blockquote>\n<p>Montero tambi\u00e9n enfatiz\u00f3 la importancia de la unidad y la colaboraci\u00f3n en el gremio.<\/p>\n<blockquote>\n<p style=\"text-align: justify;\">\u00abEstamos en tiempos en que la profesi\u00f3n enfrenta numerosos desaf\u00edos, desde la evoluci\u00f3n tecnol\u00f3gica hasta las condiciones laborales. Es fundamental que estemos unidos y trabajemos juntos para superar estos obst\u00e1culos y fortalecer nuestra profesi\u00f3n\u00bb, agreg\u00f3.<\/p>\n<\/blockquote>\n<p style=\"text-align: justify;\">Durante su anterior mandato, Montero fue elogiado por sus esfuerzos en mejorar las condiciones de trabajo de los reporteros gr\u00e1ficos, incluyendo la negociaci\u00f3n de mejores contratos y la implementaci\u00f3n de programas de capacitaci\u00f3n y desarrollo profesional. Su liderazgo ha sido crucial para elevar el perfil de los reporteros gr\u00e1ficos de televisi\u00f3n en el pa\u00eds.<\/p>\n<blockquote>\n<p style=\"text-align: justify;\">\u00abMi compromiso es continuar con las iniciativas que hemos iniciado y explorar nuevas oportunidades para el crecimiento y el desarrollo de nuestros miembros. Seguiremos abogando por la mejora de las condiciones laborales y el reconocimiento de nuestra profesi\u00f3n\u00bb, concluy\u00f3 Montero.<\/p>\n<\/blockquote>\n<p style=\"text-align: justify;\">La reelecci\u00f3n de Corpus Montero como presidente del C\u00edrculo de Reporteros Gr\u00e1ficos de Televisi\u00f3n reafirma su posici\u00f3n como un l\u00edder respetado y comprometido en el sector. Los miembros del C\u00edrculo esperan con entusiasmo los pr\u00f3ximos pasos y proyectos bajo su liderazgo.<\/p>\n<p>Fuente: C\u00edrculo de Reporteros Gr\u00e1ficos de Televisi\u00f3n<\/p>\n","protected":false},"excerpt":{"rendered":"<p>SANTO DOMINGO. Corpus Montero ha sido reelegido como presidente del C\u00edrculo de Reporteros Gr\u00e1ficos de<\/p>\n","protected":false},"author":1,"featured_media":0,"comment_status":"open","ping_status":"open","sticky":false,"template":"","format":"standard","meta":{"footnotes":""},"categories":[7],"tags":[],"class_list":["post-20630","post","type-post","status-publish","format-standard","hentry","category-nacionales"],"_links":{"self":[{"href":"https:\/\/defrentealaverdad.com\/index.php\/wp-json\/wp\/v2\/posts\/20630","targetHints":{"allow":["GET"]}}],"collection":[{"href":"https:\/\/defrentealaverdad.com\/index.php\/wp-json\/wp\/v2\/posts"}],"about":[{"href":"https:\/\/defrentealaverdad.com\/index.php\/wp-json\/wp\/v2\/types\/post"}],"author":[{"embeddable":true,"href":"https:\/\/defrentealaverdad.com\/index.php\/wp-json\/wp\/v2\/users\/1"}],"replies":[{"embeddable":true,"href":"https:\/\/defrentealaverdad.com\/index.php\/wp-json\/wp\/v2\/comments?post=20630"}],"version-history":[{"count":1,"href":"https:\/\/defrentealaverdad.com\/index.php\/wp-json\/wp\/v2\/posts\/20630\/revisions"}],"predecessor-version":[{"id":20632,"href":"https:\/\/defrentealaverdad.com\/index.php\/wp-json\/wp\/v2\/posts\/20630\/revisions\/20632"}],"wp:attachment":[{"href":"https:\/\/defrentealaverdad.com\/index.php\/wp-json\/wp\/v2\/media?parent=20630"}],"wp:term":[{"taxonomy":"category","embeddable":true,"href":"https:\/\/defrentealaverdad.com\/index.php\/wp-json\/wp\/v2\/categories?post=20630"},{"taxonomy":"post_tag","embeddable":true,"href":"https:\/\/defrentealaverdad.com\/index.php\/wp-json\/wp\/v2\/tags?post=20630"}],"curies":[{"name":"wp","href":"https:\/\/api.w.org\/{rel}","templated":true}]}}