{"id":20520,"date":"2024-07-09T22:09:55","date_gmt":"2024-07-09T22:09:55","guid":{"rendered":"https:\/\/defrentealaverdad.com\/?p=20520"},"modified":"2024-07-13T22:11:07","modified_gmt":"2024-07-13T22:11:07","slug":"hipolito-y-danilo-una-visita-mas-alla-de-la-cortesia","status":"publish","type":"post","link":"https:\/\/defrentealaverdad.com\/index.php\/2024\/07\/09\/hipolito-y-danilo-una-visita-mas-alla-de-la-cortesia\/","title":{"rendered":"Hip\u00f3lito y Danilo, una visita m\u00e1s all\u00e1 de la \u201ccortes\u00eda\u201d"},"content":{"rendered":"<div class=\"td_block_wrap tdb_title tdi_91 tdb-single-title td-pb-border-top td_block_template_2\" data-td-block-uid=\"tdi_91\">\n<div class=\"tdb-block-inner td-fix-index\"><\/div>\n<\/div>\n<div class=\"td_block_wrap tdb_single_featured_image tdi_104 tdb-content-horiz-left td-pb-border-top td_block_template_2\" data-td-block-uid=\"tdi_104\">\n<div class=\"tdb-block-inner td-fix-index\">\n<figure><img decoding=\"async\" class=\"entry-thumb alignleft lazyload\" title=\"danilo e hipolito ultima visita (1)\" data-src=\"https:\/\/i0.wp.com\/reporteextra.com\/wp-content\/uploads\/2024\/07\/danilo-e-hipolito-ultima-visita-1.jpeg?resize=628%2C537&amp;ssl=1\" data-sizes=\"(max-width: 628px) 100vw, 628px\" data-srcset=\"https:\/\/i0.wp.com\/reporteextra.com\/wp-content\/uploads\/2024\/07\/danilo-e-hipolito-ultima-visita-1.jpeg?w=628&amp;ssl=1 628w, https:\/\/i0.wp.com\/reporteextra.com\/wp-content\/uploads\/2024\/07\/danilo-e-hipolito-ultima-visita-1.jpeg?resize=300%2C257&amp;ssl=1 300w\" alt=\"Hip\u00f3lito Mej\u00eda y Danilo Medina sonri\u00e9n en una foto publicada por Robert de la Cruz en las redes sociales.\" width=\"628\" height=\"537\" src=\"data:image\/svg+xml;base64,PHN2ZyB3aWR0aD0iMSIgaGVpZ2h0PSIxIiB4bWxucz0iaHR0cDovL3d3dy53My5vcmcvMjAwMC9zdmciPjwvc3ZnPg==\" style=\"--smush-placeholder-width: 628px; --smush-placeholder-aspect-ratio: 628\/537;\" \/><figcaption class=\"tdb-caption-text\"><\/figcaption><time class=\"entry-date updated td-module-date\" datetime=\"2024-07-12T19:16:49-04:00\"><\/time><\/figure>\n<\/div>\n<\/div>\n<div class=\"vc_row_inner tdi_106  vc_row vc_inner wpb_row td-pb-row\">\n<div class=\"vc_column_inner tdi_108  wpb_column vc_column_container tdc-inner-column td-pb-span4 td-is-sticky\">\n<div class=\"vc_column-inner\">\n<div class=\"wpb_wrapper\" data-sticky-enabled-on=\"W3RydWUsdHJ1ZSx0cnVlLHRydWVd\" data-sticky-offset=\"20\" data-sticky-is-width-auto=\"W2ZhbHNlLGZhbHNlLGZhbHNlLGZhbHNlXQ==\">\n<div class=\"td_block_wrap td_flex_block_1 tdi_110 td-pb-border-top td_block_template_2 td_flex_block\" data-td-block-uid=\"tdi_110\">\n<div id=\"tdi_110\" class=\"td_block_inner td-mc1-wrap\">\n<div class=\"td_module_flex td_module_flex_1 td_module_wrap td-animation-stack td-cpt-post\">\n<div class=\"td-module-container td-category-pos-above\">\n<div class=\"td-image-container\">\n<div class=\"td-module-thumb\" style=\"text-align: justify;\">No sorprende en los mentideros pol\u00edticos una reuni\u00f3n entre Hip\u00f3lito Mej\u00eda y Danilo Medina, ambos ex presidentes y l\u00edderes de dos partidos contrarios, pues entre ellos hay relaciones amistosas muy c\u00e1lidas.<\/div>\n<\/div>\n<\/div>\n<\/div>\n<\/div>\n<\/div>\n<\/div>\n<\/div>\n<\/div>\n<div class=\"vc_column_inner tdi_112  wpb_column vc_column_container tdc-inner-column td-pb-span8\">\n<div class=\"vc_column-inner\">\n<div class=\"wpb_wrapper\">\n<div class=\"td_block_wrap tdb_single_content tdi_113 td-pb-border-top td_block_template_2 td-post-content tagdiv-type\" data-td-block-uid=\"tdi_113\">\n<div class=\"tdb-block-inner td-fix-index\">\n<p style=\"text-align: justify;\">Lo que, si es cierto que cuando dos pol\u00edticos de ese nivel se re\u00fanen, esta va m\u00e1s all\u00e1 del simple encuentro formal y amistoso, como ocurri\u00f3 hoy.<\/p>\n<p style=\"text-align: justify;\">Es claro que en esa reuni\u00f3n se habl\u00f3 de pol\u00edtica y no se descarta que Mej\u00eda haya llevado alg\u00fan mensaje del presidente Luis Abinader al l\u00edder del Partido de la Liberaci\u00f3n Dominicana, aprovechando las buenas relaciones entre ambos.<\/p>\n<p style=\"text-align: justify;\">Si algo tienen en com\u00fan ambos ex presidentes de la Rep\u00fablica es su distanciamiento pol\u00edtico con el ex presidente Leonel Fern\u00e1ndez, quien se ha constituido en una amenaza contra el PLD debido a que le drena muchos de sus dirigentes y militantes.<\/p>\n<p style=\"text-align: justify;\">Esta reuni\u00f3n se produce cuando algunos familiares y ex funcionarios de la administraci\u00f3n de Danilo Medina se encuentran sometidos a la justicia bajo la acusaci\u00f3n corrupcion en contra del Estado.<\/p>\n<p style=\"text-align: justify;\">Adem\u00e1s, Mej\u00eda podr\u00eda llevar alg\u00fan mensaje al Medina en relaci\u00f3n a las reformas que pretende introducir el mandatario en los pr\u00f3ximos d\u00edas al Congreso Nacional entre las cuales se encuentra la fiscal y la Constitucional.<\/p>\n<p style=\"text-align: justify;\">Un sector del partido morado abriga la esperanza de que Danilo quede habilitado en la reforma constitucional y pueda optar nueva vez por la candidatura presidencial.<\/p>\n<p style=\"text-align: justify;\">Observadores pol\u00edticos adelantan que Medina no ser\u00eda un obst\u00e1culo para las reformas siempre y cuando se le garantice la eliminaci\u00f3n del \u201cNunca jam\u00e1s\u201d del texto constitucional que le impide ser postulado a la Presidencia de la Rep\u00fablica.<\/p>\n<p style=\"text-align: justify;\">Entonces la visita de Mej\u00eda a Medina va m\u00e1s all\u00e1 de la \u201ccortes\u00eda \u201ccon que la describi\u00f3 Robert de la Cruz, miembro\u00a0del comit\u00e9 central del PLD.<\/p>\n<p>Fuente: Reporte Extra<\/p>\n<\/div>\n<\/div>\n<\/div>\n<\/div>\n<\/div>\n<\/div>\n","protected":false},"excerpt":{"rendered":"<p>No sorprende en los mentideros pol\u00edticos una reuni\u00f3n entre Hip\u00f3lito Mej\u00eda y Danilo Medina, ambos<\/p>\n","protected":false},"author":1,"featured_media":0,"comment_status":"open","ping_status":"open","sticky":false,"template":"","format":"standard","meta":{"footnotes":""},"categories":[7],"tags":[],"class_list":["post-20520","post","type-post","status-publish","format-standard","hentry","category-nacionales"],"_links":{"self":[{"href":"https:\/\/defrentealaverdad.com\/index.php\/wp-json\/wp\/v2\/posts\/20520","targetHints":{"allow":["GET"]}}],"collection":[{"href":"https:\/\/defrentealaverdad.com\/index.php\/wp-json\/wp\/v2\/posts"}],"about":[{"href":"https:\/\/defrentealaverdad.com\/index.php\/wp-json\/wp\/v2\/types\/post"}],"author":[{"embeddable":true,"href":"https:\/\/defrentealaverdad.com\/index.php\/wp-json\/wp\/v2\/users\/1"}],"replies":[{"embeddable":true,"href":"https:\/\/defrentealaverdad.com\/index.php\/wp-json\/wp\/v2\/comments?post=20520"}],"version-history":[{"count":1,"href":"https:\/\/defrentealaverdad.com\/index.php\/wp-json\/wp\/v2\/posts\/20520\/revisions"}],"predecessor-version":[{"id":20521,"href":"https:\/\/defrentealaverdad.com\/index.php\/wp-json\/wp\/v2\/posts\/20520\/revisions\/20521"}],"wp:attachment":[{"href":"https:\/\/defrentealaverdad.com\/index.php\/wp-json\/wp\/v2\/media?parent=20520"}],"wp:term":[{"taxonomy":"category","embeddable":true,"href":"https:\/\/defrentealaverdad.com\/index.php\/wp-json\/wp\/v2\/categories?post=20520"},{"taxonomy":"post_tag","embeddable":true,"href":"https:\/\/defrentealaverdad.com\/index.php\/wp-json\/wp\/v2\/tags?post=20520"}],"curies":[{"name":"wp","href":"https:\/\/api.w.org\/{rel}","templated":true}]}}