{"id":20506,"date":"2024-07-09T21:58:17","date_gmt":"2024-07-09T21:58:17","guid":{"rendered":"https:\/\/defrentealaverdad.com\/?p=20506"},"modified":"2024-07-13T22:00:22","modified_gmt":"2024-07-13T22:00:22","slug":"embajadora-dominicana-ante-ee-uu-posiciona-al-contraalmirante-franklin-odalis-frias-duarte-ard-como-agregado-militar-ante-esa-mision-diplomatica","status":"publish","type":"post","link":"https:\/\/defrentealaverdad.com\/index.php\/2024\/07\/09\/embajadora-dominicana-ante-ee-uu-posiciona-al-contraalmirante-franklin-odalis-frias-duarte-ard-como-agregado-militar-ante-esa-mision-diplomatica\/","title":{"rendered":"\u00a0Embajadora dominicana ante EE.UU. posiciona al Contraalmirante\u00a0Franklin Odalis Fr\u00edas Duarte, ARD como\u00a0agregado militar ante esa misi\u00f3n\u00a0 diplom\u00e1tica"},"content":{"rendered":"<blockquote>\n<p style=\"font-weight: 400; text-align: justify;\"><em>El Contraalmirante Franklin Odalis Fr\u00edas Duarte, ARD, es el agregado de Defensa Militar, Naval, A\u00e9reo y Policial ante la Embajada dominicana en Washington<\/em>\u00a0D.C.<\/p>\n<\/blockquote>\n<p style=\"font-weight: 400; text-align: justify;\"><strong>Washington, DC.-<\/strong>\u00a0Fue posicionado el Contraalmirante Franklin Odalis Fr\u00edas Duarte, ARD, como agregado de Defensa Militar, Naval, A\u00e9reo y Policial ante la Embajada de los Estados Unidos de Norteam\u00e9rica, en la ciudad de Washington D.C., por la Embajadora Plenipotenciaria de la Rep\u00fablica Dominicana ante esa naci\u00f3n, Sonia Guzm\u00e1n Klan.<\/p>\n<p style=\"font-weight: 400; text-align: justify;\">Embajadora Plenipotenciaria de la Rep\u00fablica Dominicana ante el gobierno de los Estados Unidos de Norteam\u00e9rica, en la Ciudad de Washington, DC, Sra. Sonia Guzm\u00e1n Klan y el Contraalmirante Franklin Odalis Fr\u00edas Duarte, ARD. El Contraalmirante Franklin Odalis Fr\u00edas Duarte, ARD, fue designado por el presidente de la Rep\u00fablica, Luis Rodolfo Abinader Corona, mediante Decreto 61-24 en sustituci\u00f3n del General de Brigada Piloto, Robert Miguel Labort P\u00e9rez, FARD.<\/p>\n<p style=\"font-weight: 400; text-align: justify;\"><img decoding=\"async\" class=\"alignleft lazyload\" data-src=\"https:\/\/blogger.googleusercontent.com\/img\/b\/R29vZ2xl\/AVvXsEi0deI1jBY4-vBNfpiKsVZ_YO3o9j99X0X9gdA3bKq_5nR7wBIWBMkqMTyq3pkm-PFNIg4qCjd9gslF8pGwIx6ODXsz6H2w6hskCL3KLPnET2P9iQJaqr2z04-x-xWwUeZcxyGuDtrTQVqiSTdo34h5PUnrt7r_BwSVBo8oPCoRuojZg3yaTQLOt0-7ULoK\/s320\/IMG-20240709-WA0002.jpg\" src=\"data:image\/svg+xml;base64,PHN2ZyB3aWR0aD0iMSIgaGVpZ2h0PSIxIiB4bWxucz0iaHR0cDovL3d3dy53My5vcmcvMjAwMC9zdmciPjwvc3ZnPg==\" \/><\/p>\n<p style=\"font-weight: 400; text-align: justify;\">El alto oficial de la Armada de la Rep\u00fablica Dominicana, posee Maestr\u00edas en Seguridad y Defensa Nacional, de la Universidad Nacional para la Defensa \u201cGeneral Juan Pablo Duarte Y Diez\u201d (UNADE) y en Diplomacia y Servicio Consular, del Instituto de Educaci\u00f3n Superior en Formaci\u00f3n Diplom\u00e1tica y Consular (INESDYC), \u00f3rgano acad\u00e9mico del Ministerio de Relaciones Exteriores (MIREX).<\/p>\n<p style=\"font-weight: 400; text-align: justify;\">Adem\u00e1, es licenciado en Ciencias Navales y Contabilidad. Tambi\u00e9n se ha especializado en diversos cursos internacionales, como: Joint Combat Operations; National Defense University; Norfolk, EEUU; Elective, Home Land Security;\u00a0\u00a0National Defense University, Norfolk, EEUU; curso Avanzado de Ingles, Berlitz; Exploring The Issues, Doing Business in English; Specialize English, Lackland Texas; Conducting Military and Peacekeeping Operations Law the Rule, Newport; EE.UU; Avance Port Security\/Port Vulnerability; Physical Security Training Program, FLECIT, Jacksonville, EE.UU; curso\u00a0\u00a0Estrat\u00e9gico de\u00a0\u00a0Ejercito para el Fortalecimiento Ciudadano, Israel, y Entrenamientos de Navegaci\u00f3n Marina Mercante, Buque Petromar, Centro Am\u00e9rica, M\u00e9xico, Colombia, entre otros.<\/p>\n<p style=\"font-weight: 400; text-align: justify;\">Fuente: Embajada USA<\/p>\n<p style=\"font-weight: 400;\">\n","protected":false},"excerpt":{"rendered":"<p>El Contraalmirante Franklin Odalis Fr\u00edas Duarte, ARD, es el agregado de Defensa Militar, Naval, A\u00e9reo<\/p>\n","protected":false},"author":4,"featured_media":0,"comment_status":"open","ping_status":"open","sticky":false,"template":"","format":"standard","meta":{"footnotes":""},"categories":[16],"tags":[],"class_list":["post-20506","post","type-post","status-publish","format-standard","hentry","category-internacionales"],"_links":{"self":[{"href":"https:\/\/defrentealaverdad.com\/index.php\/wp-json\/wp\/v2\/posts\/20506","targetHints":{"allow":["GET"]}}],"collection":[{"href":"https:\/\/defrentealaverdad.com\/index.php\/wp-json\/wp\/v2\/posts"}],"about":[{"href":"https:\/\/defrentealaverdad.com\/index.php\/wp-json\/wp\/v2\/types\/post"}],"author":[{"embeddable":true,"href":"https:\/\/defrentealaverdad.com\/index.php\/wp-json\/wp\/v2\/users\/4"}],"replies":[{"embeddable":true,"href":"https:\/\/defrentealaverdad.com\/index.php\/wp-json\/wp\/v2\/comments?post=20506"}],"version-history":[{"count":1,"href":"https:\/\/defrentealaverdad.com\/index.php\/wp-json\/wp\/v2\/posts\/20506\/revisions"}],"predecessor-version":[{"id":20507,"href":"https:\/\/defrentealaverdad.com\/index.php\/wp-json\/wp\/v2\/posts\/20506\/revisions\/20507"}],"wp:attachment":[{"href":"https:\/\/defrentealaverdad.com\/index.php\/wp-json\/wp\/v2\/media?parent=20506"}],"wp:term":[{"taxonomy":"category","embeddable":true,"href":"https:\/\/defrentealaverdad.com\/index.php\/wp-json\/wp\/v2\/categories?post=20506"},{"taxonomy":"post_tag","embeddable":true,"href":"https:\/\/defrentealaverdad.com\/index.php\/wp-json\/wp\/v2\/tags?post=20506"}],"curies":[{"name":"wp","href":"https:\/\/api.w.org\/{rel}","templated":true}]}}