{"id":20504,"date":"2024-07-10T21:56:17","date_gmt":"2024-07-10T21:56:17","guid":{"rendered":"https:\/\/defrentealaverdad.com\/?p=20504"},"modified":"2024-07-13T21:58:10","modified_gmt":"2024-07-13T21:58:10","slug":"la-direccion-general-de-migracion-entrega-centro","status":"publish","type":"post","link":"https:\/\/defrentealaverdad.com\/index.php\/2024\/07\/10\/la-direccion-general-de-migracion-entrega-centro\/","title":{"rendered":"La Direcci\u00f3n General de Migraci\u00f3n entrega Centro"},"content":{"rendered":"<p style=\"text-align: justify;\">Por Felix Rubio<\/p>\n<div class=\"separator\" style=\"text-align: justify;\"><a href=\"https:\/\/blogger.googleusercontent.com\/img\/b\/R29vZ2xl\/AVvXsEjUGH4m_xVLE_kKjpxrPu0W-Fdltk8aFQLifkQp4tsyfvSX0oCPcrNaqia3iRLLmGp5RGY-oM4Hq8cudJJhB1gjX5WzWRvn7tswuBAVWlAXHP7T_ltC2f0lSBlF9AL2EHLy-kZzlXR2DDSIbwT8oyDWlyMzZu-RKGh__7fYnDb54GwQHk8jSO0lvshKwkJL\/s1481\/IMG-20240708-WA0008.jpg\"><img decoding=\"async\" class=\"alignleft lazyload\" data-src=\"https:\/\/blogger.googleusercontent.com\/img\/b\/R29vZ2xl\/AVvXsEjUGH4m_xVLE_kKjpxrPu0W-Fdltk8aFQLifkQp4tsyfvSX0oCPcrNaqia3iRLLmGp5RGY-oM4Hq8cudJJhB1gjX5WzWRvn7tswuBAVWlAXHP7T_ltC2f0lSBlF9AL2EHLy-kZzlXR2DDSIbwT8oyDWlyMzZu-RKGh__7fYnDb54GwQHk8jSO0lvshKwkJL\/s320\/IMG-20240708-WA0008.jpg\" width=\"320\" height=\"206\" border=\"0\" data-original-height=\"954\" data-original-width=\"1481\" src=\"data:image\/svg+xml;base64,PHN2ZyB3aWR0aD0iMSIgaGVpZ2h0PSIxIiB4bWxucz0iaHR0cDovL3d3dy53My5vcmcvMjAwMC9zdmciPjwvc3ZnPg==\" style=\"--smush-placeholder-width: 320px; --smush-placeholder-aspect-ratio: 320\/206;\" \/><\/a>La Direcci\u00f3n General de Migraci\u00f3n inaugura un nuevo centro de procesamiento de interdictados con la finalidad de que los extranjeros tengan un lugar m\u00e1s limpio, humano, seguro y organizado.<\/div>\n<p style=\"text-align: justify;\">\u00a0Los extranjeros interdictados duran 24 horas en ese lugar y luego son deportados a su pa\u00eds de origen conforme a lo que establece la ley 285 &#8211; 04 y el decreto de aplicaci\u00f3n 631 &#8211; 11. \u00a0 \u00a0El acto fue encabezado por el presidente Luis Abinader y el ministro de Interior y Polic\u00eda, Jes\u00fas Vasquez Martinez. <a href=\"https:\/\/blogger.googleusercontent.com\/img\/b\/R29vZ2xl\/AVvXsEi_w49yHg8L1cZFDUe3P3FFIUoK66JMfCMtjsmJW1RENLxqtAvxICDGuu6amyu4MeVtwJjBczc1e-CD4d29IbQfeb9NQJQs4L0B1XDEuHMRwHIizpsoaEpHv4EhXSZGrcOyqj272_QqkcLLQgoMjtGAPn259yUWilFyKPLIJXL-cn7Js1T5yP7fPRxAvzlF\/s1600\/IMG-20240708-WA0006.jpg\"><img decoding=\"async\" class=\"alignright lazyload\" data-src=\"https:\/\/blogger.googleusercontent.com\/img\/b\/R29vZ2xl\/AVvXsEi_w49yHg8L1cZFDUe3P3FFIUoK66JMfCMtjsmJW1RENLxqtAvxICDGuu6amyu4MeVtwJjBczc1e-CD4d29IbQfeb9NQJQs4L0B1XDEuHMRwHIizpsoaEpHv4EhXSZGrcOyqj272_QqkcLLQgoMjtGAPn259yUWilFyKPLIJXL-cn7Js1T5yP7fPRxAvzlF\/s320\/IMG-20240708-WA0006.jpg\" width=\"320\" height=\"213\" border=\"0\" data-original-height=\"1066\" data-original-width=\"1600\" src=\"data:image\/svg+xml;base64,PHN2ZyB3aWR0aD0iMSIgaGVpZ2h0PSIxIiB4bWxucz0iaHR0cDovL3d3dy53My5vcmcvMjAwMC9zdmciPjwvc3ZnPg==\" style=\"--smush-placeholder-width: 320px; --smush-placeholder-aspect-ratio: 320\/213;\" \/><\/a><\/p>\n<p style=\"text-align: justify;\">En ese sentido, Venancio Alc\u00e1ntara director de Migraci\u00f3n, agreg\u00f3 que la gesti\u00f3n de Gobierno que encabeza Abinader es la que m\u00e1s extranjeros en condici\u00f3n irregular ha deportado, duplicando a todos sus antecesores.<\/p>\n<blockquote><p><em>Las deportaciones y repatriaciones son m\u00e1s humana, ordenada y segura.<\/em><\/p><\/blockquote>\n<div class=\"separator\" style=\"text-align: justify;\">Migraci\u00f3n que asume un rol m\u00e1s humano, m\u00e1s ordenado y m\u00e1s seguro termina otros centros de procesamiento de interdiccion de extranjeros, uno en Benerito, Higuey, en Santiago, Elias Pi\u00f1a y Jimani. En los pr\u00f3ximos d\u00edas se reinaugurara la remodelacion del centro de Haina.<\/div>\n<p style=\"text-align: justify;\">Fuente: Prensa DGM<\/p>\n","protected":false},"excerpt":{"rendered":"<p>Por Felix Rubio La Direcci\u00f3n General de Migraci\u00f3n inaugura un nuevo centro de procesamiento de<\/p>\n","protected":false},"author":1,"featured_media":0,"comment_status":"open","ping_status":"open","sticky":false,"template":"","format":"standard","meta":{"footnotes":""},"categories":[7],"tags":[],"class_list":["post-20504","post","type-post","status-publish","format-standard","hentry","category-nacionales"],"_links":{"self":[{"href":"https:\/\/defrentealaverdad.com\/index.php\/wp-json\/wp\/v2\/posts\/20504","targetHints":{"allow":["GET"]}}],"collection":[{"href":"https:\/\/defrentealaverdad.com\/index.php\/wp-json\/wp\/v2\/posts"}],"about":[{"href":"https:\/\/defrentealaverdad.com\/index.php\/wp-json\/wp\/v2\/types\/post"}],"author":[{"embeddable":true,"href":"https:\/\/defrentealaverdad.com\/index.php\/wp-json\/wp\/v2\/users\/1"}],"replies":[{"embeddable":true,"href":"https:\/\/defrentealaverdad.com\/index.php\/wp-json\/wp\/v2\/comments?post=20504"}],"version-history":[{"count":1,"href":"https:\/\/defrentealaverdad.com\/index.php\/wp-json\/wp\/v2\/posts\/20504\/revisions"}],"predecessor-version":[{"id":20505,"href":"https:\/\/defrentealaverdad.com\/index.php\/wp-json\/wp\/v2\/posts\/20504\/revisions\/20505"}],"wp:attachment":[{"href":"https:\/\/defrentealaverdad.com\/index.php\/wp-json\/wp\/v2\/media?parent=20504"}],"wp:term":[{"taxonomy":"category","embeddable":true,"href":"https:\/\/defrentealaverdad.com\/index.php\/wp-json\/wp\/v2\/categories?post=20504"},{"taxonomy":"post_tag","embeddable":true,"href":"https:\/\/defrentealaverdad.com\/index.php\/wp-json\/wp\/v2\/tags?post=20504"}],"curies":[{"name":"wp","href":"https:\/\/api.w.org\/{rel}","templated":true}]}}