{"id":20485,"date":"2024-07-10T20:56:42","date_gmt":"2024-07-10T20:56:42","guid":{"rendered":"https:\/\/defrentealaverdad.com\/?p=20485"},"modified":"2024-07-13T20:59:26","modified_gmt":"2024-07-13T20:59:26","slug":"muere-el-cantante-amaury-hernandez-gil-de-41-anos-un-dia-despues-de-que-naciera-su-hija","status":"publish","type":"post","link":"https:\/\/defrentealaverdad.com\/index.php\/2024\/07\/10\/muere-el-cantante-amaury-hernandez-gil-de-41-anos-un-dia-despues-de-que-naciera-su-hija\/","title":{"rendered":"Muere el cantante Amaury Hern\u00e1ndez Gil, de 41 a\u00f1os, un d\u00eda despu\u00e9s de que naciera su hija"},"content":{"rendered":"<div class=\"loc article-header\">\n<div id=\"pesp-article-header_1-0\" class=\"comp pesp-article-header mntl-article-header\">\n<blockquote>\n<p class=\"article-subheading type--dog\">El artista cristiano formaba parte de los grupos EmanuelDCN y Kabed y su fallecimiento ha causado gran sorpresa. Aqu\u00ed el reporte.<\/p>\n<\/blockquote>\n<div id=\"mntl-article-meta-dynamic_1-0\" class=\"comp mntl-article-meta-dynamic mntl-article-meta mntl-block\" data-tracking-container=\"true\">\n<div id=\"pesp-bylines_1-0\" class=\"comp pesp-bylines mntl-bylines type--rabbit\">\n<div id=\"mntl-bylines__group_1-0\" class=\"comp mntl-bylines__group mntl-block mntl-bylines__group--author\"><\/div>\n<\/div>\n<p style=\"text-align: justify;\">El mundo de la m\u00fasica se ha vestido de luto por el inesperado fallecimiento del cantante\u00a0<strong>Amaury Hern\u00e1ndez Gil<\/strong>, a los 41 a\u00f1os. El artista falleci\u00f3 de manera repentina y m\u00faltiples fuentes en Rep\u00fablica Dominicana apuntan a un infarto como la causa de su muerte. La tragedia es a\u00fan mayor pues el cantante cristiano e integrante de los grupos EmanuelDCN y Kabed acababa de convertirse en padre por tercera ocasi\u00f3n de <strong>Yara<\/strong>, su hija menor, quien naci\u00f3 justo un d\u00eda antes que \u00e9l muriera. Al artista tambi\u00e9n le sobreviven su ahora viuda, la tambi\u00e9n cantante\u00a0<strong>Karen<\/strong>\u00a0<strong>Ponciano<\/strong>, y sus dos hijos mayores\u00a0<strong>Ariel<\/strong>\u00a0y\u00a0<strong>Adri\u00e1n<\/strong>.<\/p>\n<\/div>\n<\/div>\n<\/div>\n<div class=\"loc article-content\">\n<div id=\"article-content_1-0\" class=\"comp article-content mntl-block\">\n<div id=\"mntl-sc-page_1-0\" class=\"comp mntl-sc-page mntl-block structured-content js-extended-commerce__section\" data-sc-sticky-offset=\"90\" data-sc-ad-label-height=\"24\" data-sc-ad-track-spacing=\"100\" data-sc-min-track-height=\"250\" data-sc-max-track-height=\"600\" data-sc-breakpoint=\"50em\" data-sc-load-immediate=\"4\" data-sc-content-positions=\"[1, 1250, 1550, 1950, 2350, 2750, 3150, 3550, 3950]\" data-bind-scroll-on-start=\"true\">\n<div id=\"mntl-sc-block_8-0\" class=\"comp mntl-sc-block mntl-sc-block-adslot mntl-block\" style=\"text-align: justify;\"><img decoding=\"async\" id=\"mntl-sc-block-image_1-0\" class=\"universal-image__image lazyloadwait lazyloaded\" src=\"https:\/\/peopleenespanol.com\/thmb\/76Cmopz_GKDXy4PMWcJrV_oErmY=\/1500x0\/filters:no_upscale():max_bytes(150000):strip_icc():format(webp)\/AmauryHernandez-15bbc89231d549719f06f990bc011c3d.png\" sizes=\"750px\" srcset=\"https:\/\/peopleenespanol.com\/thmb\/ZTz6w8G-tv1oCnSid-liNFYwkoI=\/750x0\/filters:no_upscale():max_bytes(150000):strip_icc():format(webp)\/AmauryHernandez-15bbc89231d549719f06f990bc011c3d.png 750w\" alt=\"Amaury Hern\u00c3\u00a1ndez Gil\" width=\"4000\" height=\"3042\" data-src=\"https:\/\/peopleenespanol.com\/thmb\/76Cmopz_GKDXy4PMWcJrV_oErmY=\/1500x0\/filters:no_upscale():max_bytes(150000):strip_icc():format(webp)\/AmauryHernandez-15bbc89231d549719f06f990bc011c3d.png\" data-srcset=\"https:\/\/peopleenespanol.com\/thmb\/ZTz6w8G-tv1oCnSid-liNFYwkoI=\/750x0\/filters:no_upscale():max_bytes(150000):strip_icc():format(webp)\/AmauryHernandez-15bbc89231d549719f06f990bc011c3d.png 750w\" data-sizes=\"750px\" data-expand=\"300\" data-tracking-container=\"true\" data-img-lightbox=\"true\" data-click-tracked=\"true\" \/><\/div>\n<p id=\"mntl-sc-block_19-0\" class=\"comp mntl-sc-block mntl-sc-block-html\" style=\"text-align: justify;\">Amaury era admirado en su comunidad y constantemente enviaba mensajes de fe, motivaci\u00f3n y positivismo a trav\u00e9s de sus redes. En redes miembros de su congregaci\u00f3n y seguidores reaccionaron con sorpresa, algunos indicando incluso que Amaury padec\u00eda de diabetes, cosa que no ha sido confirmada oficialmente.<\/p>\n<blockquote>\n<p id=\"mntl-sc-block_9-0\" class=\"comp mntl-sc-block mntl-sc-block-html\">\u00abAmaury, fuiste una bendici\u00f3n immeasurable para esta casa. Las palabras no bastar\u00e1n para hablar de lo que sembraste en cada coraz\u00f3n que tocaste\u00bb, escribieron voceros de la iglesia cristiana Tabern\u00e1culo de Adoraci\u00f3n, en Santo Domingo, para expresar su dolor por la inesperada partida del artista afiliado con dicho templo. \u00abHoy te decimos hasta luego, sin todav\u00eda creerlo completamente. Tu legado continuar\u00e1, Dios se encargar\u00e1 de ello y nosotros lo veremos. Nos vemos pronto amado hermano\u00bb,<\/p>\n<\/blockquote>\n<div id=\"mntl-sc-block_20-0\" class=\"comp mntl-sc-block mntl-sc-block-adslot mntl-block\" style=\"text-align: justify;\">\u00a0El sepelio de Amaury Hern\u00e1ndez se llev\u00f3 a cabo en la Funeraria Blandino, en Santo Domingo. Posteriormente fue sepultado.<\/div>\n<p id=\"mntl-sc-block_27-0\" class=\"comp mntl-sc-block mntl-sc-block-html\">En paz descanse.<\/p>\n<\/div>\n<p>Fuente: Peopleenespanol.com<\/p>\n<\/div>\n<\/div>\n","protected":false},"excerpt":{"rendered":"<p>El artista cristiano formaba parte de los grupos EmanuelDCN y Kabed y su fallecimiento ha<\/p>\n","protected":false},"author":4,"featured_media":0,"comment_status":"open","ping_status":"open","sticky":false,"template":"","format":"standard","meta":{"footnotes":""},"categories":[7],"tags":[],"class_list":["post-20485","post","type-post","status-publish","format-standard","hentry","category-nacionales"],"_links":{"self":[{"href":"https:\/\/defrentealaverdad.com\/index.php\/wp-json\/wp\/v2\/posts\/20485","targetHints":{"allow":["GET"]}}],"collection":[{"href":"https:\/\/defrentealaverdad.com\/index.php\/wp-json\/wp\/v2\/posts"}],"about":[{"href":"https:\/\/defrentealaverdad.com\/index.php\/wp-json\/wp\/v2\/types\/post"}],"author":[{"embeddable":true,"href":"https:\/\/defrentealaverdad.com\/index.php\/wp-json\/wp\/v2\/users\/4"}],"replies":[{"embeddable":true,"href":"https:\/\/defrentealaverdad.com\/index.php\/wp-json\/wp\/v2\/comments?post=20485"}],"version-history":[{"count":1,"href":"https:\/\/defrentealaverdad.com\/index.php\/wp-json\/wp\/v2\/posts\/20485\/revisions"}],"predecessor-version":[{"id":20486,"href":"https:\/\/defrentealaverdad.com\/index.php\/wp-json\/wp\/v2\/posts\/20485\/revisions\/20486"}],"wp:attachment":[{"href":"https:\/\/defrentealaverdad.com\/index.php\/wp-json\/wp\/v2\/media?parent=20485"}],"wp:term":[{"taxonomy":"category","embeddable":true,"href":"https:\/\/defrentealaverdad.com\/index.php\/wp-json\/wp\/v2\/categories?post=20485"},{"taxonomy":"post_tag","embeddable":true,"href":"https:\/\/defrentealaverdad.com\/index.php\/wp-json\/wp\/v2\/tags?post=20485"}],"curies":[{"name":"wp","href":"https:\/\/api.w.org\/{rel}","templated":true}]}}