{"id":20467,"date":"2024-07-11T19:35:26","date_gmt":"2024-07-11T19:35:26","guid":{"rendered":"https:\/\/defrentealaverdad.com\/?p=20467"},"modified":"2024-07-13T19:38:15","modified_gmt":"2024-07-13T19:38:15","slug":"sistema-911-coordina-asistencia-en-incendio-de-almacen-de-constructora-en-altos-de-arroyo-hondo-dn","status":"publish","type":"post","link":"https:\/\/defrentealaverdad.com\/index.php\/2024\/07\/11\/sistema-911-coordina-asistencia-en-incendio-de-almacen-de-constructora-en-altos-de-arroyo-hondo-dn\/","title":{"rendered":"Sistema 911 coordina asistencia en incendio de almac\u00e9n de constructora en Altos de Arroyo Hondo, DN"},"content":{"rendered":"<blockquote>\n<p style=\"text-align: justify;\">Hasta el momento, el personal en la escena no ha reportado afectados. El caso contin\u00faa en desarrollo.<\/p>\n<\/blockquote>\n<p style=\"text-align: justify;\">Santo Domingo. &#8211; El Sistema Nacional de Atenci\u00f3n a Emergencias y Seguridad 911 coordin\u00f3 la asistencia a un incendio ocurrido la ma\u00f1ana de este jueves, en el almac\u00e9n de una constructora ubicado en el sector Altos de Arroyo Hondo, Distrito Nacional (DN).<\/p>\n<p><img decoding=\"async\" class=\"size-medium wp-image-20468 alignleft lazyload\" data-src=\"https:\/\/defrentealaverdad.com\/wp-content\/uploads\/2024\/07\/IMG-20240711-WA0073-300x225.jpg\" alt=\"\" width=\"300\" height=\"225\" data-srcset=\"https:\/\/defrentealaverdad.com\/wp-content\/uploads\/2024\/07\/IMG-20240711-WA0073-300x225.jpg 300w, https:\/\/defrentealaverdad.com\/wp-content\/uploads\/2024\/07\/IMG-20240711-WA0073-1024x768.jpg 1024w, https:\/\/defrentealaverdad.com\/wp-content\/uploads\/2024\/07\/IMG-20240711-WA0073-768x576.jpg 768w, https:\/\/defrentealaverdad.com\/wp-content\/uploads\/2024\/07\/IMG-20240711-WA0073-720x540.jpg 720w, https:\/\/defrentealaverdad.com\/wp-content\/uploads\/2024\/07\/IMG-20240711-WA0073.jpg 1280w\" data-sizes=\"(max-width: 300px) 100vw, 300px\" src=\"data:image\/svg+xml;base64,PHN2ZyB3aWR0aD0iMSIgaGVpZ2h0PSIxIiB4bWxucz0iaHR0cDovL3d3dy53My5vcmcvMjAwMC9zdmciPjwvc3ZnPg==\" style=\"--smush-placeholder-width: 300px; --smush-placeholder-aspect-ratio: 300\/225;\" \/><\/p>\n<p style=\"text-align: justify;\">De inmediato, fueron enviadas las unidades de las instituciones de respuesta, quienes hasta el momento no han reportado afectados. El caso contin\u00faa en desarrollo.<\/p>\n<p style=\"text-align: justify;\">En el evento se encuentran laborando <strong>15 camiones del Cuerpo de Bomberos del DN; dos ambulancias de la Direcci\u00f3n de Servicios de Atenci\u00f3n a Emergencias Extrahospitalarias (DAEH); y dos unidades de la Polic\u00eda Nacional<\/strong>. Adem\u00e1s, fue requerido el apoyo de EDESUR y el equipo de Drones del 911.<\/p>\n<p style=\"text-align: justify;\">El Sistema 911 reconoce la ardua labor de los bomberos y los dem\u00e1s miembros de los equipos de respuesta y exhorta a los ciudadanos ceder el paso a los veh\u00edculos de emergencia para una atenci\u00f3n eficiente y oportuna.<\/p>\n<p>Fuente: Direcci\u00f3n de Comunicaciones 911<\/p>\n","protected":false},"excerpt":{"rendered":"<p>Hasta el momento, el personal en la escena no ha reportado afectados. El caso contin\u00faa<\/p>\n","protected":false},"author":1,"featured_media":0,"comment_status":"open","ping_status":"open","sticky":false,"template":"","format":"standard","meta":{"footnotes":""},"categories":[7],"tags":[],"class_list":["post-20467","post","type-post","status-publish","format-standard","hentry","category-nacionales"],"_links":{"self":[{"href":"https:\/\/defrentealaverdad.com\/index.php\/wp-json\/wp\/v2\/posts\/20467","targetHints":{"allow":["GET"]}}],"collection":[{"href":"https:\/\/defrentealaverdad.com\/index.php\/wp-json\/wp\/v2\/posts"}],"about":[{"href":"https:\/\/defrentealaverdad.com\/index.php\/wp-json\/wp\/v2\/types\/post"}],"author":[{"embeddable":true,"href":"https:\/\/defrentealaverdad.com\/index.php\/wp-json\/wp\/v2\/users\/1"}],"replies":[{"embeddable":true,"href":"https:\/\/defrentealaverdad.com\/index.php\/wp-json\/wp\/v2\/comments?post=20467"}],"version-history":[{"count":2,"href":"https:\/\/defrentealaverdad.com\/index.php\/wp-json\/wp\/v2\/posts\/20467\/revisions"}],"predecessor-version":[{"id":20470,"href":"https:\/\/defrentealaverdad.com\/index.php\/wp-json\/wp\/v2\/posts\/20467\/revisions\/20470"}],"wp:attachment":[{"href":"https:\/\/defrentealaverdad.com\/index.php\/wp-json\/wp\/v2\/media?parent=20467"}],"wp:term":[{"taxonomy":"category","embeddable":true,"href":"https:\/\/defrentealaverdad.com\/index.php\/wp-json\/wp\/v2\/categories?post=20467"},{"taxonomy":"post_tag","embeddable":true,"href":"https:\/\/defrentealaverdad.com\/index.php\/wp-json\/wp\/v2\/tags?post=20467"}],"curies":[{"name":"wp","href":"https:\/\/api.w.org\/{rel}","templated":true}]}}