{"id":2046,"date":"2022-11-02T13:54:47","date_gmt":"2022-11-02T13:54:47","guid":{"rendered":"https:\/\/defrentealaverdad.com\/?p=2046"},"modified":"2022-11-04T13:57:05","modified_gmt":"2022-11-04T13:57:05","slug":"despierta-alegria-primer-vuelo-a-pedernales","status":"publish","type":"post","link":"https:\/\/defrentealaverdad.com\/index.php\/2022\/11\/02\/despierta-alegria-primer-vuelo-a-pedernales\/","title":{"rendered":"Despierta alegr\u00eda primer vuelo a Pedernales"},"content":{"rendered":"<p><img decoding=\"async\" class=\"alignnone size-medium wp-image-2047 aligncenter lazyload\" data-src=\"https:\/\/defrentealaverdad.com\/wp-content\/uploads\/2022\/11\/despierta-alegria-primer-vuelo-a-pedernales-300x201.jpeg\" alt=\"\" width=\"300\" height=\"201\" data-srcset=\"https:\/\/defrentealaverdad.com\/wp-content\/uploads\/2022\/11\/despierta-alegria-primer-vuelo-a-pedernales-300x201.jpeg 300w, https:\/\/defrentealaverdad.com\/wp-content\/uploads\/2022\/11\/despierta-alegria-primer-vuelo-a-pedernales.jpeg 680w\" data-sizes=\"(max-width: 300px) 100vw, 300px\" src=\"data:image\/svg+xml;base64,PHN2ZyB3aWR0aD0iMSIgaGVpZ2h0PSIxIiB4bWxucz0iaHR0cDovL3d3dy53My5vcmcvMjAwMC9zdmciPjwvc3ZnPg==\" style=\"--smush-placeholder-width: 300px; --smush-placeholder-aspect-ratio: 300\/201;\" \/><\/p>\n<p style=\"text-align: justify;\">Esta comunidad, enclavada en la frontera suroeste de Rep\u00fablica Dominicana, se regocij\u00f3 ayer martes con la llegada del\u00a0 primer vuelo de la aerol\u00ednea Air Century, que parti\u00f3 desde Santo Domingo y que realizar\u00e1 dos d\u00edas a la semana. En este vuelo inaugural, los pasajeros eran periodistas y otras personalidades.<\/p>\n<p style=\"text-align: justify;\">El primer avi\u00f3n, con la ficha HI956, lleg\u00f3 con 19 pasajeros al aer\u00f3dromo de Cabo Rojo, entre ellos V\u00edctor Pichardo, director Aeroportuario; Sigmund Freund, director ejecutivo de Alianza P\u00fablico Privada; Carlos Jim\u00e9nez, director administrativo de la aerol\u00ednea, y Danilo Rosario, gerente general.<\/p>\n<p style=\"text-align: justify;\">Entre los periodistas viajaron Roberto Cavada, Carlos Julio Feliz, Tony P\u00e9rez, Julia Mu\u00f1iz y Salvador Batista. El vuelo fue recibido con mucho entusiasmo y proclamado con gracias a Dios y la invocaci\u00f3n del pastor Fello de la Cruz, de la Iglesia de la Profec\u00eda de Pedernales, en compa\u00f1\u00eda de las autoridades provinciales, compuestas por la gobernadora Altagracia Brea de Gonz\u00e1lez; el alcalde Andr\u00e9s Emilito Jim\u00e9nez S\u00e1nchez, el vicec\u00f3nsul en Ansa-\u00e1-Pitre-Hait\u00ed, Her\u00e1clito Duquedes Pe\u00f1a Adames; Efra\u00edn Hern\u00e1ndez, director del Hospital Dr. Elio Fiallo y Augusto Vel\u00e1zquez, presidente del comit\u00e9 municipal del PRM entre otras autoridades.<\/p>\n<p style=\"text-align: justify;\">Los vuelos ser\u00e1n dos veces a la semana, lunes y viernes, saliendo a la 9:00 de la ma\u00f1ana con llegada de 35 minutos del lunes, desde\u00a0 el aeropuerto del Hig\u00fcero y los viernes coordinados con la l\u00ednea a\u00e9rea para que los vuelos salgan m\u00e1s tarde, para que todo el que viaje pueda pasarse un fin de semana y regresar el lunes.<\/p>\n<p style=\"text-align: justify;\">Los visitantes y autoridades hicieron un recorrido por el municipio Pedernales hasta la rotonda de las playas, donde el alcalde Andr\u00e9s Emilito Jim\u00e9nez S\u00e1nchez anunci\u00f3 la construcci\u00f3n de un puente peatonal en el frente marino, en vez de un malec\u00f3n, para velar y cuidar la fauna y la flora en el \u00e1rea de la playa de Pedernales.<\/p>\n<p style=\"text-align: justify;\">Freund inform\u00f3 que est\u00e1 programada una vista p\u00fablica para el pr\u00f3ximo viernes en la Alcald\u00eda de Oviedo, donde debatir\u00e1n sobre los permisos de construcci\u00f3n del nuevo aeropuerto internacional.<\/p>\n<p style=\"text-align: justify;\"><strong>En puntos<\/strong><\/p>\n<p style=\"text-align: justify;\">Licitaci\u00f3n<\/p>\n<p style=\"text-align: justify;\">El alcalde de Pedernales, Andr\u00e9s Emilito Jim\u00e9nez S\u00e1nchez, dijo que para ejecutar el proyecto del peatonal en la rivera de las playas de Pedernales, que ser\u00e1 de 2.7 kil\u00f3metros del frente marino, s\u00f3lo se espera de una licitaci\u00f3n.<\/p>\n<p style=\"text-align: justify;\">Fuente: Listin Diario<\/p>\n","protected":false},"excerpt":{"rendered":"<p>Esta comunidad, enclavada en la frontera suroeste de Rep\u00fablica Dominicana, se regocij\u00f3 ayer martes con<\/p>\n","protected":false},"author":1,"featured_media":0,"comment_status":"open","ping_status":"open","sticky":false,"template":"","format":"standard","meta":{"footnotes":""},"categories":[7,11],"tags":[],"class_list":["post-2046","post","type-post","status-publish","format-standard","hentry","category-nacionales","category-turismo"],"_links":{"self":[{"href":"https:\/\/defrentealaverdad.com\/index.php\/wp-json\/wp\/v2\/posts\/2046","targetHints":{"allow":["GET"]}}],"collection":[{"href":"https:\/\/defrentealaverdad.com\/index.php\/wp-json\/wp\/v2\/posts"}],"about":[{"href":"https:\/\/defrentealaverdad.com\/index.php\/wp-json\/wp\/v2\/types\/post"}],"author":[{"embeddable":true,"href":"https:\/\/defrentealaverdad.com\/index.php\/wp-json\/wp\/v2\/users\/1"}],"replies":[{"embeddable":true,"href":"https:\/\/defrentealaverdad.com\/index.php\/wp-json\/wp\/v2\/comments?post=2046"}],"version-history":[{"count":2,"href":"https:\/\/defrentealaverdad.com\/index.php\/wp-json\/wp\/v2\/posts\/2046\/revisions"}],"predecessor-version":[{"id":2049,"href":"https:\/\/defrentealaverdad.com\/index.php\/wp-json\/wp\/v2\/posts\/2046\/revisions\/2049"}],"wp:attachment":[{"href":"https:\/\/defrentealaverdad.com\/index.php\/wp-json\/wp\/v2\/media?parent=2046"}],"wp:term":[{"taxonomy":"category","embeddable":true,"href":"https:\/\/defrentealaverdad.com\/index.php\/wp-json\/wp\/v2\/categories?post=2046"},{"taxonomy":"post_tag","embeddable":true,"href":"https:\/\/defrentealaverdad.com\/index.php\/wp-json\/wp\/v2\/tags?post=2046"}],"curies":[{"name":"wp","href":"https:\/\/api.w.org\/{rel}","templated":true}]}}