{"id":20456,"date":"2024-07-11T19:10:53","date_gmt":"2024-07-11T19:10:53","guid":{"rendered":"https:\/\/defrentealaverdad.com\/?p=20456"},"modified":"2024-07-13T19:13:04","modified_gmt":"2024-07-13T19:13:04","slug":"invitan-al-xiv-congreso-dominicano-de-historia","status":"publish","type":"post","link":"https:\/\/defrentealaverdad.com\/index.php\/2024\/07\/11\/invitan-al-xiv-congreso-dominicano-de-historia\/","title":{"rendered":"Invitan al XIV Congreso Dominicano de Historia"},"content":{"rendered":"<p><img decoding=\"async\" class=\"size-medium wp-image-20458 alignleft lazyload\" data-src=\"https:\/\/defrentealaverdad.com\/wp-content\/uploads\/2024\/07\/IMG-20240711-WA01001-235x300.jpg\" alt=\"\" width=\"235\" height=\"300\" data-srcset=\"https:\/\/defrentealaverdad.com\/wp-content\/uploads\/2024\/07\/IMG-20240711-WA01001-235x300.jpg 235w, https:\/\/defrentealaverdad.com\/wp-content\/uploads\/2024\/07\/IMG-20240711-WA01001-801x1024.jpg 801w, https:\/\/defrentealaverdad.com\/wp-content\/uploads\/2024\/07\/IMG-20240711-WA01001-768x981.jpg 768w, https:\/\/defrentealaverdad.com\/wp-content\/uploads\/2024\/07\/IMG-20240711-WA01001-1202x1536.jpg 1202w, https:\/\/defrentealaverdad.com\/wp-content\/uploads\/2024\/07\/IMG-20240711-WA01001.jpg 1252w\" data-sizes=\"(max-width: 235px) 100vw, 235px\" src=\"data:image\/svg+xml;base64,PHN2ZyB3aWR0aD0iMSIgaGVpZ2h0PSIxIiB4bWxucz0iaHR0cDovL3d3dy53My5vcmcvMjAwMC9zdmciPjwvc3ZnPg==\" style=\"--smush-placeholder-width: 235px; --smush-placeholder-aspect-ratio: 235\/300;\" \/><\/p>\n<p style=\"text-align: justify;\">Santo Domingo. &#8211; La Secci\u00f3n Nacional Dominicana del Instituto Panamericano de Geograf\u00eda e Historia (IPGH), organismo especializado de la Organizaci\u00f3n de Estados Americanos, a trav\u00e9s de su Comisi\u00f3n de Historia, organizar\u00e1 este viernes 12 de julio el XIV Congreso Dominicano de Historia, en horarios de 9:00 am a 5:00 pm.<\/p>\n<p style=\"text-align: justify;\">La conferencia inaugural ser\u00e1 dictada por el presidente de la Academia Dominicana de la Historia, licenciado Juan Daniel Balc\u00e1cer, evento que ser\u00e1 celebrado en el Sal\u00f3n de Conferencias del Archivo General de la Naci\u00f3n.<\/p>\n<p style=\"text-align: justify;\">Este congreso contar\u00e1 con la participaci\u00f3n de once historiadores nacionales y extranjeros, quienes analizar\u00e1n diversas tem\u00e1ticas relacionadas con la ocupaci\u00f3n militar estadounidense y tendr\u00e1 como tema central \u00ab<strong><em>12 de julio de 1924 &#8211; 12 de julio de 2024: Primer centenario de la desocupaci\u00f3n estadounidense del territorio dominicano. Ense\u00f1anzas de una negociaci\u00f3n pactada.\u00bb<\/em><\/strong><\/p>\n<p style=\"text-align: justify;\">El enfoque principal del evento ser\u00e1 el proceso de las negociaciones entre representantes dominicanos y estadounidenses que culminaron con la evacuaci\u00f3n del territorio nacional en julio de 1924, as\u00ed como las consecuencias de la ocupaci\u00f3n militar iniciada en mayo de 1916 en la sociedad dominicana.<\/p>\n<p style=\"text-align: justify;\">Este congreso es celebrado por la secci\u00f3n nacional del Instituto Panamericano de Geograf\u00eda e Historia, el Archivo General de la Naci\u00f3n, la Academia Dominicana de la Historia, el Museo Nacional de Historia y Geograf\u00eda, la Facultad de Ciencias de la Universidad Aut\u00f3noma de Santo Domingo (UASD) y el Plan LEA de la Editora List\u00edn Diario.<\/p>\n<p>Fuente: IPGH<\/p>\n","protected":false},"excerpt":{"rendered":"<p>Santo Domingo. &#8211; La Secci\u00f3n Nacional Dominicana del Instituto Panamericano de Geograf\u00eda e Historia (IPGH),<\/p>\n","protected":false},"author":4,"featured_media":0,"comment_status":"open","ping_status":"open","sticky":false,"template":"","format":"standard","meta":{"footnotes":""},"categories":[7],"tags":[],"class_list":["post-20456","post","type-post","status-publish","format-standard","hentry","category-nacionales"],"_links":{"self":[{"href":"https:\/\/defrentealaverdad.com\/index.php\/wp-json\/wp\/v2\/posts\/20456","targetHints":{"allow":["GET"]}}],"collection":[{"href":"https:\/\/defrentealaverdad.com\/index.php\/wp-json\/wp\/v2\/posts"}],"about":[{"href":"https:\/\/defrentealaverdad.com\/index.php\/wp-json\/wp\/v2\/types\/post"}],"author":[{"embeddable":true,"href":"https:\/\/defrentealaverdad.com\/index.php\/wp-json\/wp\/v2\/users\/4"}],"replies":[{"embeddable":true,"href":"https:\/\/defrentealaverdad.com\/index.php\/wp-json\/wp\/v2\/comments?post=20456"}],"version-history":[{"count":3,"href":"https:\/\/defrentealaverdad.com\/index.php\/wp-json\/wp\/v2\/posts\/20456\/revisions"}],"predecessor-version":[{"id":20460,"href":"https:\/\/defrentealaverdad.com\/index.php\/wp-json\/wp\/v2\/posts\/20456\/revisions\/20460"}],"wp:attachment":[{"href":"https:\/\/defrentealaverdad.com\/index.php\/wp-json\/wp\/v2\/media?parent=20456"}],"wp:term":[{"taxonomy":"category","embeddable":true,"href":"https:\/\/defrentealaverdad.com\/index.php\/wp-json\/wp\/v2\/categories?post=20456"},{"taxonomy":"post_tag","embeddable":true,"href":"https:\/\/defrentealaverdad.com\/index.php\/wp-json\/wp\/v2\/tags?post=20456"}],"curies":[{"name":"wp","href":"https:\/\/api.w.org\/{rel}","templated":true}]}}