{"id":20417,"date":"2024-07-11T16:57:24","date_gmt":"2024-07-11T16:57:24","guid":{"rendered":"https:\/\/defrentealaverdad.com\/?p=20417"},"modified":"2024-07-13T17:00:43","modified_gmt":"2024-07-13T17:00:43","slug":"la-universidad-ute-y-el-ministerio-de-defensa-ratifican-acuerdo-de-cooperacion-academica","status":"publish","type":"post","link":"https:\/\/defrentealaverdad.com\/index.php\/2024\/07\/11\/la-universidad-ute-y-el-ministerio-de-defensa-ratifican-acuerdo-de-cooperacion-academica\/","title":{"rendered":"La Universidad UTE y el Ministerio de Defensa ratifican acuerdo de cooperaci\u00f3n acad\u00e9mica."},"content":{"rendered":"<p>Por F\u00e9lix Rubio<\/p>\n<p style=\"text-align: justify;\">\u00a0<img decoding=\"async\" class=\"size-medium wp-image-20419 alignleft lazyload\" data-src=\"https:\/\/defrentealaverdad.com\/wp-content\/uploads\/2024\/07\/IMG-20240711-WA0174-300x169.jpg\" alt=\"\" width=\"300\" height=\"169\" data-srcset=\"https:\/\/defrentealaverdad.com\/wp-content\/uploads\/2024\/07\/IMG-20240711-WA0174-300x169.jpg 300w, https:\/\/defrentealaverdad.com\/wp-content\/uploads\/2024\/07\/IMG-20240711-WA0174-1024x575.jpg 1024w, https:\/\/defrentealaverdad.com\/wp-content\/uploads\/2024\/07\/IMG-20240711-WA0174-768x432.jpg 768w, https:\/\/defrentealaverdad.com\/wp-content\/uploads\/2024\/07\/IMG-20240711-WA0174-1536x863.jpg 1536w, https:\/\/defrentealaverdad.com\/wp-content\/uploads\/2024\/07\/IMG-20240711-WA0174-800x450.jpg 800w, https:\/\/defrentealaverdad.com\/wp-content\/uploads\/2024\/07\/IMG-20240711-WA0174.jpg 1600w\" data-sizes=\"(max-width: 300px) 100vw, 300px\" src=\"data:image\/svg+xml;base64,PHN2ZyB3aWR0aD0iMSIgaGVpZ2h0PSIxIiB4bWxucz0iaHR0cDovL3d3dy53My5vcmcvMjAwMC9zdmciPjwvc3ZnPg==\" style=\"--smush-placeholder-width: 300px; --smush-placeholder-aspect-ratio: 300\/169;\" \/>\u00a0Santo Domingo. La Universidad UTE y el Ministerio de Defensa a trav\u00e9s de la Universidad Nacional para la Defensa \u00abGeneral Juan Pablo Duarte y Diez\u00bb, reafirmaron el acuerdo institucional de cooperaci\u00f3n acad\u00e9mica, que permite que los miembros activos y pensionados de la Fuerzas Armadas puedan tener becas y facilidades educativas para cursar una carrera.<\/p>\n<p style=\"text-align: justify;\">El acuerdo fue firmado por la Rectora de la Universidad UTE, maestra Altagracia N\u00fa\u00f1ez Batista, el Ministro de Defensa Teniente General Carlos Luciano D\u00edaz Morfa y el Rector de la Universidad Nacional para la Defensa, Mayor General Francisco Antonio Ovalle Pichardo.<\/p>\n<p><img decoding=\"async\" class=\"size-medium wp-image-20418 alignleft lazyload\" data-src=\"https:\/\/defrentealaverdad.com\/wp-content\/uploads\/2024\/07\/IMG-20240711-WA0175-300x225.jpg\" alt=\"\" width=\"300\" height=\"225\" data-srcset=\"https:\/\/defrentealaverdad.com\/wp-content\/uploads\/2024\/07\/IMG-20240711-WA0175-300x225.jpg 300w, https:\/\/defrentealaverdad.com\/wp-content\/uploads\/2024\/07\/IMG-20240711-WA0175-1024x768.jpg 1024w, https:\/\/defrentealaverdad.com\/wp-content\/uploads\/2024\/07\/IMG-20240711-WA0175-768x576.jpg 768w, https:\/\/defrentealaverdad.com\/wp-content\/uploads\/2024\/07\/IMG-20240711-WA0175-1536x1152.jpg 1536w, https:\/\/defrentealaverdad.com\/wp-content\/uploads\/2024\/07\/IMG-20240711-WA0175-720x540.jpg 720w, https:\/\/defrentealaverdad.com\/wp-content\/uploads\/2024\/07\/IMG-20240711-WA0175.jpg 1600w\" data-sizes=\"(max-width: 300px) 100vw, 300px\" src=\"data:image\/svg+xml;base64,PHN2ZyB3aWR0aD0iMSIgaGVpZ2h0PSIxIiB4bWxucz0iaHR0cDovL3d3dy53My5vcmcvMjAwMC9zdmciPjwvc3ZnPg==\" style=\"--smush-placeholder-width: 300px; --smush-placeholder-aspect-ratio: 300\/225;\" \/><\/p>\n<p style=\"text-align: justify;\">La Maestra Altagracia N\u00fa\u00f1ez Batista, afirm\u00f3 que para la UTE es de gran regocijo fortalecer las relaciones, ya que este convenio contribuye a la formaci\u00f3n y actualizaci\u00f3n acad\u00e9mica de los integrantes de las Fuerzas Armas.<\/p>\n<blockquote>\n<p style=\"text-align: justify;\">\u00abResalt\u00f3 que la Universidad UTE al ser la primera instituci\u00f3n de Educaci\u00f3n Superior en la Republica Dominicana con el Modelo Andrag\u00f3gico, desde sus inicios le ha venido dando oportunidad de superaci\u00f3n a esos militares que por compromisos no hab\u00edan podido concluir una carrera\u00bb<\/p>\n<\/blockquote>\n<p style=\"text-align: justify;\">El Ministro de Defensa Teniente General Carlos Luciano D\u00edaz Morfa, resalt\u00f3 la importancia de esta colaboraci\u00f3n mutua entre las instituciones, ya que la Universidad UTE tiene una cantidad significativa de egresados pertenecientes a las Fuerzas Armadas.<\/p>\n<blockquote>\n<p style=\"text-align: justify;\">\u00abEsta ceremonia constituye una memorable ocasi\u00f3n para resaltar los valiosos aportes y la voluntad de la UTE y el Ministerio de Defensa al progreso, bienestar, superaci\u00f3n y la defensa de la patria con la forja de ciudadanos comprometidos con valores \u00e9ticos indispensables para alcanzar las altas metas a la que aspiramos todos\u00bb- Ministro de Defensa.<\/p>\n<\/blockquote>\n<p style=\"text-align: justify;\">Mientras que el Rector de la Universidad Nacional para la Defensa, Mayor General Francisco Antonio Ovalle Pichardo, agradeci\u00f3 la apertura que ha tenido la UTE para que los militares se puedan profesionalizar en esa casa de altos estudios.<img decoding=\"async\" class=\"size-medium wp-image-20420 alignright lazyload\" data-src=\"https:\/\/defrentealaverdad.com\/wp-content\/uploads\/2024\/07\/IMG-20240711-WA0173-300x200.jpg\" alt=\"\" width=\"300\" height=\"200\" data-srcset=\"https:\/\/defrentealaverdad.com\/wp-content\/uploads\/2024\/07\/IMG-20240711-WA0173-300x200.jpg 300w, https:\/\/defrentealaverdad.com\/wp-content\/uploads\/2024\/07\/IMG-20240711-WA0173-1024x682.jpg 1024w, https:\/\/defrentealaverdad.com\/wp-content\/uploads\/2024\/07\/IMG-20240711-WA0173-768x511.jpg 768w, https:\/\/defrentealaverdad.com\/wp-content\/uploads\/2024\/07\/IMG-20240711-WA0173-1536x1022.jpg 1536w, https:\/\/defrentealaverdad.com\/wp-content\/uploads\/2024\/07\/IMG-20240711-WA0173.jpg 1600w\" data-sizes=\"(max-width: 300px) 100vw, 300px\" src=\"data:image\/svg+xml;base64,PHN2ZyB3aWR0aD0iMSIgaGVpZ2h0PSIxIiB4bWxucz0iaHR0cDovL3d3dy53My5vcmcvMjAwMC9zdmciPjwvc3ZnPg==\" style=\"--smush-placeholder-width: 300px; --smush-placeholder-aspect-ratio: 300\/200;\" \/><\/p>\n<p style=\"text-align: justify;\">Mediante este acuerdo la Universidad UTE, se compromete a propiciar formaci\u00f3n acad\u00e9mica y apoyo a los miembros de las Fuerzas Armadas y a sus familiares directos, con asiento en los lugares donde est\u00e9n ubicados la sede y\/o los recintos de esta instituci\u00f3n. Las modalidades de estudios abarcar\u00e1n los niveles de Educaci\u00f3n Superior, Grado y Postgrado.<\/p>\n<p>Fuente: Prensa MIDE<\/p>\n","protected":false},"excerpt":{"rendered":"<p>Por F\u00e9lix Rubio \u00a0\u00a0Santo Domingo. La Universidad UTE y el Ministerio de Defensa a trav\u00e9s<\/p>\n","protected":false},"author":1,"featured_media":0,"comment_status":"open","ping_status":"open","sticky":false,"template":"","format":"standard","meta":{"footnotes":""},"categories":[7],"tags":[],"class_list":["post-20417","post","type-post","status-publish","format-standard","hentry","category-nacionales"],"_links":{"self":[{"href":"https:\/\/defrentealaverdad.com\/index.php\/wp-json\/wp\/v2\/posts\/20417","targetHints":{"allow":["GET"]}}],"collection":[{"href":"https:\/\/defrentealaverdad.com\/index.php\/wp-json\/wp\/v2\/posts"}],"about":[{"href":"https:\/\/defrentealaverdad.com\/index.php\/wp-json\/wp\/v2\/types\/post"}],"author":[{"embeddable":true,"href":"https:\/\/defrentealaverdad.com\/index.php\/wp-json\/wp\/v2\/users\/1"}],"replies":[{"embeddable":true,"href":"https:\/\/defrentealaverdad.com\/index.php\/wp-json\/wp\/v2\/comments?post=20417"}],"version-history":[{"count":1,"href":"https:\/\/defrentealaverdad.com\/index.php\/wp-json\/wp\/v2\/posts\/20417\/revisions"}],"predecessor-version":[{"id":20421,"href":"https:\/\/defrentealaverdad.com\/index.php\/wp-json\/wp\/v2\/posts\/20417\/revisions\/20421"}],"wp:attachment":[{"href":"https:\/\/defrentealaverdad.com\/index.php\/wp-json\/wp\/v2\/media?parent=20417"}],"wp:term":[{"taxonomy":"category","embeddable":true,"href":"https:\/\/defrentealaverdad.com\/index.php\/wp-json\/wp\/v2\/categories?post=20417"},{"taxonomy":"post_tag","embeddable":true,"href":"https:\/\/defrentealaverdad.com\/index.php\/wp-json\/wp\/v2\/tags?post=20417"}],"curies":[{"name":"wp","href":"https:\/\/api.w.org\/{rel}","templated":true}]}}