{"id":20398,"date":"2024-07-11T16:43:51","date_gmt":"2024-07-11T16:43:51","guid":{"rendered":"https:\/\/defrentealaverdad.com\/?p=20398"},"modified":"2024-07-13T16:47:27","modified_gmt":"2024-07-13T16:47:27","slug":"gala-del-premio-mujeres-que-inspiran-reconoce-aportes-y-diversidad-de-cinco-grandes-profesionales","status":"publish","type":"post","link":"https:\/\/defrentealaverdad.com\/index.php\/2024\/07\/11\/gala-del-premio-mujeres-que-inspiran-reconoce-aportes-y-diversidad-de-cinco-grandes-profesionales\/","title":{"rendered":"Gala del Premio Mujeres que Inspiran reconoce aportes y diversidad de cinco grandes profesionales"},"content":{"rendered":"<blockquote>\n<p style=\"text-align: justify;\">El 8 de julio de 2024 se celebr\u00f3 la primera edici\u00f3n de los premios creados por Emelyn Baldera, conducidos por Jatnna Tav\u00e1rez y producci\u00f3n de Elka N\u00fa\u00f1ez<\/p>\n<\/blockquote>\n<p style=\"text-align: justify;\">\u00a0El Premio Mujeres que Inspiran reconoci\u00f3 en su primera edici\u00f3n anual a cinco<img decoding=\"async\" class=\"size-medium wp-image-20399 alignright lazyload\" data-src=\"https:\/\/defrentealaverdad.com\/wp-content\/uploads\/2024\/07\/Screenshot_2024-07-13_130811-300x166.png\" alt=\"\" width=\"300\" height=\"166\" data-srcset=\"https:\/\/defrentealaverdad.com\/wp-content\/uploads\/2024\/07\/Screenshot_2024-07-13_130811-300x166.png 300w, https:\/\/defrentealaverdad.com\/wp-content\/uploads\/2024\/07\/Screenshot_2024-07-13_130811-1024x566.png 1024w, https:\/\/defrentealaverdad.com\/wp-content\/uploads\/2024\/07\/Screenshot_2024-07-13_130811-768x425.png 768w, https:\/\/defrentealaverdad.com\/wp-content\/uploads\/2024\/07\/Screenshot_2024-07-13_130811.png 1080w\" data-sizes=\"(max-width: 300px) 100vw, 300px\" src=\"data:image\/svg+xml;base64,PHN2ZyB3aWR0aD0iMSIgaGVpZ2h0PSIxIiB4bWxucz0iaHR0cDovL3d3dy53My5vcmcvMjAwMC9zdmciPjwvc3ZnPg==\" style=\"--smush-placeholder-width: 300px; --smush-placeholder-aspect-ratio: 300\/166;\" \/> personalidades que, desde la diversidad profesional y personal, consagraron sus vidas cohesionando esfuerzos para aportar en cada uno de su ciclo al desarrollo integral de la Rep\u00fablica Dominicana.<\/p>\n<p style=\"text-align: justify;\">En la gala de la premiaci\u00f3n, creada por la periodista y comunicadora Emelyn Baldera, se honr\u00f3 con el m\u00e1ximo galard\u00f3n la trayectoria profesional de Milady de Cabral, comunicadora y pionera a principios de los 80 de los programas matutinos de televisi\u00f3n de corte pol\u00edtico.<\/p>\n<p style=\"text-align: justify;\">Esta primera edici\u00f3n sirvi\u00f3 de escenario para enaltecer los aportes en el campo de la filantrop\u00eda de Rosa Margarita Bonetti de Santana, vicepresidenta del consejo de directores del Grupo Propagas y presidenta de la Fundaci\u00f3n Propagas; y de la misma manera se reconoci\u00f3 a la educadora Rosa Mercedes Garc\u00eda Crespo, por sus aportes en el sector social y cultural en Puerto Plata.<\/p>\n<p style=\"text-align: justify;\">La selecci\u00f3n de los cinco perfiles que recibieron el Premio Mujeres que Inspiran 2024, elegidas por el Consejo Directivo entre m\u00e1s de 200 postulaciones sometidas a la plataforma creada para inmortalizar estas historias de \u00e9xito, la completaron la arquitecta Fanny Zuleyka Guzm\u00e1n, mujer resiliente, ejemplo para todas aquellas que alcanzan las alturas viniendo desde abajo; y la alpinista Thais Herrera, emprendedora, conferencista y primera dominicana en escalar la cima del monte Everest.<\/p>\n<p><img decoding=\"async\" class=\"size-medium wp-image-20404 alignright lazyload\" data-src=\"https:\/\/defrentealaverdad.com\/wp-content\/uploads\/2024\/07\/Screenshot_2024-07-13_130742-300x194.png\" alt=\"\" width=\"300\" height=\"194\" data-srcset=\"https:\/\/defrentealaverdad.com\/wp-content\/uploads\/2024\/07\/Screenshot_2024-07-13_130742-300x194.png 300w, https:\/\/defrentealaverdad.com\/wp-content\/uploads\/2024\/07\/Screenshot_2024-07-13_130742-1024x664.png 1024w, https:\/\/defrentealaverdad.com\/wp-content\/uploads\/2024\/07\/Screenshot_2024-07-13_130742-768x498.png 768w, https:\/\/defrentealaverdad.com\/wp-content\/uploads\/2024\/07\/Screenshot_2024-07-13_130742.png 1046w\" data-sizes=\"(max-width: 300px) 100vw, 300px\" src=\"data:image\/svg+xml;base64,PHN2ZyB3aWR0aD0iMSIgaGVpZ2h0PSIxIiB4bWxucz0iaHR0cDovL3d3dy53My5vcmcvMjAwMC9zdmciPjwvc3ZnPg==\" style=\"--smush-placeholder-width: 300px; --smush-placeholder-aspect-ratio: 300\/194;\" \/><\/p>\n<p style=\"text-align: justify;\">La concepci\u00f3n de este premio, que desde su primera edici\u00f3n ha sido abrazado por la comunidad femenina como una meta aspiracional, es una idea que se le ocurre a su creadora en un momento que siente necesidad de aportar y agradecer. \u00abEs justo en esta etapa de mi vida cuando puedo decir que estoy haciendo lo que realmente me apasiona: visibilizar el relato, las vicisitudes y el \u00e9xito de mujeres con historias admirables, puesto que triunfaron en cada uno de sus campos con esfuerzo, trabajo, disciplina, amor, entrega y compromiso\u00bb, coment\u00f3 en su discurso Emelyn Baldera, productora ejecutiva del galard\u00f3n que cont\u00f3 con el patrocinio del Banco Popular, Cervecer\u00eda Nacional Dominicana, La Colonial, Promipyme, Programa Sup\u00e9rate, Daunny Studio, Lendof &amp; Asocs, Fresco Studio, Jhonaly Makeup Studio, D\u2019Licianthus, United Brands, Autoridad Portuaria, Promipyme y Superintendencia de Bancos.<\/p>\n<p style=\"text-align: justify;\">El Premio Mujeres que Inspiran se llev\u00f3 a cabo en el sal\u00f3n Churchill del Hotel Intercontinental, en una gala emotiva y espectacular producida por Elka N\u00fa\u00f1ez y la empresa Resolto, respaldada por un equipo integrado casi en su totalidad por un personal femenino. La alfombra roja del galard\u00f3n cont\u00f3 con la conducci\u00f3n de la comunicadora Jenny Blanco.<\/p>\n<p style=\"text-align: justify;\">La conducci\u00f3n estuvo a cargo de la reconocida comunicadora Jatnna Tav\u00e1rez, quien desde que se anunci\u00f3 lo ha abrazado como un proyecto propio. En el galard\u00f3n estuvieron presentes figuras y personalidades de diferentes sectores de la sociedad dominicana, entre ellos la ministra de la Mujer, Mayra Jim\u00e9nez, la directora del programa Sup\u00e9rate, Gloria Reyes, la presidenta del Parlacen, Silvia Garc\u00eda, as\u00ed como los artistas, Olga Lara, Kinito M\u00e9ndez, Henry Garc\u00eda, la general de la Polic\u00eda Nacional Yanet Jim\u00e9nez, la magistrada del Tribunal Constitucional, Eunisis V\u00e1squez, Jos\u00e9 M\u00e1rmol, ejecutivo del Banco Popular, Carolina Delgado por Cervecer\u00eda Nacional Dominicana, la dirigente pol\u00edtica Zoraima Cuello, entre otros.<\/p>\n<p style=\"text-align: justify;\">La producci\u00f3n honr\u00f3 a las cinco reconocidas y a la audiencia con una vibrante puesta en escena que inici\u00f3 con Cinthya Montero interpretando \u00abToda mujer\u00bb, composici\u00f3n de su autor\u00eda elegida como canci\u00f3n oficial del premio entre m\u00e1s de 20 temas sometidos a la convocatoria.<\/p>\n<p style=\"text-align: justify;\">La incomparable Adalgisa Pantale\u00f3n ofreci\u00f3 una interpretaci\u00f3n memorable del cl\u00e1sico \u00abTodo a pulm\u00f3n\u00bb, y Martha Heredia volvi\u00f3 a demostrar su gran capacidad art\u00edstica abrazando la desafiante canci\u00f3n \u00abCreo en m\u00ed\u00bb. Cada momento musical arranc\u00f3 aplausos en\u00e9rgicos, como tambi\u00e9n consiguieron la participaci\u00f3n de Neni Pi\u00f3n cuando cant\u00f3 \u00abPor las veces\u00bb.<\/p>\n<p style=\"text-align: justify;\">Y es que la selecci\u00f3n musical y la apuesta de cada una de las artistas \u2013complementadas con un satisfactorio trabajo en la producci\u00f3n de Antonio Gonz\u00e1lez\u2013 sintoniz\u00f3 con las historias de estas mujeres. El cierre de la gala puso al p\u00fablico de pie, cuando salieron a escena Glen\u2019s La Intensa, la saxofonista Nayade Macea para sumarse a Martha Heredia, Adalgisa Pantale\u00f3n, Neni Pi\u00f3n y Cinthya Montero para el n\u00famero \u00abElla\u00bb que puso la nota bien alta.<\/p>\n<p style=\"text-align: justify;\">La primera gala del PMQI fue posible, adem\u00e1s, al patrocinio del Banco Popular, Cervecer\u00eda Nacional Dominicana, La Colonial, Promipyme, Sup\u00e9rate, Daunny Studio, Lendof &amp; Asocs, Fresco Studio, Jhonaly Makeup Studio, D\u2019Licianthus, United Brands, Autoridad Portuaria, Superintendencia de Bancos y Promipyme.<\/p>\n<p>Fuente: Gala de la Mujer<\/p>\n","protected":false},"excerpt":{"rendered":"<p>El 8 de julio de 2024 se celebr\u00f3 la primera edici\u00f3n de los premios creados<\/p>\n","protected":false},"author":2,"featured_media":0,"comment_status":"open","ping_status":"open","sticky":false,"template":"","format":"standard","meta":{"footnotes":""},"categories":[13],"tags":[],"class_list":["post-20398","post","type-post","status-publish","format-standard","hentry","category-sociales"],"_links":{"self":[{"href":"https:\/\/defrentealaverdad.com\/index.php\/wp-json\/wp\/v2\/posts\/20398","targetHints":{"allow":["GET"]}}],"collection":[{"href":"https:\/\/defrentealaverdad.com\/index.php\/wp-json\/wp\/v2\/posts"}],"about":[{"href":"https:\/\/defrentealaverdad.com\/index.php\/wp-json\/wp\/v2\/types\/post"}],"author":[{"embeddable":true,"href":"https:\/\/defrentealaverdad.com\/index.php\/wp-json\/wp\/v2\/users\/2"}],"replies":[{"embeddable":true,"href":"https:\/\/defrentealaverdad.com\/index.php\/wp-json\/wp\/v2\/comments?post=20398"}],"version-history":[{"count":4,"href":"https:\/\/defrentealaverdad.com\/index.php\/wp-json\/wp\/v2\/posts\/20398\/revisions"}],"predecessor-version":[{"id":20405,"href":"https:\/\/defrentealaverdad.com\/index.php\/wp-json\/wp\/v2\/posts\/20398\/revisions\/20405"}],"wp:attachment":[{"href":"https:\/\/defrentealaverdad.com\/index.php\/wp-json\/wp\/v2\/media?parent=20398"}],"wp:term":[{"taxonomy":"category","embeddable":true,"href":"https:\/\/defrentealaverdad.com\/index.php\/wp-json\/wp\/v2\/categories?post=20398"},{"taxonomy":"post_tag","embeddable":true,"href":"https:\/\/defrentealaverdad.com\/index.php\/wp-json\/wp\/v2\/tags?post=20398"}],"curies":[{"name":"wp","href":"https:\/\/api.w.org\/{rel}","templated":true}]}}