{"id":20392,"date":"2024-07-10T16:32:41","date_gmt":"2024-07-10T16:32:41","guid":{"rendered":"https:\/\/defrentealaverdad.com\/?p=20392"},"modified":"2024-07-13T16:34:27","modified_gmt":"2024-07-13T16:34:27","slug":"manny-cruz-y-zacarias-ferreira-estrenan-bachata-la-condena","status":"publish","type":"post","link":"https:\/\/defrentealaverdad.com\/index.php\/2024\/07\/10\/manny-cruz-y-zacarias-ferreira-estrenan-bachata-la-condena\/","title":{"rendered":"Manny Cruz y Zacar\u00edas Ferreira estrenan bachata \u00abLa Condena\u00bb"},"content":{"rendered":"<blockquote><p>Una emotiva bachata escrita por el mismo Manny Cruz y su hermano Daniel Santacruz<\/p><\/blockquote>\n<p style=\"text-align: justify;\">Santo Domingo. \u2014Manny Cruz present\u00f3 el nuevo audiovisual del tema \u201cLa Condena\u201d, una colaboraci\u00f3n con el destacado bachatero dominicano Zacar\u00edas Ferreira.<\/p>\n<p><img decoding=\"async\" class=\"size-medium wp-image-20393 alignleft lazyload\" data-src=\"https:\/\/defrentealaverdad.com\/wp-content\/uploads\/2024\/07\/IMG-20240710-WA0035-261x300.jpg\" alt=\"\" width=\"261\" height=\"300\" data-srcset=\"https:\/\/defrentealaverdad.com\/wp-content\/uploads\/2024\/07\/IMG-20240710-WA0035-261x300.jpg 261w, https:\/\/defrentealaverdad.com\/wp-content\/uploads\/2024\/07\/IMG-20240710-WA0035-890x1024.jpg 890w, https:\/\/defrentealaverdad.com\/wp-content\/uploads\/2024\/07\/IMG-20240710-WA0035-768x884.jpg 768w, https:\/\/defrentealaverdad.com\/wp-content\/uploads\/2024\/07\/IMG-20240710-WA0035-1335x1536.jpg 1335w, https:\/\/defrentealaverdad.com\/wp-content\/uploads\/2024\/07\/IMG-20240710-WA0035-1780x2048.jpg 1780w\" data-sizes=\"(max-width: 261px) 100vw, 261px\" src=\"data:image\/svg+xml;base64,PHN2ZyB3aWR0aD0iMSIgaGVpZ2h0PSIxIiB4bWxucz0iaHR0cDovL3d3dy53My5vcmcvMjAwMC9zdmciPjwvc3ZnPg==\" style=\"--smush-placeholder-width: 261px; --smush-placeholder-aspect-ratio: 261\/300;\" \/><\/p>\n<p style=\"text-align: justify;\">El memorable junte que promete conquistar los corazones de sus seguidores, es una canci\u00f3n rom\u00e1ntica que habla de los altibajos del amor, donde a ritmo de bachata, se combina la inconfundible voz de Zacar\u00edas Ferreira con el estilo \u00fanico de Manny Cruz.<\/p>\n<blockquote>\n<p style=\"text-align: justify;\">\u201cTrabajar este hermoso tema con Manny, un artista de la nueva generaci\u00f3n que est\u00e1 dejando su huella de calidad ha sido una gran experiencia para m\u00ed. Adem\u00e1s, filmar el video en Moca, donde est\u00e1 gran parte de mi coraz\u00f3n, es otro privilegio que me ha dado esta carrera. Espero les guste y sobre todo, la disfruten\u201d. coment\u00f3 Zacar\u00edas.<\/p>\n<\/blockquote>\n<p style=\"text-align: justify;\">Cuenta con una producci\u00f3n musical de Antonio Gonz\u00e1lez y el video oficial dirigido por Freddy Vargas, donde Manny contin\u00faa con la misi\u00f3n de mostrar a sus seguidores internacionales la belleza de cada rinc\u00f3n de su pa\u00eds con cada video musical que ha lanzado luego de su gran \u00e9xito \u201cSanto Domingo\u201d, para que as\u00ed descubran y aprecien la diversidad y el esplendor de su tierra natal.<\/p>\n<blockquote>\n<p style=\"text-align: justify;\">\u201cEstoy muy emocionado de compartir este tema con mi p\u00fablico. Trabajar junto a Zacar\u00edas ha sido un honor, y poder grabar en Moca, un lugar tan hermoso y lleno de historia, hace que este proyecto sea a\u00fan m\u00e1s especial.\u201d destac\u00f3 Cruz sobre el sencillo compuesto en colaboraci\u00f3n con su hermano Daniel Santacruz para su disco \u201cCuatro 26\u201d, nominado al Latin Grammy.<\/p>\n<\/blockquote>\n<p style=\"text-align: justify;\">Este videoclip ya est\u00e1 disponible en el canal oficial de YouTube de Manny Cruz y la canci\u00f3n tambi\u00e9n est\u00e1 disponible en todas las plataformas digitales de m\u00fasica.<\/p>\n<p>Fuente: Equipo Manny Cruz<\/p>\n","protected":false},"excerpt":{"rendered":"<p>Una emotiva bachata escrita por el mismo Manny Cruz y su hermano Daniel Santacruz Santo<\/p>\n","protected":false},"author":4,"featured_media":0,"comment_status":"open","ping_status":"open","sticky":false,"template":"","format":"standard","meta":{"footnotes":""},"categories":[6],"tags":[],"class_list":["post-20392","post","type-post","status-publish","format-standard","hentry","category-espectaculos"],"_links":{"self":[{"href":"https:\/\/defrentealaverdad.com\/index.php\/wp-json\/wp\/v2\/posts\/20392","targetHints":{"allow":["GET"]}}],"collection":[{"href":"https:\/\/defrentealaverdad.com\/index.php\/wp-json\/wp\/v2\/posts"}],"about":[{"href":"https:\/\/defrentealaverdad.com\/index.php\/wp-json\/wp\/v2\/types\/post"}],"author":[{"embeddable":true,"href":"https:\/\/defrentealaverdad.com\/index.php\/wp-json\/wp\/v2\/users\/4"}],"replies":[{"embeddable":true,"href":"https:\/\/defrentealaverdad.com\/index.php\/wp-json\/wp\/v2\/comments?post=20392"}],"version-history":[{"count":1,"href":"https:\/\/defrentealaverdad.com\/index.php\/wp-json\/wp\/v2\/posts\/20392\/revisions"}],"predecessor-version":[{"id":20394,"href":"https:\/\/defrentealaverdad.com\/index.php\/wp-json\/wp\/v2\/posts\/20392\/revisions\/20394"}],"wp:attachment":[{"href":"https:\/\/defrentealaverdad.com\/index.php\/wp-json\/wp\/v2\/media?parent=20392"}],"wp:term":[{"taxonomy":"category","embeddable":true,"href":"https:\/\/defrentealaverdad.com\/index.php\/wp-json\/wp\/v2\/categories?post=20392"},{"taxonomy":"post_tag","embeddable":true,"href":"https:\/\/defrentealaverdad.com\/index.php\/wp-json\/wp\/v2\/tags?post=20392"}],"curies":[{"name":"wp","href":"https:\/\/api.w.org\/{rel}","templated":true}]}}