{"id":20366,"date":"2024-07-10T16:04:53","date_gmt":"2024-07-10T16:04:53","guid":{"rendered":"https:\/\/defrentealaverdad.com\/?p=20366"},"modified":"2024-07-13T16:06:50","modified_gmt":"2024-07-13T16:06:50","slug":"la-dra-irka-pena-ofrece-conferencia-magistral-mama-en-camino","status":"publish","type":"post","link":"https:\/\/defrentealaverdad.com\/index.php\/2024\/07\/10\/la-dra-irka-pena-ofrece-conferencia-magistral-mama-en-camino\/","title":{"rendered":"La Dra. Irka Pe\u00f1a Ofrece Conferencia Magistral \u00abMam\u00e1 en Camino\u00bb"},"content":{"rendered":"<p><img decoding=\"async\" class=\"size-medium wp-image-20368 alignright lazyload\" data-src=\"https:\/\/defrentealaverdad.com\/wp-content\/uploads\/2024\/07\/IMG-20240709-WA0197-300x169.jpg\" alt=\"\" width=\"300\" height=\"169\" data-srcset=\"https:\/\/defrentealaverdad.com\/wp-content\/uploads\/2024\/07\/IMG-20240709-WA0197-300x169.jpg 300w, https:\/\/defrentealaverdad.com\/wp-content\/uploads\/2024\/07\/IMG-20240709-WA0197-1024x576.jpg 1024w, https:\/\/defrentealaverdad.com\/wp-content\/uploads\/2024\/07\/IMG-20240709-WA0197-768x432.jpg 768w, https:\/\/defrentealaverdad.com\/wp-content\/uploads\/2024\/07\/IMG-20240709-WA0197-1536x864.jpg 1536w, https:\/\/defrentealaverdad.com\/wp-content\/uploads\/2024\/07\/IMG-20240709-WA0197-800x450.jpg 800w, https:\/\/defrentealaverdad.com\/wp-content\/uploads\/2024\/07\/IMG-20240709-WA0197.jpg 1600w\" data-sizes=\"(max-width: 300px) 100vw, 300px\" src=\"data:image\/svg+xml;base64,PHN2ZyB3aWR0aD0iMSIgaGVpZ2h0PSIxIiB4bWxucz0iaHR0cDovL3d3dy53My5vcmcvMjAwMC9zdmciPjwvc3ZnPg==\" style=\"--smush-placeholder-width: 300px; --smush-placeholder-aspect-ratio: 300\/169;\" \/>El pasado s\u00e1bado 6 de julio, el restaurante La Locanda de Piantini fue el escenario de la conferencia magistral \u00abMam\u00e1 en Camino\u00bb, impartida por la reconocida Dra. Irka Pe\u00f1a. Este evento, dise\u00f1ado para educar a las futuras madres sobre la preparaci\u00f3n al parto y la lactancia materna, reuni\u00f3 a un nutrido grupo de asistentes interesados en aprender t\u00e9cnicas esenciales para un embarazo y postparto sin complicaciones, as\u00ed como una lactancia consciente.<\/p>\n<p style=\"text-align: justify;\">Durante la charla, la Dra. Pe\u00f1a abord\u00f3 temas fundamentales para las futuras madres, tales como llevar una labor de parto, ces\u00e1rea y lactancia materna sin complicaciones, adem\u00e1s de desarrollar t\u00e9cnicas de cuidados al beb\u00e9 y a la madre. Enfatiz\u00f3 en la importancia de los cuidados tanto durante como despu\u00e9s del parto y la lactancia, proporcionando herramientas y conocimientos que permiten a las madres y sus reci\u00e9n nacidos disfrutar de una experiencia saludable y plena.<\/p>\n<p style=\"text-align: justify;\">La Dra. Pe\u00f1a anunci\u00f3 que estas charlas y conferencias se realizar\u00e1n cada seis meses, dirigidas a sus pacientes embarazadas. <img decoding=\"async\" class=\"size-medium wp-image-20367 alignleft lazyload\" data-src=\"https:\/\/defrentealaverdad.com\/wp-content\/uploads\/2024\/07\/IMG-20240709-WA0196-300x169.jpg\" alt=\"\" width=\"300\" height=\"169\" data-srcset=\"https:\/\/defrentealaverdad.com\/wp-content\/uploads\/2024\/07\/IMG-20240709-WA0196-300x169.jpg 300w, https:\/\/defrentealaverdad.com\/wp-content\/uploads\/2024\/07\/IMG-20240709-WA0196-1024x576.jpg 1024w, https:\/\/defrentealaverdad.com\/wp-content\/uploads\/2024\/07\/IMG-20240709-WA0196-768x432.jpg 768w, https:\/\/defrentealaverdad.com\/wp-content\/uploads\/2024\/07\/IMG-20240709-WA0196-1536x864.jpg 1536w, https:\/\/defrentealaverdad.com\/wp-content\/uploads\/2024\/07\/IMG-20240709-WA0196-800x450.jpg 800w, https:\/\/defrentealaverdad.com\/wp-content\/uploads\/2024\/07\/IMG-20240709-WA0196.jpg 1600w\" data-sizes=\"(max-width: 300px) 100vw, 300px\" src=\"data:image\/svg+xml;base64,PHN2ZyB3aWR0aD0iMSIgaGVpZ2h0PSIxIiB4bWxucz0iaHR0cDovL3d3dy53My5vcmcvMjAwMC9zdmciPjwvc3ZnPg==\" style=\"--smush-placeholder-width: 300px; --smush-placeholder-aspect-ratio: 300\/169;\" \/>Asimismo, extendi\u00f3 una invitaci\u00f3n a las marcas que deseen contribuir al cuidado de la madre y el reci\u00e9n nacido a unirse a estas iniciativas, fortaleciendo el apoyo comunitario y profesional en torno a la maternidad.<\/p>\n<p>Para m\u00e1s informaci\u00f3n, pueden seguir a la Dra. Irka Pe\u00f1a en sus redes sociales @drairkawp y visitar sus consultorios en Torre Medicalnet A, piso 4, suite 404, y Torre Profesional Pereyca, piso 3, suite 305.<\/p>\n<p>Fuente: Ruth Ocumarez<\/p>\n","protected":false},"excerpt":{"rendered":"<p>El pasado s\u00e1bado 6 de julio, el restaurante La Locanda de Piantini fue el escenario<\/p>\n","protected":false},"author":2,"featured_media":0,"comment_status":"open","ping_status":"open","sticky":false,"template":"","format":"standard","meta":{"footnotes":""},"categories":[7],"tags":[],"class_list":["post-20366","post","type-post","status-publish","format-standard","hentry","category-nacionales"],"_links":{"self":[{"href":"https:\/\/defrentealaverdad.com\/index.php\/wp-json\/wp\/v2\/posts\/20366","targetHints":{"allow":["GET"]}}],"collection":[{"href":"https:\/\/defrentealaverdad.com\/index.php\/wp-json\/wp\/v2\/posts"}],"about":[{"href":"https:\/\/defrentealaverdad.com\/index.php\/wp-json\/wp\/v2\/types\/post"}],"author":[{"embeddable":true,"href":"https:\/\/defrentealaverdad.com\/index.php\/wp-json\/wp\/v2\/users\/2"}],"replies":[{"embeddable":true,"href":"https:\/\/defrentealaverdad.com\/index.php\/wp-json\/wp\/v2\/comments?post=20366"}],"version-history":[{"count":1,"href":"https:\/\/defrentealaverdad.com\/index.php\/wp-json\/wp\/v2\/posts\/20366\/revisions"}],"predecessor-version":[{"id":20369,"href":"https:\/\/defrentealaverdad.com\/index.php\/wp-json\/wp\/v2\/posts\/20366\/revisions\/20369"}],"wp:attachment":[{"href":"https:\/\/defrentealaverdad.com\/index.php\/wp-json\/wp\/v2\/media?parent=20366"}],"wp:term":[{"taxonomy":"category","embeddable":true,"href":"https:\/\/defrentealaverdad.com\/index.php\/wp-json\/wp\/v2\/categories?post=20366"},{"taxonomy":"post_tag","embeddable":true,"href":"https:\/\/defrentealaverdad.com\/index.php\/wp-json\/wp\/v2\/tags?post=20366"}],"curies":[{"name":"wp","href":"https:\/\/api.w.org\/{rel}","templated":true}]}}