{"id":2036,"date":"2022-11-03T18:53:02","date_gmt":"2022-11-03T18:53:02","guid":{"rendered":"https:\/\/defrentealaverdad.com\/?p=2036"},"modified":"2022-11-03T18:53:02","modified_gmt":"2022-11-03T18:53:02","slug":"adococ-recibe-nuevos-miembros-en-santo-domingo","status":"publish","type":"post","link":"https:\/\/defrentealaverdad.com\/index.php\/2022\/11\/03\/adococ-recibe-nuevos-miembros-en-santo-domingo\/","title":{"rendered":"ADOCOC recibe nuevos miembros en Santo Domingo"},"content":{"rendered":"<p style=\"text-align: justify;\"><img decoding=\"async\" class=\"wp-image-2038 aligncenter lazyload\" data-src=\"https:\/\/defrentealaverdad.com\/wp-content\/uploads\/2022\/11\/IMG_5078-2-1-300x200.jpg\" alt=\"\" width=\"401\" height=\"267\" data-srcset=\"https:\/\/defrentealaverdad.com\/wp-content\/uploads\/2022\/11\/IMG_5078-2-1-300x200.jpg 300w, https:\/\/defrentealaverdad.com\/wp-content\/uploads\/2022\/11\/IMG_5078-2-1-1024x683.jpg 1024w, https:\/\/defrentealaverdad.com\/wp-content\/uploads\/2022\/11\/IMG_5078-2-1-768x512.jpg 768w, https:\/\/defrentealaverdad.com\/wp-content\/uploads\/2022\/11\/IMG_5078-2-1-1536x1024.jpg 1536w, https:\/\/defrentealaverdad.com\/wp-content\/uploads\/2022\/11\/IMG_5078-2-1-2048x1365.jpg 2048w\" data-sizes=\"(max-width: 401px) 100vw, 401px\" src=\"data:image\/svg+xml;base64,PHN2ZyB3aWR0aD0iMSIgaGVpZ2h0PSIxIiB4bWxucz0iaHR0cDovL3d3dy53My5vcmcvMjAwMC9zdmciPjwvc3ZnPg==\" style=\"--smush-placeholder-width: 401px; --smush-placeholder-aspect-ratio: 401\/267;\" \/><\/p>\n<p style=\"text-align: justify;\"><strong>Santo Domingo. &#8211;<\/strong>\u00a0 Con la finalidad de continuar fortaleciendo la instituci\u00f3n y acoger los profesionales cristianos que ejercen la comunicaci\u00f3n, la<strong>\u00a0Asociaci\u00f3n Dominicana de Comunicadores Cristianos (ADOCOC)<\/strong>\u00a0jurament\u00f3 nuevos miembros pertenecientes a<strong>\u00a0Santo Domingo, Boca Chica, Hato Mayor y San Juan de la Maguana.<\/strong><\/p>\n<p style=\"text-align: justify;\">\n<p style=\"text-align: justify;\">La actividad de bienvenida fue realizada en las oficinas de ADOCOC en Santo Domingo y estuvo encabezada por\u00a0Erika Oviedo, presidente nacional de\u00a0<strong>ADOCOC<\/strong><strong>. <\/strong>\u201cPara esta gesti\u00f3n, es de gran gozo poder darles la bienvenida el d\u00eda de hoy a esta gran familia de comunicadores cristianos. Con ustedes, nuestra instituci\u00f3n crece, se fortalece y se expande\u201d, <em>manifest\u00f3 la presidente a la nueva membres\u00eda. <\/em>Adem\u00e1s de la presidente nacional, la actividad cont\u00f3 con la asistencia de Dennys Richard, secretario general de ADOCOC; Ivelise Lantigua, Relacionista P\u00fablica; e Hirbin Manzueta, vocal; quienes ofrecieron c\u00e1lidas palabras de bienvenida a los profesionales reci\u00e9n integrados.<\/p>\n<p style=\"text-align: justify;\"><strong>\u00a0<\/strong>Los nuevos miembros son:\u00a0\u00a0Rodolfo Evangelista, C\u00e9sar Sosa, Cristhian Mateo, Elsa M\u00e9ndez, Arayency Emiliano, Gustavo Villalona, Audilin Ubiera e Ismael Casilla. Adem\u00e1s, Maritza del Rosario, Saskia Ochoa, Rudial Cabrera, Julia S\u00e1nchez, Ana Cabrera, Fernando Belliard y Mirla Hernandez. As\u00ed como tambi\u00e9n, Nhayide Mej\u00eda, Milagros Pujols, Elvin Romero y H\u00e9ctor Galv\u00e1n. Adem\u00e1s de la bienvenida, los nuevos integrantes recibieron el taller de inducci\u00f3n para conocer m\u00e1s detalles sobre la asociaci\u00f3n, as\u00ed como los derechos y deberes que asumen como miembros de ADOCOC. En adici\u00f3n a esto, fueron dotados de sus carnets de identificaci\u00f3n que los acreditan como miembros de la entidad y les faculta para participar de todas las capacitaciones, planes y actividades que la instituci\u00f3n lleva a cabo.<\/p>\n<p style=\"text-align: justify;\">\n<p style=\"text-align: justify;\"><strong>Sobre ADOCOC<\/strong><\/p>\n<p style=\"text-align: justify;\">\n<p style=\"text-align: justify;\">La Asociaci\u00f3n Dominicana de Comunicadores Cristianos (ADOCOC) fue fundada en el 15 de diciembre de 2006, tiene como objetivo agrupar y unificar a los comunicadores dominicanos que profesan la fe en Jesucristo.<\/p>\n<p style=\"text-align: justify;\">Para m\u00e1s informaci\u00f3n sobre el quehacer institucional de ADOCOC, comunicarse al\u00a0<strong>Depto. Comunicaciones ADOCOC,\u00a0<\/strong>Contacto: 809 366-1878<\/p>\n<p style=\"text-align: justify;\">\n","protected":false},"excerpt":{"rendered":"<p>Santo Domingo. &#8211;\u00a0 Con la finalidad de continuar fortaleciendo la instituci\u00f3n y acoger los profesionales<\/p>\n","protected":false},"author":2,"featured_media":0,"comment_status":"open","ping_status":"open","sticky":false,"template":"","format":"standard","meta":{"footnotes":""},"categories":[6,7],"tags":[],"class_list":["post-2036","post","type-post","status-publish","format-standard","hentry","category-espectaculos","category-nacionales"],"_links":{"self":[{"href":"https:\/\/defrentealaverdad.com\/index.php\/wp-json\/wp\/v2\/posts\/2036","targetHints":{"allow":["GET"]}}],"collection":[{"href":"https:\/\/defrentealaverdad.com\/index.php\/wp-json\/wp\/v2\/posts"}],"about":[{"href":"https:\/\/defrentealaverdad.com\/index.php\/wp-json\/wp\/v2\/types\/post"}],"author":[{"embeddable":true,"href":"https:\/\/defrentealaverdad.com\/index.php\/wp-json\/wp\/v2\/users\/2"}],"replies":[{"embeddable":true,"href":"https:\/\/defrentealaverdad.com\/index.php\/wp-json\/wp\/v2\/comments?post=2036"}],"version-history":[{"count":1,"href":"https:\/\/defrentealaverdad.com\/index.php\/wp-json\/wp\/v2\/posts\/2036\/revisions"}],"predecessor-version":[{"id":2039,"href":"https:\/\/defrentealaverdad.com\/index.php\/wp-json\/wp\/v2\/posts\/2036\/revisions\/2039"}],"wp:attachment":[{"href":"https:\/\/defrentealaverdad.com\/index.php\/wp-json\/wp\/v2\/media?parent=2036"}],"wp:term":[{"taxonomy":"category","embeddable":true,"href":"https:\/\/defrentealaverdad.com\/index.php\/wp-json\/wp\/v2\/categories?post=2036"},{"taxonomy":"post_tag","embeddable":true,"href":"https:\/\/defrentealaverdad.com\/index.php\/wp-json\/wp\/v2\/tags?post=2036"}],"curies":[{"name":"wp","href":"https:\/\/api.w.org\/{rel}","templated":true}]}}