{"id":20298,"date":"2024-07-13T01:19:00","date_gmt":"2024-07-13T01:19:00","guid":{"rendered":"https:\/\/defrentealaverdad.com\/?p=20298"},"modified":"2024-07-13T01:22:16","modified_gmt":"2024-07-13T01:22:16","slug":"primavera-que-contagia-festival-de-las-flores-declara-al-presidente-luis-abinader-y-a-la-primera-dama-raquel-arbaje-como-padrinos","status":"publish","type":"post","link":"https:\/\/defrentealaverdad.com\/index.php\/2024\/07\/13\/primavera-que-contagia-festival-de-las-flores-declara-al-presidente-luis-abinader-y-a-la-primera-dama-raquel-arbaje-como-padrinos\/","title":{"rendered":"Primavera que contagia ! Festival de las Flores declara al presidente Luis Abinader y a la primera dama Raquel Arbaje como padrinos."},"content":{"rendered":"<blockquote>\n<p style=\"text-align: justify;\">El \u00abFestival de las Flores\u00bb en Jarabacoa promueve la conciencia ciudadana y ambiental.<\/p>\n<\/blockquote>\n<p style=\"text-align: justify;\">En el municipio de Jarabacoa, Rep\u00fablica Dominicana, el \u00abFestival de las Flores\u00bb ha impactado tanto en la econom\u00eda como en la imagen positiva del municipio, convirti\u00e9ndose en una marca representativa de la localidad. Ha generado conciencia ciudadana sobre la preservaci\u00f3n del medio ambiente.<\/p>\n<p><img decoding=\"async\" class=\"size-medium wp-image-20300 alignleft lazyload\" data-src=\"https:\/\/defrentealaverdad.com\/wp-content\/uploads\/2024\/07\/IMG-20240712-WA0158-300x200.jpg\" alt=\"\" width=\"300\" height=\"200\" data-srcset=\"https:\/\/defrentealaverdad.com\/wp-content\/uploads\/2024\/07\/IMG-20240712-WA0158-300x200.jpg 300w, https:\/\/defrentealaverdad.com\/wp-content\/uploads\/2024\/07\/IMG-20240712-WA0158-1024x683.jpg 1024w, https:\/\/defrentealaverdad.com\/wp-content\/uploads\/2024\/07\/IMG-20240712-WA0158-768x512.jpg 768w, https:\/\/defrentealaverdad.com\/wp-content\/uploads\/2024\/07\/IMG-20240712-WA0158-1536x1024.jpg 1536w, https:\/\/defrentealaverdad.com\/wp-content\/uploads\/2024\/07\/IMG-20240712-WA0158-2048x1366.jpg 2048w\" data-sizes=\"(max-width: 300px) 100vw, 300px\" src=\"data:image\/svg+xml;base64,PHN2ZyB3aWR0aD0iMSIgaGVpZ2h0PSIxIiB4bWxucz0iaHR0cDovL3d3dy53My5vcmcvMjAwMC9zdmciPjwvc3ZnPg==\" style=\"--smush-placeholder-width: 300px; --smush-placeholder-aspect-ratio: 300\/200;\" \/><\/p>\n<p style=\"text-align: justify;\">Que tiene como objetivos el festival de las Flores es fomentar la diversidad en \u00e1reas como la floricultura, la ornamentaci\u00f3n, la agricultura, y el respeto por la naturaleza y los animales. Presentan talleres, exposiciones y concursos para lograr transformaciones favorables en los visitantes y convertirlos en promotores de este evento que es marca pa\u00eds.<\/p>\n<p style=\"text-align: justify;\">Mercedes P\u00e9rez (Milly), presidenta del Festival de las Flores, declar\u00f3: \u00abAl presidente Luis Abinader y Raquel Arbaje como padrinos del Festival de las Flores por hacer acto de presencia y valorar este esfuerzo en la promoci\u00f3n de valores c\u00edvicos, conciencia ciudadana, cultura y turismo tanto nacional como internacional en nuestro municipio de Jarabacoa, y en toda la Rep\u00fablica Dominicana\u00bb.<\/p>\n<p><img decoding=\"async\" class=\"size-medium wp-image-20302 alignleft lazyload\" data-src=\"https:\/\/defrentealaverdad.com\/wp-content\/uploads\/2024\/07\/IMG-20240712-WA0162-300x225.jpg\" alt=\"\" width=\"300\" height=\"225\" data-srcset=\"https:\/\/defrentealaverdad.com\/wp-content\/uploads\/2024\/07\/IMG-20240712-WA0162-300x225.jpg 300w, https:\/\/defrentealaverdad.com\/wp-content\/uploads\/2024\/07\/IMG-20240712-WA0162-1024x768.jpg 1024w, https:\/\/defrentealaverdad.com\/wp-content\/uploads\/2024\/07\/IMG-20240712-WA0162-768x576.jpg 768w, https:\/\/defrentealaverdad.com\/wp-content\/uploads\/2024\/07\/IMG-20240712-WA0162-1536x1152.jpg 1536w, https:\/\/defrentealaverdad.com\/wp-content\/uploads\/2024\/07\/IMG-20240712-WA0162-720x540.jpg 720w, https:\/\/defrentealaverdad.com\/wp-content\/uploads\/2024\/07\/IMG-20240712-WA0162.jpg 1600w\" data-sizes=\"(max-width: 300px) 100vw, 300px\" src=\"data:image\/svg+xml;base64,PHN2ZyB3aWR0aD0iMSIgaGVpZ2h0PSIxIiB4bWxucz0iaHR0cDovL3d3dy53My5vcmcvMjAwMC9zdmciPjwvc3ZnPg==\" style=\"--smush-placeholder-width: 300px; --smush-placeholder-aspect-ratio: 300\/225;\" \/><\/p>\n<p style=\"text-align: justify;\">Adem\u00e1s, Mercedes P\u00e9rez motiv\u00f3 a iniciar la colocaci\u00f3n de flores en cada casa o negocio del municipio de Jarabacoa, generando as\u00ed un agradecimiento a la naturaleza por el clima que disfrutan los habitantes de Jarabacoa y sus visitantes.<\/p>\n<p style=\"text-align: justify;\">La producci\u00f3n de la floricultura es una realidad palpable, por ello, los organizadores del evento promueven concursos de belleza y otras actividades para crear una cultura en los ni\u00f1os, adolescentes, j\u00f3venes, adultos y envejecientes, fomentando el compromiso con nuestro entorno para preservar esta agradable temperatura caracter\u00edstica que atrae el desarrollo econ\u00f3mico y social al municipio de Jarabacoa.<\/p>\n<p><img decoding=\"async\" class=\"size-medium wp-image-20303 alignright lazyload\" data-src=\"https:\/\/defrentealaverdad.com\/wp-content\/uploads\/2024\/07\/IMG-20240712-WA0160-300x225.jpg\" alt=\"\" width=\"300\" height=\"225\" data-srcset=\"https:\/\/defrentealaverdad.com\/wp-content\/uploads\/2024\/07\/IMG-20240712-WA0160-300x225.jpg 300w, https:\/\/defrentealaverdad.com\/wp-content\/uploads\/2024\/07\/IMG-20240712-WA0160-1024x768.jpg 1024w, https:\/\/defrentealaverdad.com\/wp-content\/uploads\/2024\/07\/IMG-20240712-WA0160-768x576.jpg 768w, https:\/\/defrentealaverdad.com\/wp-content\/uploads\/2024\/07\/IMG-20240712-WA0160-720x540.jpg 720w, https:\/\/defrentealaverdad.com\/wp-content\/uploads\/2024\/07\/IMG-20240712-WA0160.jpg 1280w\" data-sizes=\"(max-width: 300px) 100vw, 300px\" src=\"data:image\/svg+xml;base64,PHN2ZyB3aWR0aD0iMSIgaGVpZ2h0PSIxIiB4bWxucz0iaHR0cDovL3d3dy53My5vcmcvMjAwMC9zdmciPjwvc3ZnPg==\" style=\"--smush-placeholder-width: 300px; --smush-placeholder-aspect-ratio: 300\/225;\" \/><\/p>\n<p style=\"text-align: justify;\">La agenda del Festival de las Flores incluye exposiciones abiertas al p\u00fablico de flores, artesan\u00edas, pinturas realizadas por artistas locales, paneles sobre historia y cultura, elaboraci\u00f3n de platos t\u00edpicos, ventas de productos y servicios, concursos de bailes, as\u00ed como una experiencia llena de adrenalina con circuitos de aventura como zipline y \u00e1reas infantiles.<\/p>\n<p style=\"text-align: justify;\">El Festival de las Flores ofrece espacio para la competencia de caballos de paso fino y su <img decoding=\"async\" class=\"size-medium wp-image-20304 alignleft lazyload\" data-src=\"https:\/\/defrentealaverdad.com\/wp-content\/uploads\/2024\/07\/IMG-20240712-WA0159-300x200.jpg\" alt=\"\" width=\"300\" height=\"200\" data-srcset=\"https:\/\/defrentealaverdad.com\/wp-content\/uploads\/2024\/07\/IMG-20240712-WA0159-300x200.jpg 300w, https:\/\/defrentealaverdad.com\/wp-content\/uploads\/2024\/07\/IMG-20240712-WA0159-1024x683.jpg 1024w, https:\/\/defrentealaverdad.com\/wp-content\/uploads\/2024\/07\/IMG-20240712-WA0159-768x512.jpg 768w, https:\/\/defrentealaverdad.com\/wp-content\/uploads\/2024\/07\/IMG-20240712-WA0159-1536x1024.jpg 1536w, https:\/\/defrentealaverdad.com\/wp-content\/uploads\/2024\/07\/IMG-20240712-WA0159-2048x1366.jpg 2048w\" data-sizes=\"(max-width: 300px) 100vw, 300px\" src=\"data:image\/svg+xml;base64,PHN2ZyB3aWR0aD0iMSIgaGVpZ2h0PSIxIiB4bWxucz0iaHR0cDovL3d3dy53My5vcmcvMjAwMC9zdmciPjwvc3ZnPg==\" style=\"--smush-placeholder-width: 300px; --smush-placeholder-aspect-ratio: 300\/200;\" \/>tradicional desfile de la Flor que recorre la avenida Norberto Tiburcio entre los parques Yunior y La Confluencia, destac\u00e1ndose en la presentaci\u00f3n art\u00edstica con ritmos de merengue, bachata, salsa, bolero, balada y son, hasta finalizar cada noche con presentaciones de artistas como Nin\u00ed Cafaro, Grupo Maniel Pedro Fortunato, Chiquito Team Band, Generaci\u00f3n T\u00edpica, recitales de poes\u00eda, presentaciones folcl\u00f3ricas y muchas sorpresas para los asistentes.<\/p>\n<p>Fuente: Equipo Mercedes P\u00e9rez<\/p>\n","protected":false},"excerpt":{"rendered":"<p>El \u00abFestival de las Flores\u00bb en Jarabacoa promueve la conciencia ciudadana y ambiental. En el<\/p>\n","protected":false},"author":4,"featured_media":0,"comment_status":"open","ping_status":"open","sticky":false,"template":"","format":"standard","meta":{"footnotes":""},"categories":[7],"tags":[],"class_list":["post-20298","post","type-post","status-publish","format-standard","hentry","category-nacionales"],"_links":{"self":[{"href":"https:\/\/defrentealaverdad.com\/index.php\/wp-json\/wp\/v2\/posts\/20298","targetHints":{"allow":["GET"]}}],"collection":[{"href":"https:\/\/defrentealaverdad.com\/index.php\/wp-json\/wp\/v2\/posts"}],"about":[{"href":"https:\/\/defrentealaverdad.com\/index.php\/wp-json\/wp\/v2\/types\/post"}],"author":[{"embeddable":true,"href":"https:\/\/defrentealaverdad.com\/index.php\/wp-json\/wp\/v2\/users\/4"}],"replies":[{"embeddable":true,"href":"https:\/\/defrentealaverdad.com\/index.php\/wp-json\/wp\/v2\/comments?post=20298"}],"version-history":[{"count":3,"href":"https:\/\/defrentealaverdad.com\/index.php\/wp-json\/wp\/v2\/posts\/20298\/revisions"}],"predecessor-version":[{"id":20305,"href":"https:\/\/defrentealaverdad.com\/index.php\/wp-json\/wp\/v2\/posts\/20298\/revisions\/20305"}],"wp:attachment":[{"href":"https:\/\/defrentealaverdad.com\/index.php\/wp-json\/wp\/v2\/media?parent=20298"}],"wp:term":[{"taxonomy":"category","embeddable":true,"href":"https:\/\/defrentealaverdad.com\/index.php\/wp-json\/wp\/v2\/categories?post=20298"},{"taxonomy":"post_tag","embeddable":true,"href":"https:\/\/defrentealaverdad.com\/index.php\/wp-json\/wp\/v2\/tags?post=20298"}],"curies":[{"name":"wp","href":"https:\/\/api.w.org\/{rel}","templated":true}]}}